{"id":9702,"date":"2017-12-22T20:38:35","date_gmt":"2017-12-22T18:38:35","guid":{"rendered":"http:\/\/www.baglyasalja.hu\/baglyas\/?p=9702"},"modified":"2017-12-22T20:38:35","modified_gmt":"2017-12-22T18:38:35","slug":"kiallitas-megnyito-7","status":"publish","type":"post","link":"https:\/\/www.baglyasalja.hu\/baglyas\/?p=9702","title":{"rendered":"Ki\u00e1ll\u00edt\u00e1s megnyit\u00f3"},"content":{"rendered":"<p>Szentp\u00e9tery Ildik\u00f3 fot\u00f3ib\u00f3l ny\u00edlt meg a Baglyask\u0151 Gal\u00e9ria 62. ki\u00e1ll\u00edt\u00e1sa. H\u00e1ziasszonyk\u00e9nt most is Holecz Istv\u00e1nn\u00e9 igazgat\u00f3 asszony k\u00f6sz\u00f6nt\u00f6tte a k\u00f6z\u00f6ns\u00e9get, bar\u00e1tokat, vend\u00e9geket, a Baglyask\u0151 Id\u0151sek Otthona lak\u00f3it, munkat\u00e1rsait. A k\u00e9peket Somosk\u0151i Emese porcel\u00e1nfest\u0151 \u2013 a Gal\u00e9ria kor\u00e1bbi ki\u00e1ll\u00edt\u00f3ja \u2013 aj\u00e1nlotta az \u00e9rdekl\u0151d\u0151k figyelm\u00e9be. Most a trombita bemutat\u00e1s\u00e1ra ker\u00fclt sor. Ebben P\u00e1d\u00e1r B\u00e1lint \u00e9s Szab\u00f3 Keve, Szab\u00f3 Istv\u00e1n tan\u00e1r \u00far tan\u00edtv\u00e1nyai, seg\u00edtettek. Trombitaj\u00e1t\u00e9kukat Szab\u00f3 Istv\u00e1nn\u00e9 k\u00eds\u00e9rte az aj\u00e1nd\u00e9kba kapott zongor\u00e1n.<\/p>\n<p style=\"text-align: right;\"><em>Fot\u00f3: Lethenyei L\u00e1szl\u00f3, Szilasi Andr\u00e1s<\/em><\/p>\n<p>[ngg_images source=&#8221;galleries&#8221; container_ids=&#8221;260&#8243; display_type=&#8221;photocrati-nextgen_basic_thumbnails&#8221; override_thumbnail_settings=&#8221;0&#8243; thumbnail_width=&#8221;100&#8243; thumbnail_height=&#8221;75&#8243; thumbnail_crop=&#8221;1&#8243; images_per_page=&#8221;0&#8243; number_of_columns=&#8221;0&#8243; ajax_pagination=&#8221;1&#8243; show_all_in_lightbox=&#8221;0&#8243; use_imagebrowser_effect=&#8221;1&#8243; show_slideshow_link=&#8221;1&#8243; slideshow_link_text=&#8221;[Diavet\u00edt\u00e9s]&#8221; order_by=&#8221;filename&#8221; order_direction=&#8221;ASC&#8221; returns=&#8221;included&#8221; maximum_entity_count=&#8221;500&#8243;]<\/p>\n","protected":false},"excerpt":{"rendered":"<p>Szentp\u00e9tery Ildik\u00f3 fot\u00f3ib\u00f3l ny\u00edlt meg a Baglyask\u0151 Gal\u00e9ria 62. ki\u00e1ll\u00edt\u00e1sa. H\u00e1ziasszonyk\u00e9nt most is Holecz Istv\u00e1nn\u00e9 igazgat\u00f3 asszony k\u00f6sz\u00f6nt\u00f6tte a k\u00f6z\u00f6ns\u00e9get, bar\u00e1tokat, vend\u00e9geket, a Baglyask\u0151 Id\u0151sek Otthona lak\u00f3it, munkat\u00e1rsait. A k\u00e9peket Somosk\u0151i Emese porcel\u00e1nfest\u0151 \u2013&#46;&#46;&#46;<\/p>\n","protected":false},"author":1,"featured_media":9753,"comment_status":"open","ping_status":"open","sticky":false,"template":"","format":"standard","meta":{"footnotes":""},"categories":[1],"tags":[],"class_list":["post-9702","post","type-post","status-publish","format-standard","has-post-thumbnail","hentry","category-baglyasalja"],"_links":{"self":[{"href":"https:\/\/www.baglyasalja.hu\/baglyas\/index.php?rest_route=\/wp\/v2\/posts\/9702","targetHints":{"allow":["GET"]}}],"collection":[{"href":"https:\/\/www.baglyasalja.hu\/baglyas\/index.php?rest_route=\/wp\/v2\/posts"}],"about":[{"href":"https:\/\/www.baglyasalja.hu\/baglyas\/index.php?rest_route=\/wp\/v2\/types\/post"}],"author":[{"embeddable":true,"href":"https:\/\/www.baglyasalja.hu\/baglyas\/index.php?rest_route=\/wp\/v2\/users\/1"}],"replies":[{"embeddable":true,"href":"https:\/\/www.baglyasalja.hu\/baglyas\/index.php?rest_route=%2Fwp%2Fv2%2Fcomments&post=9702"}],"version-history":[{"count":0,"href":"https:\/\/www.baglyasalja.hu\/baglyas\/index.php?rest_route=\/wp\/v2\/posts\/9702\/revisions"}],"wp:featuredmedia":[{"embeddable":true,"href":"https:\/\/www.baglyasalja.hu\/baglyas\/index.php?rest_route=\/wp\/v2\/media\/9753"}],"wp:attachment":[{"href":"https:\/\/www.baglyasalja.hu\/baglyas\/index.php?rest_route=%2Fwp%2Fv2%2Fmedia&parent=9702"}],"wp:term":[{"taxonomy":"category","embeddable":true,"href":"https:\/\/www.baglyasalja.hu\/baglyas\/index.php?rest_route=%2Fwp%2Fv2%2Fcategories&post=9702"},{"taxonomy":"post_tag","embeddable":true,"href":"https:\/\/www.baglyasalja.hu\/baglyas\/index.php?rest_route=%2Fwp%2Fv2%2Ftags&post=9702"}],"curies":[{"name":"wp","href":"https:\/\/api.w.org\/{rel}","templated":true}]}}