{"id":968,"date":"2010-12-25T11:06:19","date_gmt":"2010-12-25T09:06:19","guid":{"rendered":"http:\/\/www.baglyasalja.hu\/baglyas\/?p=968"},"modified":"2010-12-26T21:48:43","modified_gmt":"2010-12-26T19:48:43","slug":"%e2%80%9emi-van-a-karacsonyfa-alatt%e2%80%9d","status":"publish","type":"post","link":"https:\/\/www.baglyasalja.hu\/baglyas\/?p=968","title":{"rendered":"\u201eMi van a kar\u00e1csonyfa alatt\u201d"},"content":{"rendered":"<p>Szent\u00edr\u00e1si id\u00e9zetek, a szeretetr\u0151l sz\u00f3l\u00f3 b\u00f6lcsess\u00e9gek, versek, dalok, aj\u00e1nd\u00e9kok, finom falatok, n\u00e9h\u00e1ny korty krampampuli alapozta meg az igazi \u00fcnnepv\u00e1r\u00f3 hangulatot a Bar\u00e1ti K\u00f6r kar\u00e1csonyk\u00f6sz\u00f6nt\u0151 \u00f6sszej\u00f6vetel\u00e9n.<br \/>\n<img decoding=\"async\" class=\"alignnone\" src=\"http:\/\/www.baglyasalja.hu\/baglyas\/wp-content\/gallery\/101220A\/101220A_011.jpg\" alt=\"\" \/><\/p>\n<p><img decoding=\"async\" class=\"alignnone\" src=\"http:\/\/www.baglyasalja.hu\/baglyas\/wp-content\/gallery\/101220A\/101220A_018.jpg\" alt=\"\" \/><\/p>\n<p><img decoding=\"async\" class=\"alignnone\" src=\"http:\/\/www.baglyasalja.hu\/baglyas\/wp-content\/gallery\/101220A\/101220A_022.jpg\" alt=\"\" \/><\/p>\n<p><img decoding=\"async\" class=\"alignnone\" src=\"http:\/\/www.baglyasalja.hu\/baglyas\/wp-content\/gallery\/101220A\/101220A_026.jpg\" alt=\"\" \/><\/p>\n<p><img decoding=\"async\" class=\"alignnone\" src=\"http:\/\/www.baglyasalja.hu\/baglyas\/wp-content\/gallery\/101220A\/101220A_032.jpg\" alt=\"\" \/><\/p>\n<p><img decoding=\"async\" class=\"alignnone\" src=\"http:\/\/www.baglyasalja.hu\/baglyas\/wp-content\/gallery\/101220A\/101220A_052.jpg\" alt=\"\" \/><\/p>\n<p><img decoding=\"async\" class=\"alignnone\" src=\"http:\/\/www.baglyasalja.hu\/baglyas\/wp-content\/gallery\/101220A\/101220A_054.jpg\" alt=\"\" \/><\/p>\n<p><strong>Tov\u00e1bbi k\u00e9pek:<!--more--><\/strong><\/p>\n<p><strong>[nggallery id=96]<\/strong><\/p>\n","protected":false},"excerpt":{"rendered":"<p>Szent\u00edr\u00e1si id\u00e9zetek, a szeretetr\u0151l sz\u00f3l\u00f3 b\u00f6lcsess\u00e9gek, versek, dalok, aj\u00e1nd\u00e9kok, finom falatok, n\u00e9h\u00e1ny korty krampampuli alapozta meg az igazi \u00fcnnepv\u00e1r\u00f3 hangulatot a Bar\u00e1ti K\u00f6r kar\u00e1csonyk\u00f6sz\u00f6nt\u0151 \u00f6sszej\u00f6vetel\u00e9n. Tov\u00e1bbi k\u00e9pek:<\/p>\n","protected":false},"author":1,"featured_media":0,"comment_status":"open","ping_status":"open","sticky":false,"template":"","format":"standard","meta":{"footnotes":""},"categories":[1],"tags":[],"class_list":["post-968","post","type-post","status-publish","format-standard","hentry","category-baglyasalja"],"_links":{"self":[{"href":"https:\/\/www.baglyasalja.hu\/baglyas\/index.php?rest_route=\/wp\/v2\/posts\/968","targetHints":{"allow":["GET"]}}],"collection":[{"href":"https:\/\/www.baglyasalja.hu\/baglyas\/index.php?rest_route=\/wp\/v2\/posts"}],"about":[{"href":"https:\/\/www.baglyasalja.hu\/baglyas\/index.php?rest_route=\/wp\/v2\/types\/post"}],"author":[{"embeddable":true,"href":"https:\/\/www.baglyasalja.hu\/baglyas\/index.php?rest_route=\/wp\/v2\/users\/1"}],"replies":[{"embeddable":true,"href":"https:\/\/www.baglyasalja.hu\/baglyas\/index.php?rest_route=%2Fwp%2Fv2%2Fcomments&post=968"}],"version-history":[{"count":0,"href":"https:\/\/www.baglyasalja.hu\/baglyas\/index.php?rest_route=\/wp\/v2\/posts\/968\/revisions"}],"wp:attachment":[{"href":"https:\/\/www.baglyasalja.hu\/baglyas\/index.php?rest_route=%2Fwp%2Fv2%2Fmedia&parent=968"}],"wp:term":[{"taxonomy":"category","embeddable":true,"href":"https:\/\/www.baglyasalja.hu\/baglyas\/index.php?rest_route=%2Fwp%2Fv2%2Fcategories&post=968"},{"taxonomy":"post_tag","embeddable":true,"href":"https:\/\/www.baglyasalja.hu\/baglyas\/index.php?rest_route=%2Fwp%2Fv2%2Ftags&post=968"}],"curies":[{"name":"wp","href":"https:\/\/api.w.org\/{rel}","templated":true}]}}