{"id":9241,"date":"2017-08-24T08:23:33","date_gmt":"2017-08-24T06:23:33","guid":{"rendered":"http:\/\/www.baglyasalja.hu\/baglyas\/?p=9241"},"modified":"2017-08-24T08:23:33","modified_gmt":"2017-08-24T06:23:33","slug":"filius-balazs-kiallitasa","status":"publish","type":"post","link":"https:\/\/www.baglyasalja.hu\/baglyas\/?p=9241","title":{"rendered":"Filius Bal\u00e1zs ki\u00e1ll\u00edt\u00e1sa"},"content":{"rendered":"<p style=\"text-align: left;\">A k\u00f6zelm\u00faltban ny\u00edlt meg \u00e9s szeptember 15-ig minden nap \u2013 teh\u00e1t a h\u00e9tv\u00e9geken is \u2013 megtekinthet\u0151 Filius Bal\u00e1zs term\u00e9szetfot\u00f3ib\u00f3l v\u00e1logatott k\u00e9pek ki\u00e1ll\u00edt\u00e1sa a Baglyask\u0151 Gal\u00e9ri\u00e1ban. A rendez\u0151 a fot\u00f3kat hat fejezetbe csoportos\u00edtotta: \u201eAkkor sz\u00e9p az erd\u0151\u2026\u201d, Az erd\u0151 \u00e1llatai, Felh\u0151k f\u00f6l\u00f6tt, Erd\u0151k-patakok, N\u00f6v\u00e9nyek k\u00f6zelr\u0151l, \u00c1llatok a h\u00f3ban. A c\u00edmek \u00f6sszek\u00f6tik az egym\u00e1shoz k\u00f6zeli k\u00e9peket. F\u00e1bi\u00e1n Istv\u00e1nn\u00e9 igazgat\u00f3helyettes a gal\u00e9ri\u00e1t befogad\u00f3 int\u00e9zm\u00e9ny dolgoz\u00f3i \u00e9s lak\u00f3i nev\u00e9ben k\u00f6sz\u00f6nt\u00f6tte a megjelenteket. Majd dr. Fancsik J\u00e1nos nyugalmazott f\u0151orvos, fot\u00f3st\u00e1rs, s a ki\u00e1ll\u00edt\u00f3 anyai nagyapja nyitotta meg a t\u00e1rlatot \u00e9s m\u00e9ltatta az alkot\u00f3t. Besz\u00e9lt arr\u00f3l, hogy unok\u00e1ja hogyan ismerkedett meg a f\u00e9nyk\u00e9pez\u00e9ssel, ismerte \u00e9s szerette meg a term\u00e9szetet, term\u00e9szetfot\u00f3z\u00e1st.<br \/>\nA gal\u00e9ri\u00e1t m\u0171k\u00f6dtet\u0151 int\u00e9zm\u00e9ny \u00e9s szervezetek k\u00e9pvisel\u0151i k\u00f6sz\u00f6nt\u00f6tt\u00e9k P. T\u00f3th L\u00e1szl\u00f3t 85. sz\u00fclet\u00e9snapja alkalm\u00e1b\u00f3l, s megk\u00f6sz\u00f6nt\u00e9k azt az anyagi \u00e9s szellemi seg\u00edts\u00e9gek, amit a gal\u00e9ria m\u0171k\u00f6d\u00e9s\u00e9hez t\u0151le kaptak<br \/>\nFolytat\u00f3dott a hangszerek bemutat\u00e1sa is. Most a k\u00fcrt ker\u00fclt sorra. Az AKKORD Koh\u00e1sz F\u00fav\u00f3s Kisegy\u00fcttes tagjai szeml\u00e9letes m\u00f3don mutatt\u00e1k be, hogy \u2013 \u00fcveg, gumics\u0151, \u00f6nt\u00f6z\u0151kanna, stb. \u2013 is alkalma hangk\u00e9pz\u00e9sre. Megsz\u00f3laltattak egy eredeti kis vad\u00e1szk\u00fcrt\u00f6t is. V\u00e9gezet\u00fcl el\u0151ad\u00e1sukban elhangzott Salg\u00f3tarj\u00e1n v\u00e1ross\u00e1 nyilv\u00e1n\u00edt\u00e1sa tisztelet\u00e9re \u00edrt indul\u00f3 is.<\/p>\n<p style=\"text-align: right;\"><em>Fot\u00f3: Gecse L\u00e1szl\u00f3n\u00e9, H\u00e1romn\u00e9 H\u00eddv\u00e9gi Andrea, P. T\u00f3th L\u00e1szl\u00f3<\/em><\/p>\n<p>[ngg_images source=&#8221;galleries&#8221; container_ids=&#8221;254&#8243; exclusions=&#8221;12300&#8243; display_type=&#8221;photocrati-nextgen_basic_thumbnails&#8221; override_thumbnail_settings=&#8221;0&#8243; thumbnail_width=&#8221;100&#8243; thumbnail_height=&#8221;75&#8243; thumbnail_crop=&#8221;1&#8243; images_per_page=&#8221;0&#8243; number_of_columns=&#8221;0&#8243; ajax_pagination=&#8221;1&#8243; show_all_in_lightbox=&#8221;0&#8243; use_imagebrowser_effect=&#8221;1&#8243; show_slideshow_link=&#8221;1&#8243; slideshow_link_text=&#8221;[Diavet\u00edt\u00e9s]&#8221; order_by=&#8221;filename&#8221; order_direction=&#8221;ASC&#8221; returns=&#8221;included&#8221; maximum_entity_count=&#8221;500&#8243;]<\/p>\n<p>[singlepic id=12300 w= h= float=none]<\/p>\n","protected":false},"excerpt":{"rendered":"<p>A k\u00f6zelm\u00faltban ny\u00edlt meg \u00e9s szeptember 15-ig minden nap \u2013 teh\u00e1t a h\u00e9tv\u00e9geken is \u2013 megtekinthet\u0151 Filius Bal\u00e1zs term\u00e9szetfot\u00f3ib\u00f3l v\u00e1logatott k\u00e9pek ki\u00e1ll\u00edt\u00e1sa a Baglyask\u0151 Gal\u00e9ri\u00e1ban. A rendez\u0151 a fot\u00f3kat hat fejezetbe csoportos\u00edtotta: \u201eAkkor sz\u00e9p&#46;&#46;&#46;<\/p>\n","protected":false},"author":1,"featured_media":9331,"comment_status":"open","ping_status":"open","sticky":false,"template":"","format":"standard","meta":{"footnotes":""},"categories":[1],"tags":[],"class_list":["post-9241","post","type-post","status-publish","format-standard","has-post-thumbnail","hentry","category-baglyasalja"],"_links":{"self":[{"href":"https:\/\/www.baglyasalja.hu\/baglyas\/index.php?rest_route=\/wp\/v2\/posts\/9241","targetHints":{"allow":["GET"]}}],"collection":[{"href":"https:\/\/www.baglyasalja.hu\/baglyas\/index.php?rest_route=\/wp\/v2\/posts"}],"about":[{"href":"https:\/\/www.baglyasalja.hu\/baglyas\/index.php?rest_route=\/wp\/v2\/types\/post"}],"author":[{"embeddable":true,"href":"https:\/\/www.baglyasalja.hu\/baglyas\/index.php?rest_route=\/wp\/v2\/users\/1"}],"replies":[{"embeddable":true,"href":"https:\/\/www.baglyasalja.hu\/baglyas\/index.php?rest_route=%2Fwp%2Fv2%2Fcomments&post=9241"}],"version-history":[{"count":0,"href":"https:\/\/www.baglyasalja.hu\/baglyas\/index.php?rest_route=\/wp\/v2\/posts\/9241\/revisions"}],"wp:featuredmedia":[{"embeddable":true,"href":"https:\/\/www.baglyasalja.hu\/baglyas\/index.php?rest_route=\/wp\/v2\/media\/9331"}],"wp:attachment":[{"href":"https:\/\/www.baglyasalja.hu\/baglyas\/index.php?rest_route=%2Fwp%2Fv2%2Fmedia&parent=9241"}],"wp:term":[{"taxonomy":"category","embeddable":true,"href":"https:\/\/www.baglyasalja.hu\/baglyas\/index.php?rest_route=%2Fwp%2Fv2%2Fcategories&post=9241"},{"taxonomy":"post_tag","embeddable":true,"href":"https:\/\/www.baglyasalja.hu\/baglyas\/index.php?rest_route=%2Fwp%2Fv2%2Ftags&post=9241"}],"curies":[{"name":"wp","href":"https:\/\/api.w.org\/{rel}","templated":true}]}}