{"id":797,"date":"2010-05-23T10:12:20","date_gmt":"2010-05-23T08:12:20","guid":{"rendered":"http:\/\/www.baglyasalja.hu\/baglyas\/?p=797"},"modified":"2010-05-25T11:20:27","modified_gmt":"2010-05-25T09:20:27","slug":"xvi-baglyasi-napok-2","status":"publish","type":"post","link":"https:\/\/www.baglyasalja.hu\/baglyas\/?p=797","title":{"rendered":"XVI. Baglyasi Napok"},"content":{"rendered":"<h2>Civil f\u00f3rum: \u201eCivilek \u00e9s a Geopark\u201d<\/h2>\n<p>Tartalmas tan\u00e1cskoz\u00e1sra ker\u00fclt sor m\u00e1jus 22-\u00e9n d\u00e9lel\u0151tt a Di\u00e1kotthon nagyterm\u00e9ben. A r\u00e9sztvev\u0151ket Sz\u00e9kyn\u00e9 dr. Sztr\u00e9mi Melinda polg\u00e1rmester,  orsz\u00e1ggy\u0171l\u00e9si k\u00e9pvisel\u0151 asszony k\u00f6sz\u00f6nt\u00f6tte. Koruhely Tam\u00e1s a N\u00f3gr\u00e1di Geopark Nonprofit Kft. \u00fcgyvezet\u0151 igazgat\u00f3ja bevezet\u0151je ut\u00e1n, a vit\u00e1ban sok hasznos javaslat hangzott el, a Geopark \u00e9s a civilek egy\u00fcttm\u0171k\u00f6d\u00e9s\u00e9hez.<\/p>\n<p><img decoding=\"async\" class=\"alignnone\" src=\"http:\/\/www.baglyasalja.hu\/baglyas\/wp-content\/gallery\/100522\/100522_01.jpg\" alt=\"Baglyasalja\" \/><\/p>\n<p><img decoding=\"async\" class=\"alignnone\" src=\"http:\/\/www.baglyasalja.hu\/baglyas\/wp-content\/gallery\/100522\/100522_02.jpg\" alt=\"Baglyasalja\" \/><\/p>\n<p><img decoding=\"async\" class=\"alignnone\" src=\"http:\/\/www.baglyasalja.hu\/baglyas\/wp-content\/gallery\/100522\/100522_06.jpg\" alt=\"Baglyasalja\" \/><\/p>\n<p><img decoding=\"async\" class=\"alignnone\" src=\"http:\/\/www.baglyasalja.hu\/baglyas\/wp-content\/gallery\/100522\/100522_12.jpg\" alt=\"Baglyasalja\" \/><\/p>\n<p><img decoding=\"async\" class=\"alignnone\" src=\"http:\/\/www.baglyasalja.hu\/baglyas\/wp-content\/gallery\/100522\/100522_16.jpg\" alt=\"Baglyasalja\" \/><\/p>\n<p><img decoding=\"async\" class=\"alignnone\" src=\"http:\/\/www.baglyasalja.hu\/baglyas\/wp-content\/gallery\/100522\/100522_22.jpg\" alt=\"Baglyasalja\" \/><\/p>\n<p><img decoding=\"async\" class=\"alignnone\" src=\"http:\/\/www.baglyasalja.hu\/baglyas\/wp-content\/gallery\/100522\/100522_27.jpg\" alt=\"Baglyasalja\" \/><\/p>\n<p><img decoding=\"async\" class=\"alignnone\" src=\"http:\/\/www.baglyasalja.hu\/baglyas\/wp-content\/gallery\/100522\/100522_32.jpg\" alt=\"Baglyasalja\" \/><\/p>\n<p><img decoding=\"async\" class=\"alignnone\" src=\"http:\/\/www.baglyasalja.hu\/baglyas\/wp-content\/gallery\/100522\/100522_37.jpg\" alt=\"Baglyasalja\" \/><\/p>\n<p><img decoding=\"async\" class=\"alignnone\" src=\"http:\/\/www.baglyasalja.hu\/baglyas\/wp-content\/gallery\/100522\/100522_41.jpg\" alt=\"Baglyasalja\" \/><\/p>\n<p><img decoding=\"async\" class=\"alignnone\" src=\"http:\/\/www.baglyasalja.hu\/baglyas\/wp-content\/gallery\/100522\/100522_59.jpg\" alt=\"Baglyasalja\" \/><\/p>\n<p><strong>Tov\u00e1bbi k\u00e9pek:<\/strong><\/p>\n<p>[autoviewer id=&#8221;82&#8243; width=&#8221;600&#8243; height=&#8221;600&#8243; ]<\/p>\n<h2>\u201eSalg\u00f3tarj\u00e1n Sal\u00e1ta Nagymestere\u201d<\/h2>\n<p>L\u00e1tv\u00e1nyos bemutat\u00f3n v\u00e1lasztotta ki a szak\u00e9rt\u0151 zs\u0171ri a leg\u00edzletesebb \u00e9s legszebb \u201ealkot\u00e1sokat\u201d a verseng\u0151 sal\u00e1ta\u00e9tkek k\u00f6z\u00fcl.<br \/>\nAz els\u0151 helyezett, \u00e9s egyben SALG\u00d3TARJ\u00c1N SAL\u00c1TA NAGYMESTERE c\u00edm tulajdonosa Turcs\u00e1nyi Gerg\u0151.<br \/>\n<img decoding=\"async\" class=\"alignnone\" src=\"http:\/\/www.baglyasalja.hu\/baglyas\/wp-content\/gallery\/100522a\/100522a_03.jpg\" alt=\"Baglyasalja\" \/><\/p>\n<p><img decoding=\"async\" class=\"alignnone\" src=\"http:\/\/www.baglyasalja.hu\/baglyas\/wp-content\/gallery\/100522a\/100522a_06.jpg\" alt=\"Baglyasalja\" \/><\/p>\n<p><img decoding=\"async\" class=\"alignnone\" src=\"http:\/\/www.baglyasalja.hu\/baglyas\/wp-content\/gallery\/100522a\/100522a_12.jpg\" alt=\"Baglyasalja\" \/><\/p>\n<p>Az els\u0151 helyezett, \u00e9s egyben SALG\u00d3TARJ\u00c1N SAL\u00c1TA NAGYMESTERE c\u00edm tulajdonosa Turcs\u00e1nyi Gerg\u0151<\/p>\n<p><img decoding=\"async\" class=\"alignnone\" src=\"http:\/\/www.baglyasalja.hu\/baglyas\/wp-content\/gallery\/100522a\/100522a_26b.jpg\" alt=\"Baglyasalja\" \/><\/p>\n<p>2. helyezett: Turcs\u00e1nyi Attil\u00e1n\u00e9<\/p>\n<p><img decoding=\"async\" class=\"alignnone\" src=\"http:\/\/www.baglyasalja.hu\/baglyas\/wp-content\/gallery\/100522a\/100522a_27.jpg\" alt=\"Baglyasalja\" \/><\/p>\n<p>3. helyezett: R\u00e9p\u00e1sn\u00e9 Szab\u00f3 Katalin<\/p>\n<p><img decoding=\"async\" class=\"alignnone\" src=\"http:\/\/www.baglyasalja.hu\/baglyas\/wp-content\/gallery\/100522a\/100522a_28.jpg\" alt=\"Baglyasalja\" \/><\/p>\n<p>K\u00fcl\u00f6nd\u00edjat kapott: Feket\u00e9n\u00e9 S\u00f6r\u00f6s Erika<\/p>\n<p><img decoding=\"async\" class=\"alignnone\" src=\"http:\/\/www.baglyasalja.hu\/baglyas\/wp-content\/gallery\/100522a\/100522a_29.jpg\" alt=\"Baglyasalja\" \/><\/p>\n<p>A k\u00f6z\u00f6ns\u00e9g d\u00edj\u00e1t: Berz\u00e1kn\u00e9 Ged\u0151v\u00e1ri Hajnalka kapta<\/p>\n<p><img decoding=\"async\" class=\"alignnone\" src=\"http:\/\/www.baglyasalja.hu\/baglyas\/wp-content\/gallery\/100522a\/100522a_31.jpg\" alt=\"Baglyasalja\" \/><\/p>\n<p><strong>Tov\u00e1bbi k\u00e9pek:<\/strong><\/p>\n<p>[autoviewer id=&#8221;79&#8243; width=&#8221;600&#8243; height=&#8221;600&#8243; ]<\/p>\n<h2>\u201eIlyenek vagyunk, ilyenek lesz\u00fcnk\u201d<\/h2>\n<p>A r\u00e9gm\u00faltat id\u00e9zik a \u201eK\u00f6z\u00e9pkori v\u00e1rak, lovagi c\u00edmerek\u201d c\u00edm\u0171 ki\u00e1ll\u00edt\u00e1son l\u00e1that\u00f3 alkot\u00e1sok a Di\u00e1kotthon folyos\u00f3j\u00e1n.<\/p>\n<p><img decoding=\"async\" class=\"alignnone\" src=\"http:\/\/www.baglyasalja.hu\/baglyas\/wp-content\/gallery\/100522b\/100522b_37.jpg\" alt=\"Baglyasalja\" \/><\/p>\n<p><span style=\"font-family: Arial; font-size: x-small;\"><span style=\"font-family: 'Times New Roman'; font-size: xx-small;\"> <\/span><\/span><span style=\"font-family: Arial; font-size: x-small;\">Kellemesen sz\u00f3rakozott az \u201eIlyenek vagyunk, ilyenek lesz\u00fcnk\u201d program k\u00f6z\u00f6ns\u00e9ge az \u00f3vod\u00e1sok \u00e9s iskol\u00e1sok m\u0171sor\u00e1n.<\/span><\/p>\n<p><img decoding=\"async\" class=\"alignnone\" src=\"http:\/\/www.baglyasalja.hu\/baglyas\/wp-content\/gallery\/100522b\/100522b_08.jpg\" alt=\"Baglyasalja\" \/><\/p>\n<p><img decoding=\"async\" class=\"alignnone\" src=\"http:\/\/www.baglyasalja.hu\/baglyas\/wp-content\/gallery\/100522b\/100522b_10.jpg\" alt=\"Baglyasalja\" \/><\/p>\n<p><img decoding=\"async\" class=\"alignnone\" src=\"http:\/\/www.baglyasalja.hu\/baglyas\/wp-content\/gallery\/100522b\/100522b_24.jpg\" alt=\"Baglyasalja\" \/><\/p>\n<p><img decoding=\"async\" class=\"alignnone\" src=\"http:\/\/www.baglyasalja.hu\/baglyas\/wp-content\/gallery\/100522b\/100522b_26.jpg\" alt=\"Baglyasalja\" \/><\/p>\n<p><img decoding=\"async\" class=\"alignnone\" src=\"http:\/\/www.baglyasalja.hu\/baglyas\/wp-content\/gallery\/100522b\/100522b_36.jpg\" alt=\"Baglyasalja\" \/><\/p>\n<p>Tov\u00e1bbi k\u00e9pek:<\/p>\n<p>[autoviewer id=&#8221;80&#8243; width=&#8221;600&#8243; height=&#8221;600&#8243; ]<\/p>\n<h2>&#8222;K\u00f6z\u00e9pkori bajv\u00edv\u00e1s&#8221; kicsiknek \u00e9s nagyoknak<\/h2>\n<p>Gyerekek \u00e9s feln\u0151ttek korh\u0171 \u00f6lt\u00f6zetben \u00e9s \u201efegyverzettel\u201d id\u00e9zt\u00e9k f\u00f6l Baglyask\u0151 v\u00e1ra 700 \u00e9vvel ezel\u0151tti hangulat\u00e1t.<br \/>\nA j\u00e1t\u00e9kokhoz \u00fcgyess\u00e9g, gyorsas\u00e1g \u00e9s er\u0151 kellett. Kicsik \u00e9s nagyok felh\u0151tlen\u00fcl sz\u00f3rakoztak.<\/p>\n<p><img decoding=\"async\" class=\"alignnone\" src=\"http:\/\/www.baglyasalja.hu\/baglyas\/wp-content\/gallery\/100522c\/100522c_02.jpg\" alt=\"Baglyasalja\" \/><\/p>\n<p><img decoding=\"async\" class=\"alignnone\" src=\"http:\/\/www.baglyasalja.hu\/baglyas\/wp-content\/gallery\/100522c\/100522c_136.jpg\" alt=\"Baglyasalja\" \/><\/p>\n<p><img decoding=\"async\" class=\"alignnone\" src=\"http:\/\/www.baglyasalja.hu\/baglyas\/wp-content\/gallery\/100522c\/100522c_16.jpg\" alt=\"Baglyasalja\" \/><\/p>\n<p><img decoding=\"async\" class=\"alignnone\" src=\"http:\/\/www.baglyasalja.hu\/baglyas\/wp-content\/gallery\/100522c\/100522c_25.jpg\" alt=\"Baglyasalja\" \/><\/p>\n<p><img decoding=\"async\" class=\"alignnone\" src=\"http:\/\/www.baglyasalja.hu\/baglyas\/wp-content\/gallery\/100522c\/100522c_39.jpg\" alt=\"Baglyasalja\" \/><\/p>\n<p><img decoding=\"async\" class=\"alignnone\" src=\"http:\/\/www.baglyasalja.hu\/baglyas\/wp-content\/gallery\/100522c\/100522c_51.jpg\" alt=\"Baglyasalja\" \/><\/p>\n<p><img decoding=\"async\" class=\"alignnone\" src=\"http:\/\/www.baglyasalja.hu\/baglyas\/wp-content\/gallery\/100522c\/100522c_78.jpg\" alt=\"Baglyasalja\" \/><\/p>\n<p><img decoding=\"async\" class=\"alignnone\" src=\"http:\/\/www.baglyasalja.hu\/baglyas\/wp-content\/gallery\/100522c\/100522c_55.jpg\" alt=\"Baglyasalja\" \/><\/p>\n<p><img decoding=\"async\" class=\"alignnone\" src=\"http:\/\/www.baglyasalja.hu\/baglyas\/wp-content\/gallery\/100522c\/100522c_74.jpg\" alt=\"Baglyasalja\" \/><\/p>\n<p><img decoding=\"async\" class=\"alignnone\" src=\"http:\/\/www.baglyasalja.hu\/baglyas\/wp-content\/gallery\/100522c\/100522c_87.jpg\" alt=\"Baglyasalja\" \/><\/p>\n<p><img decoding=\"async\" class=\"alignnone\" src=\"http:\/\/www.baglyasalja.hu\/baglyas\/wp-content\/gallery\/100522c\/100522c_114.jpg\" alt=\"Baglyasalja\" \/><\/p>\n<p><img decoding=\"async\" class=\"alignnone\" src=\"http:\/\/www.baglyasalja.hu\/baglyas\/wp-content\/gallery\/100522c\/100522c_84.jpg\" alt=\"Baglyasalja\" \/><\/p>\n<p><img decoding=\"async\" class=\"alignnone\" src=\"http:\/\/www.baglyasalja.hu\/baglyas\/wp-content\/gallery\/100522c\/100522c_98.jpg\" alt=\"Baglyasalja\" \/><\/p>\n<p><img decoding=\"async\" class=\"alignnone\" src=\"http:\/\/www.baglyasalja.hu\/baglyas\/wp-content\/gallery\/100522c\/100522c_105.jpg\" alt=\"Baglyasalja\" \/><\/p>\n<p><img decoding=\"async\" class=\"alignnone\" src=\"http:\/\/www.baglyasalja.hu\/baglyas\/wp-content\/gallery\/100522c\/100522c_107.jpg\" alt=\"Baglyasalja\" \/><\/p>\n<p><img decoding=\"async\" class=\"alignnone\" src=\"http:\/\/www.baglyasalja.hu\/baglyas\/wp-content\/gallery\/100522c\/100522c_127.jpg\" alt=\"Baglyasalja\" \/><\/p>\n<p><img decoding=\"async\" class=\"alignnone\" src=\"http:\/\/www.baglyasalja.hu\/baglyas\/wp-content\/gallery\/100522c\/100522c_130.jpg\" alt=\"Baglyasalja\" \/><\/p>\n<p><img decoding=\"async\" class=\"alignnone\" src=\"http:\/\/www.baglyasalja.hu\/baglyas\/wp-content\/gallery\/100522c\/100522c_71.jpg\" alt=\"Baglyasalja\" \/><\/p>\n<p><strong>Tov\u00e1bbi k\u00e9pek:<\/strong><\/p>\n<p>[autoviewer id=&#8221;81&#8243; width=&#8221;600&#8243; height=&#8221;600&#8243; ]<\/p>\n","protected":false},"excerpt":{"rendered":"<p>Civil f\u00f3rum: \u201eCivilek \u00e9s a Geopark\u201d Tartalmas tan\u00e1cskoz\u00e1sra ker\u00fclt sor m\u00e1jus 22-\u00e9n d\u00e9lel\u0151tt a Di\u00e1kotthon nagyterm\u00e9ben. A r\u00e9sztvev\u0151ket Sz\u00e9kyn\u00e9 dr. Sztr\u00e9mi Melinda polg\u00e1rmester, orsz\u00e1ggy\u0171l\u00e9si k\u00e9pvisel\u0151 asszony k\u00f6sz\u00f6nt\u00f6tte. Koruhely Tam\u00e1s a N\u00f3gr\u00e1di Geopark Nonprofit Kft.&#46;&#46;&#46;<\/p>\n","protected":false},"author":1,"featured_media":0,"comment_status":"open","ping_status":"open","sticky":false,"template":"","format":"standard","meta":{"footnotes":""},"categories":[1],"tags":[],"class_list":["post-797","post","type-post","status-publish","format-standard","hentry","category-baglyasalja"],"_links":{"self":[{"href":"https:\/\/www.baglyasalja.hu\/baglyas\/index.php?rest_route=\/wp\/v2\/posts\/797","targetHints":{"allow":["GET"]}}],"collection":[{"href":"https:\/\/www.baglyasalja.hu\/baglyas\/index.php?rest_route=\/wp\/v2\/posts"}],"about":[{"href":"https:\/\/www.baglyasalja.hu\/baglyas\/index.php?rest_route=\/wp\/v2\/types\/post"}],"author":[{"embeddable":true,"href":"https:\/\/www.baglyasalja.hu\/baglyas\/index.php?rest_route=\/wp\/v2\/users\/1"}],"replies":[{"embeddable":true,"href":"https:\/\/www.baglyasalja.hu\/baglyas\/index.php?rest_route=%2Fwp%2Fv2%2Fcomments&post=797"}],"version-history":[{"count":0,"href":"https:\/\/www.baglyasalja.hu\/baglyas\/index.php?rest_route=\/wp\/v2\/posts\/797\/revisions"}],"wp:attachment":[{"href":"https:\/\/www.baglyasalja.hu\/baglyas\/index.php?rest_route=%2Fwp%2Fv2%2Fmedia&parent=797"}],"wp:term":[{"taxonomy":"category","embeddable":true,"href":"https:\/\/www.baglyasalja.hu\/baglyas\/index.php?rest_route=%2Fwp%2Fv2%2Fcategories&post=797"},{"taxonomy":"post_tag","embeddable":true,"href":"https:\/\/www.baglyasalja.hu\/baglyas\/index.php?rest_route=%2Fwp%2Fv2%2Ftags&post=797"}],"curies":[{"name":"wp","href":"https:\/\/api.w.org\/{rel}","templated":true}]}}