{"id":527,"date":"2009-10-12T15:28:05","date_gmt":"2009-10-12T13:28:05","guid":{"rendered":"http:\/\/www.baglyasalja.hu\/baglyas\/?p=527"},"modified":"2009-10-14T15:25:08","modified_gmt":"2009-10-14T13:25:08","slug":"sziv-napja","status":"publish","type":"post","link":"https:\/\/www.baglyasalja.hu\/baglyas\/?p=527","title":{"rendered":"Sz\u00edv napja"},"content":{"rendered":"<p>\u201eT\u00e1pl\u00e1l\u00e9kod legyen a gy\u00f3gy\u00edt\u00f3d!\u201d<\/p>\n<p><img decoding=\"async\" src=\"http:\/\/www.baglyasalja.hu\/baglyas\/wp-content\/gallery\/090927\/090927_4.jpg\" alt=\"\" \/><\/p>\n<p>\u201eT\u00f6r\u0151dj\u00fcnk t\u00f6bbet eg\u00e9szs\u00e9g\u00fcnkkel!\u201d<\/p>\n<p><img decoding=\"async\" src=\"http:\/\/www.baglyasalja.hu\/baglyas\/wp-content\/gallery\/090927\/090927_2.jpg\" alt=\"\" \/><\/p>\n<p>M\u00e9r\u00e9sekkel t\u00e1j\u00e9koz\u00f3dhatunk szervezet\u00fcnk \u00e1llapot\u00e1r\u00f3l.<\/p>\n<p><img decoding=\"async\" src=\"http:\/\/www.baglyasalja.hu\/baglyas\/wp-content\/gallery\/090927\/090927_5.jpg\" alt=\"\" \/><\/p>\n<p>A ker\u00e9kp\u00e1r sz\u00edvbar\u00e1t j\u00e1rm\u0171.<\/p>\n<p><img decoding=\"async\" src=\"http:\/\/www.baglyasalja.hu\/baglyas\/wp-content\/gallery\/090927\/090927_1.jpg\" alt=\"\" \/><\/p>\n<p><strong><span style=\"font-family: Times New Roman; color: black; font-size: small;\"><span style=\"font-size: 12pt; font-weight: normal;\">A szakemberek megsz\u00edvlelend\u0151 tan\u00e1csokat adtak<\/span><\/span><\/strong><\/p>\n<p><img decoding=\"async\" src=\"http:\/\/www.baglyasalja.hu\/baglyas\/wp-content\/gallery\/090927\/090927_3.jpg\" alt=\"\" \/><\/p>\n<p><img decoding=\"async\" src=\"http:\/\/www.baglyasalja.hu\/baglyas\/wp-content\/gallery\/090927\/090927_7.jpg\" alt=\"\" \/><\/p>\n<p>Dr. Juh\u00e1sz Tibor alpolg\u00e1rmester volt a rendezv\u00e9ny v\u00e9dn\u00f6ke.<\/p>\n<p><img decoding=\"async\" src=\"http:\/\/www.baglyasalja.hu\/baglyas\/wp-content\/gallery\/090927\/090927_6.jpg\" alt=\"\" \/><\/p>\n","protected":false},"excerpt":{"rendered":"<p>\u201eT\u00e1pl\u00e1l\u00e9kod legyen a gy\u00f3gy\u00edt\u00f3d!\u201d \u201eT\u00f6r\u0151dj\u00fcnk t\u00f6bbet eg\u00e9szs\u00e9g\u00fcnkkel!\u201d M\u00e9r\u00e9sekkel t\u00e1j\u00e9koz\u00f3dhatunk szervezet\u00fcnk \u00e1llapot\u00e1r\u00f3l. A ker\u00e9kp\u00e1r sz\u00edvbar\u00e1t j\u00e1rm\u0171. A szakemberek megsz\u00edvlelend\u0151 tan\u00e1csokat adtak Dr. Juh\u00e1sz Tibor alpolg\u00e1rmester volt a rendezv\u00e9ny v\u00e9dn\u00f6ke.<\/p>\n","protected":false},"author":1,"featured_media":0,"comment_status":"open","ping_status":"open","sticky":false,"template":"","format":"standard","meta":{"footnotes":""},"categories":[1],"tags":[],"class_list":["post-527","post","type-post","status-publish","format-standard","hentry","category-baglyasalja"],"_links":{"self":[{"href":"https:\/\/www.baglyasalja.hu\/baglyas\/index.php?rest_route=\/wp\/v2\/posts\/527","targetHints":{"allow":["GET"]}}],"collection":[{"href":"https:\/\/www.baglyasalja.hu\/baglyas\/index.php?rest_route=\/wp\/v2\/posts"}],"about":[{"href":"https:\/\/www.baglyasalja.hu\/baglyas\/index.php?rest_route=\/wp\/v2\/types\/post"}],"author":[{"embeddable":true,"href":"https:\/\/www.baglyasalja.hu\/baglyas\/index.php?rest_route=\/wp\/v2\/users\/1"}],"replies":[{"embeddable":true,"href":"https:\/\/www.baglyasalja.hu\/baglyas\/index.php?rest_route=%2Fwp%2Fv2%2Fcomments&post=527"}],"version-history":[{"count":0,"href":"https:\/\/www.baglyasalja.hu\/baglyas\/index.php?rest_route=\/wp\/v2\/posts\/527\/revisions"}],"wp:attachment":[{"href":"https:\/\/www.baglyasalja.hu\/baglyas\/index.php?rest_route=%2Fwp%2Fv2%2Fmedia&parent=527"}],"wp:term":[{"taxonomy":"category","embeddable":true,"href":"https:\/\/www.baglyasalja.hu\/baglyas\/index.php?rest_route=%2Fwp%2Fv2%2Fcategories&post=527"},{"taxonomy":"post_tag","embeddable":true,"href":"https:\/\/www.baglyasalja.hu\/baglyas\/index.php?rest_route=%2Fwp%2Fv2%2Ftags&post=527"}],"curies":[{"name":"wp","href":"https:\/\/api.w.org\/{rel}","templated":true}]}}