{"id":404,"date":"2009-05-22T07:43:41","date_gmt":"2009-05-22T05:43:41","guid":{"rendered":"http:\/\/www.baglyasalja.hu\/baglyas\/?p=404"},"modified":"2009-05-22T07:47:27","modified_gmt":"2009-05-22T05:47:27","slug":"xv-baglyasi-napok-3","status":"publish","type":"post","link":"https:\/\/www.baglyasalja.hu\/baglyas\/?p=404","title":{"rendered":"XV. Baglyasi Napok"},"content":{"rendered":"<p><em>\u201e\u2026megmutatni egy r\u00e9szt magamb\u00f3l\u2026\u201d<\/em> Kupcsulik \u00c1gnes k\u00f6lt\u0151 k\u00e9sz\u00fcl\u0151 k\u00f6tet\u00e9t bemutat\u00f3\u00a0 irodalmi d\u00e9lut\u00e1n<\/p>\n<p><img decoding=\"async\" src=\"http:\/\/www.baglyasalja.hu\/baglyas\/wp-content\/gallery\/090519\/090519_05.jpg\" alt=\"\" \/><\/p>\n<p><img decoding=\"async\" src=\"http:\/\/www.baglyasalja.hu\/baglyas\/wp-content\/gallery\/090519\/090519_02.jpg\" alt=\"\" \/><\/p>\n<p><img decoding=\"async\" src=\"http:\/\/www.baglyasalja.hu\/baglyas\/wp-content\/gallery\/090519\/090519_09.jpg\" alt=\"\" \/><\/p>\n<p><img decoding=\"async\" src=\"http:\/\/www.baglyasalja.hu\/baglyas\/wp-content\/gallery\/090519\/090519_10.jpg\" alt=\"\" \/><\/p>\n<p><img decoding=\"async\" src=\"http:\/\/www.baglyasalja.hu\/baglyas\/wp-content\/gallery\/090519\/090519_11.jpg\" alt=\"\" \/><\/p>\n<p><img decoding=\"async\" src=\"http:\/\/www.baglyasalja.hu\/baglyas\/wp-content\/gallery\/090519\/090519_12.jpg\" alt=\"\" \/><\/p>\n<p><img decoding=\"async\" src=\"http:\/\/www.baglyasalja.hu\/baglyas\/wp-content\/gallery\/090519\/090519_15.jpg\" alt=\"\" \/><\/p>\n<p style=\"text-align: center;\"><strong>Epigrammaj\u00e1t\u00e9k<\/strong><\/p>\n<p style=\"text-align: center;\">Nem tudom \u00e9n, mire j\u00f3 ez a j\u00e1t\u00e9k, \u00e1m hogy id\u0151re<br \/>\ncsak siker\u00fclnie kell, ez megnehez\u00edti a dolgom.<br \/>\nVagy m\u00e9gsem? Fura holmi az agy, hogy megk\u00f6t\u00f6z\u00f6tten<br \/>\nsz\u00e1rnyal, m\u00edg szabadon leragad. F\u0171szert ide n\u00e9kem,<br \/>\ncs\u00edp\u0151set, gunyorost! Vagy t\u00f6mj\u00e9n illata lengjen?<br \/>\n\u00danom m\u00e1r, hagyom ezt, a magaszt lemarad, megakadtam,<br \/>\n(nem most), \u00e9s a po\u00e9n elaludt, \u00e1lmos vagyok \u00e9n is,<br \/>\nj\u00e1tsszon m\u00e1s, csak a versre vigy\u00e1z\u00f3n v\u00e9sse a verset!<\/p>\n<p><img decoding=\"async\" src=\"http:\/\/www.baglyasalja.hu\/baglyas\/wp-content\/gallery\/090519\/090519_19.jpg\" alt=\"\" \/><\/p>\n<p style=\"text-align: center;\"><strong>k\u00f6zepes vers<\/strong><\/p>\n<p>a mi csal\u00e1dunkban mindenki k\u00f6zepes k\u00e9pess\u00e9g\u0171<br \/>\nmel\u00f3snak val\u00f3<br \/>\nsenkinek nincs diplom\u00e1ja<br \/>\nse karrierje<br \/>\nmondta ap\u00e1m<br \/>\nmik\u00f6zben t\u00f6lt\u00f6tt egy k\u00f6zepes poh\u00e1rral<\/p>\n<p>h\u00e1t ne is er\u0151lk\u00f6dj\u00fcnk<\/p>\n<p>k\u00f6zepesen \u00e1tgondoltam a helyzetet<br \/>\n\u00e9s t\u00e9nyleg<\/p>\n<p>k\u00f6zepes k\u00e9pess\u00e9gemmel<br \/>\nk\u00f6zepes k\u00f6z\u00e9piskol\u00e1ba j\u00e1rtam<br \/>\nk\u00f6zepessel v\u00e9geztem<\/p>\n<p>k\u00f6zepes koromra<br \/>\nsz\u00e9p se voltam soha meg cs\u00fanya se<br \/>\nk\u00f6z\u00e9pszer\u0171 k\u00f6zepes \u00e9let\u00fat<br \/>\nvan m\u00f6g\u00f6ttem el\u0151ttem k\u00f6z\u00e9pen<br \/>\nk\u00f6zepes csal\u00e1dmodell<br \/>\nk\u00e9t gyerek egy v\u00e1l\u00e1s<\/p>\n<p>minden olyan k\u00f6zepes<\/p>\n<p>k\u00f6zepes a ruham\u00e9retem<br \/>\nk\u00f6zepes sz\u00edn\u0171 a hajam<br \/>\nk\u00f6zepes m\u00e9rt\u00e9k\u0171 a mosolyom<br \/>\nolyan k\u00f6zepesen \u00e9rzem most magam ett\u0151l<\/p>\n<p>k\u00f6zepes minden bajom<br \/>\n\u00e9lni se de pusztulni se hagy<br \/>\nbelet\u00f6r\u0151d\u00e9sem is k\u00f6zepes<br \/>\n\u00e9s l\u00e1zad\u00e1som is<\/p>\n<p>vagyok egy nagy k\u00f6zepes<br \/>\nvagy ink\u00e1bb kicsi k\u00f6zepes<br \/>\nde legink\u00e1bb k\u00f6zepes<\/p>\n<p>langyos l\u00e1bv\u00edz<\/p>\n<p>mostant\u00f3l m\u00e1sk\u00e9ppen lesz<br \/>\ngondoltam elsz\u00e1ntan a buszon<br \/>\nnem volt sz\u00e1nd\u00e9kos t\u00e9nyleg<br \/>\ncsak mikor lesz\u00e1lltam a k\u00f6z\u00e9ps\u0151 ajt\u00f3n\u00e1l<br \/>\nzuhant r\u00e1m<br \/>\nhogy v\u00e9gig k\u00f6z\u00e9pen \u00fcltem<\/p>\n<p><img decoding=\"async\" src=\"http:\/\/www.baglyasalja.hu\/baglyas\/wp-content\/gallery\/090519\/090519_26.jpg\" alt=\"\" \/><\/p>\n<p><img decoding=\"async\" src=\"http:\/\/www.baglyasalja.hu\/baglyas\/wp-content\/gallery\/090519\/090519_21.jpg\" alt=\"\" \/><\/p>\n<p style=\"text-align: center;\"><strong>Syrinx Krisztus Kir\u00e1ly templom udvar\u00e1ban<\/strong><\/p>\n<p style=\"text-align: center;\">Ismerj fel, P\u00e1n! Itt, e vir\u00e1gz\u00f3 orgonaf\u00e1cska,<br \/>\ntemplom kertj\u00e9b\u0151l hajol\u00f3, nimf\u00e1d, Ladon isten<br \/>\nl\u00e1nya. November v\u00e9ge, de D\u00e9m\u00e9ter hiszi, most j\u00f6n<br \/>\ngyermeke, s\u00e1rga k\u00f6k\u00f6rcsint sz\u00f3r bomlottan a s\u00e1rba.<br \/>\nN\u00e9zz r\u00e1m, P\u00e1n! Tudd, nem r\u00fats\u00e1god el\u0151l menek\u00fcltem,<br \/>\nhogy s\u00edpod lett legszebb \u00e1gam, csak szerelemb\u0151l.<br \/>\nMenyegz\u0151i ruh\u00e1m hozz\u00e1k adventi szelekkel,<br \/>\nsz\u0171z Jeanne D\u2019Arc k\u00eds\u00e9r, nem f\u00e9lek, P\u00e1n, de te meghalsz.<\/p>\n<p><img decoding=\"async\" src=\"http:\/\/www.baglyasalja.hu\/baglyas\/wp-content\/gallery\/090519\/090519_23.jpg\" alt=\"\" \/><\/p>\n<p><img decoding=\"async\" src=\"http:\/\/www.baglyasalja.hu\/baglyas\/wp-content\/gallery\/090519\/090519_31.jpg\" alt=\"\" \/><\/p>\n<p><strong>munkaj\u00e1t\u00e9k<\/strong><\/p>\n<p>adatokat r\u00f6gz\u00edtesz a g\u00e9pre<br \/>\npersze sz\u00e1madatokat<br \/>\nv\u00e9gtelen ideje \u00fct\u00f6d a billenty\u0171ket<br \/>\nszemeddel h\u00e1rmas csoportokra tagolod<br \/>\negy darabig m\u00e1s \u00e9s m\u00e1s<br \/>\nh\u00f3napok m\u00falva mind ismer\u0151s<br \/>\nha el\u00e9g \u00fcgyes vagy<br \/>\n\u00e9s el\u00e9g \u00fcgyes leszel<br \/>\na szabads\u00e1god\u00e9rt<br \/>\nujjbegyeid elkapj\u00e1k a ritmust<br \/>\nzene lesz minden sor mozdulat<br \/>\nfigyelned sem kell<br \/>\n\u00e9s az agyad megmarad neked<br \/>\ntervezhetsz mik\u00f6zben g\u00e9pk\u00e9nt dolgozol<br \/>\ngondolatban k\u00e9sz\u00edthetsz bev\u00e1s\u00e1rl\u00f3 list\u00e1t<br \/>\nel\u00e1br\u00e1ndozhatsz<br \/>\na sz\u00f6g ahogy a monitort b\u00e1mulod gener\u00e1lja az alfa hull\u00e1mokat<br \/>\n\u00e9n verset szoktam<br \/>\nlehet ilyesmiket is j\u00e1tszani hogy<br \/>\nv\u00e9gtelen ideje \u00fclsz a g\u00e9p el\u0151tt<br \/>\nv\u00e9gtelen ideje \u00fct\u00f6d \u00e9s \u00fct\u00f6d<br \/>\nkij\u00f6tt m\u00e1r a Fibonacci-sz\u00e1msor<br \/>\nmegtal\u00e1ltad azt a pr\u00edmsz\u00e1mot amit egy sz\u00e1m\u00edt\u00f3g\u00e9p huszonhatezer \u00e9v alatt<br \/>\nv\u00e9gtelen ideje t\u00f6prengsz \u00e9s r\u00e1j\u00f6ssz<br \/>\npuszt\u00e1n sebess\u00e9g k\u00e9rd\u00e9se<br \/>\ncsak kicsivel gyorsabbnak lenni mint a f\u00e9ny<br \/>\nkij\u00e1tszani teret \u00e9s id\u0151t<br \/>\nm\u00edg l\u00fcktet pulz\u00e1l<br \/>\ngyulladt fog anyam\u00e9h csillagok<br \/>\nt\u00e1gul \u00e9s sz\u0171k\u00fcl<br \/>\ntasz\u00edt \u00e9s vonz<br \/>\nold k\u00f6t<br \/>\nt\u00e1 ti<br \/>\nmilyen egy\u00e9rtelm\u0171<br \/>\nha van gravit\u00e1ci\u00f3<br \/>\nkell legyen ellentettje is<br \/>\nv\u00e9gtelen id\u0151 valamely pontj\u00e1n<br \/>\nvisszat\u00e9rhetsz tegnapi vagy h\u00fasz \u00e9vvel ezel\u0151tti \u00f6nmagadhoz<br \/>\nmegkordul a gyomrod<br \/>\naz eg\u00e9szet hagyod<br \/>\n\u00e9s az \u00f6sszes l\u00e9tez\u0151 id\u0151ben \u00e9s t\u00e9rben<br \/>\nte mind egyszerre elindulsz<br \/>\naz otthon gondosan becsomagolt<br \/>\nszal\u00e1mis zs\u00f6mle fel\u00e9<\/p>\n<p><img decoding=\"async\" src=\"http:\/\/www.baglyasalja.hu\/baglyas\/wp-content\/gallery\/090519\/090519_32.jpg\" alt=\"\" \/><\/p>\n<p><img decoding=\"async\" src=\"http:\/\/www.baglyasalja.hu\/baglyas\/wp-content\/gallery\/090519\/090519_28.jpg\" alt=\"\" \/><\/p>\n<p><img decoding=\"async\" src=\"http:\/\/www.baglyasalja.hu\/baglyas\/wp-content\/gallery\/090519\/090519_35.jpg\" alt=\"\" \/><\/p>\n<p><img loading=\"lazy\" decoding=\"async\" src=\"http:\/\/www.baglyasalja.hu\/baglyas\/wp-content\/gallery\/090519\/090519_17.jpg\" alt=\"\" width=\"600\" height=\"400\" \/><\/p>\n<p><img decoding=\"async\" src=\"http:\/\/www.baglyasalja.hu\/baglyas\/wp-content\/gallery\/090519\/090519_39.jpg\" alt=\"\" \/><\/p>\n<p><img decoding=\"async\" src=\"http:\/\/www.baglyasalja.hu\/baglyas\/wp-content\/gallery\/090519\/090519_30.jpg\" alt=\"\" \/><\/p>\n<p><img decoding=\"async\" src=\"http:\/\/www.baglyasalja.hu\/baglyas\/wp-content\/gallery\/090519\/090519_42.jpg\" alt=\"\" \/><\/p>\n<p><strong>l\u00e9lekprot\u00e9zis<\/strong><\/p>\n<p>megyek haza<br \/>\npestieknek a munk\u00e1b\u00f3l de ez itt a vid\u00e9k<br \/>\nirogatsz m\u00e9g k\u00e9rdezi ismer\u0151s<br \/>\nirogatok felelem hogy el\u0151bb szabaduljak<br \/>\nmosolygok<br \/>\nmajd neki mondom el<br \/>\nnemhogy nem irogatok<br \/>\nnem is \u00edrok<br \/>\ncsak elevenen boncolgatom magam<br \/>\ntollal<br \/>\nm\u00e9g mindig<br \/>\nugyanis a klaviat\u00far\u00e1nak nincs hegye<br \/>\nsz\u00f3val munk\u00e1b\u00f3l hazafel\u00e9<br \/>\nm\u00e1r nem gondolok a vev\u0151re akinek<br \/>\nseg\u00edtettem kiv\u00e1lasztani a jobb oldali szilikonos mellprot\u00e9zis\u00e9t<br \/>\nlehetett volna szimmetrikus k\u00e9toldali is de a h\u00f3nalj-\u00e1rok kiegyenl\u00edt\u00e9s\u00e9re<br \/>\nmegfelel\u0151bbnek tal\u00e1ltam a jobb oldali aszimmetrikust<br \/>\ns\u00falya \u00e9pp mint a m\u00e9g megl\u00e9v\u0151 bal\u00e9<br \/>\nha viseli h\u00e1tf\u00e1j\u00e1s \u00e9s gerincferd\u00fcl\u00e9s n\u00e9lk\u00fcl<br \/>\n\u00e9lhet gr\u00e1tisz<br \/>\nhogy felveszi a mell term\u00e9szetes form\u00e1j\u00e1t fekv\u0151 helyzetben is<br \/>\n\u00e9s mindez\u00e9rt nem is fizet t\u00fal sokat<br \/>\ncsak a kihirdetett t\u00e9b\u00e9 \u00e1r \u00e9s t\u00e9b\u00e9 t\u00e1mogat\u00e1s k\u00fcl\u00f6nb\u00f6zet\u00e9t<br \/>\nplusz \u00e1fa<br \/>\nhogy form\u00e1ra meg nem is hasonl\u00edt ki reklam\u00e1lna<br \/>\na teremt\u0151nek sem siker\u00fclt t\u00f6k\u00e9letesen ez a m\u0171velet<br \/>\naz asszony szel\u00edden<br \/>\nvetk\u0151z\u00f6tt a pr\u00f3baf\u00fclke beh\u00fazott f\u00fcgg\u00f6nye m\u00f6g\u00f6tt<br \/>\n\u00e9n k\u00e9sz\u00fcltem \u00e1tadni a gy\u00f3gy\u00e1szati seg\u00e9deszk\u00f6zt<br \/>\nmajd ne tess\u00e9k megijedni t\u0151lem mondta levetettem a par\u00f3k\u00e1m<br \/>\n(h\u00e1t nem \u00f6nbecs\u00fcl\u00e9s\u00fcnk miatt pal\u00e1stoljuk fogyat\u00e9koss\u00e1gunk<br \/>\ncsak nem akarunk riogatni m\u00e1sokat)<br \/>\nakkor ijedtem meg<br \/>\nde kiv\u00e1l\u00f3an tudok hal\u00e1los nyugalmat sz\u00ednlelni<br \/>\nolyan egyszer\u0171en h\u00faztam el a f\u00fcgg\u00f6nyt<br \/>\nbeleborzongok<br \/>\nj\u00f3l van ez \u00edgy hogy szenvtelennek gondol<br \/>\na v\u00e9nyt a g\u00e9pben r\u00f6gz\u00edtettem<br \/>\nlefagyott a d\u00f6g eszk\u00e9p<br \/>\nsz\u00f3val j\u00f6v\u00f6k munk\u00e1b\u00f3l<br \/>\nszemem v\u00e9reres a monitort\u00f3l<br \/>\nnem is tudtam hogy \u00f6k\u00f6lbe szorult a kezem<br \/>\ncsak k\u00e9s\u0151bb vettem \u00e9szre a k\u00f6rm\u00f6k v\u00e1gta lila cakkos mint\u00e1t tenyeremben<br \/>\nh\u00e1rom d\u00e9ben<br \/>\n\u00e1tmetszve \u00e9let- sors- \u00e9s fejvonal a sz\u00edv nem<br \/>\nr\u00e1m f\u00e9rt egy ital<br \/>\nj\u00f3les\u0151 meleg \u00f6nt\u00f6tte el a gyomrom<br \/>\nez a melegs\u00e9g sz\u00e9t\u00e1radt \u00e1tj\u00e1rt \u00e9s valahogy mag\u00e1t\u00f3l kiny\u00edlt a kezem<br \/>\nj\u00e9zus<br \/>\nmost simogatni vagy \u00f6lelni is tudn\u00e9k<\/p>\n<p><img decoding=\"async\" src=\"http:\/\/www.baglyasalja.hu\/baglyas\/wp-content\/gallery\/090519\/090519_40.jpg\" alt=\"\" \/><\/p>\n<p><img decoding=\"async\" src=\"http:\/\/www.baglyasalja.hu\/baglyas\/wp-content\/gallery\/090519\/090519_51.jpg\" alt=\"\" \/><\/p>\n<p><img decoding=\"async\" src=\"http:\/\/www.baglyasalja.hu\/baglyas\/wp-content\/gallery\/090519\/090519_53.jpg\" alt=\"\" \/><\/p>\n<p><img decoding=\"async\" src=\"http:\/\/www.baglyasalja.hu\/baglyas\/wp-content\/gallery\/090519\/090519_54.jpg\" alt=\"\" \/><\/p>\n<p><strong>K\u00f6zrem\u0171k\u00f6dtek:<\/strong><\/p>\n<p>Tihanyin\u00e9 Kiss Ildik\u00f3, P\u00fcnk\u00f6sdi M\u00f3nika, Pap D\u00e1vid, T\u00f3th Veronika versmond\u00f3k<\/p>\n<p>G\u00e1l Estilla (fuvola), G\u00e1l Eliza (zongora), Kubovje Anik\u00f3 (fuvola), Kov\u00e1cs L\u00e1szl\u00f3 (zongora)<\/p>\n<p><strong>Tov\u00e1bbi k\u00e9pek:<\/strong><\/p>\n<p>[nggallery id=59]<\/p>\n","protected":false},"excerpt":{"rendered":"<p>\u201e\u2026megmutatni egy r\u00e9szt magamb\u00f3l\u2026\u201d Kupcsulik \u00c1gnes k\u00f6lt\u0151 k\u00e9sz\u00fcl\u0151 k\u00f6tet\u00e9t bemutat\u00f3\u00a0 irodalmi d\u00e9lut\u00e1n Epigrammaj\u00e1t\u00e9k Nem tudom \u00e9n, mire j\u00f3 ez a j\u00e1t\u00e9k, \u00e1m hogy id\u0151re csak siker\u00fclnie kell, ez megnehez\u00edti a dolgom. Vagy m\u00e9gsem? Fura&#46;&#46;&#46;<\/p>\n","protected":false},"author":1,"featured_media":0,"comment_status":"open","ping_status":"open","sticky":false,"template":"","format":"standard","meta":{"footnotes":""},"categories":[1],"tags":[],"class_list":["post-404","post","type-post","status-publish","format-standard","hentry","category-baglyasalja"],"_links":{"self":[{"href":"https:\/\/www.baglyasalja.hu\/baglyas\/index.php?rest_route=\/wp\/v2\/posts\/404","targetHints":{"allow":["GET"]}}],"collection":[{"href":"https:\/\/www.baglyasalja.hu\/baglyas\/index.php?rest_route=\/wp\/v2\/posts"}],"about":[{"href":"https:\/\/www.baglyasalja.hu\/baglyas\/index.php?rest_route=\/wp\/v2\/types\/post"}],"author":[{"embeddable":true,"href":"https:\/\/www.baglyasalja.hu\/baglyas\/index.php?rest_route=\/wp\/v2\/users\/1"}],"replies":[{"embeddable":true,"href":"https:\/\/www.baglyasalja.hu\/baglyas\/index.php?rest_route=%2Fwp%2Fv2%2Fcomments&post=404"}],"version-history":[{"count":0,"href":"https:\/\/www.baglyasalja.hu\/baglyas\/index.php?rest_route=\/wp\/v2\/posts\/404\/revisions"}],"wp:attachment":[{"href":"https:\/\/www.baglyasalja.hu\/baglyas\/index.php?rest_route=%2Fwp%2Fv2%2Fmedia&parent=404"}],"wp:term":[{"taxonomy":"category","embeddable":true,"href":"https:\/\/www.baglyasalja.hu\/baglyas\/index.php?rest_route=%2Fwp%2Fv2%2Fcategories&post=404"},{"taxonomy":"post_tag","embeddable":true,"href":"https:\/\/www.baglyasalja.hu\/baglyas\/index.php?rest_route=%2Fwp%2Fv2%2Ftags&post=404"}],"curies":[{"name":"wp","href":"https:\/\/api.w.org\/{rel}","templated":true}]}}