{"id":3639,"date":"2014-10-19T09:55:06","date_gmt":"2014-10-19T07:55:06","guid":{"rendered":"http:\/\/www.baglyasalja.hu\/baglyas\/?p=3639"},"modified":"2014-10-25T17:07:20","modified_gmt":"2014-10-25T15:07:20","slug":"bona-seta","status":"publish","type":"post","link":"https:\/\/www.baglyasalja.hu\/baglyas\/?p=3639","title":{"rendered":"B\u00f3na-s\u00e9ta"},"content":{"rendered":"<p>Minden \u00e9vben megeml\u00e9kez\u00fcnk, v\u00e1rosunk sz\u00fcl\u00f6tte, \u00e9veken kereszt\u00fcl Baglyasalj\u00e1n lak\u00f3, alkot\u00f3 \u00e9s tan\u00edt\u00f3, B\u00f3na Kov\u00e1cs K\u00e1roly fest\u0151- \u00e9s szobr\u00e1szm\u0171v\u00e9sz sz\u00fclet\u00e9snapj\u00e1r\u00f3l. A s\u00e9ta a 25-\u00f6s losonci gyalogezred eml\u00e9km\u0171ve el\u0151l indult. Felkerest\u00fck, Salg\u00f3tarj\u00e1n arculat\u00e1t napjainkban is meghat\u00e1roz\u00f3, n\u00e9h\u00e1ny alkot\u00e1s\u00e1t. Az elered\u0151 es\u0151 f\u00e9lbeszak\u00edtotta programunkat, ez\u00e9rt a k\u00f6zelj\u00f6v\u0151ben a s\u00e9ta folytat\u00e1s\u00e1t tervezz\u00fck<\/p>\n<p><img decoding=\"async\" class=\"alignnone\" src=\"http:\/\/www.baglyasalja.hu\/baglyas\/wp-content\/gallery\/141015\/141015_1.jpg\" alt=\"\" \/><\/p>\n<p><img decoding=\"async\" class=\"alignnone\" src=\"http:\/\/www.baglyasalja.hu\/baglyas\/wp-content\/gallery\/141015\/141015_2.jpg\" alt=\"\" \/><\/p>\n<p><img decoding=\"async\" class=\"alignnone\" src=\"http:\/\/www.baglyasalja.hu\/baglyas\/wp-content\/gallery\/141015\/141015_3.jpg\" alt=\"\" \/><\/p>\n<p><img decoding=\"async\" class=\"alignnone\" src=\"http:\/\/www.baglyasalja.hu\/baglyas\/wp-content\/gallery\/141015\/141015_4.jpg\" alt=\"\" \/><\/p>\n<p>&nbsp;<\/p>\n","protected":false},"excerpt":{"rendered":"<p>Minden \u00e9vben megeml\u00e9kez\u00fcnk, v\u00e1rosunk sz\u00fcl\u00f6tte, \u00e9veken kereszt\u00fcl Baglyasalj\u00e1n lak\u00f3, alkot\u00f3 \u00e9s tan\u00edt\u00f3, B\u00f3na Kov\u00e1cs K\u00e1roly fest\u0151- \u00e9s szobr\u00e1szm\u0171v\u00e9sz sz\u00fclet\u00e9snapj\u00e1r\u00f3l. A s\u00e9ta a 25-\u00f6s losonci gyalogezred eml\u00e9km\u0171ve el\u0151l indult. Felkerest\u00fck, Salg\u00f3tarj\u00e1n arculat\u00e1t napjainkban is meghat\u00e1roz\u00f3,&#46;&#46;&#46;<\/p>\n","protected":false},"author":1,"featured_media":3754,"comment_status":"open","ping_status":"open","sticky":false,"template":"","format":"standard","meta":{"footnotes":""},"categories":[1],"tags":[],"class_list":["post-3639","post","type-post","status-publish","format-standard","has-post-thumbnail","hentry","category-baglyasalja"],"_links":{"self":[{"href":"https:\/\/www.baglyasalja.hu\/baglyas\/index.php?rest_route=\/wp\/v2\/posts\/3639","targetHints":{"allow":["GET"]}}],"collection":[{"href":"https:\/\/www.baglyasalja.hu\/baglyas\/index.php?rest_route=\/wp\/v2\/posts"}],"about":[{"href":"https:\/\/www.baglyasalja.hu\/baglyas\/index.php?rest_route=\/wp\/v2\/types\/post"}],"author":[{"embeddable":true,"href":"https:\/\/www.baglyasalja.hu\/baglyas\/index.php?rest_route=\/wp\/v2\/users\/1"}],"replies":[{"embeddable":true,"href":"https:\/\/www.baglyasalja.hu\/baglyas\/index.php?rest_route=%2Fwp%2Fv2%2Fcomments&post=3639"}],"version-history":[{"count":0,"href":"https:\/\/www.baglyasalja.hu\/baglyas\/index.php?rest_route=\/wp\/v2\/posts\/3639\/revisions"}],"wp:featuredmedia":[{"embeddable":true,"href":"https:\/\/www.baglyasalja.hu\/baglyas\/index.php?rest_route=\/wp\/v2\/media\/3754"}],"wp:attachment":[{"href":"https:\/\/www.baglyasalja.hu\/baglyas\/index.php?rest_route=%2Fwp%2Fv2%2Fmedia&parent=3639"}],"wp:term":[{"taxonomy":"category","embeddable":true,"href":"https:\/\/www.baglyasalja.hu\/baglyas\/index.php?rest_route=%2Fwp%2Fv2%2Fcategories&post=3639"},{"taxonomy":"post_tag","embeddable":true,"href":"https:\/\/www.baglyasalja.hu\/baglyas\/index.php?rest_route=%2Fwp%2Fv2%2Ftags&post=3639"}],"curies":[{"name":"wp","href":"https:\/\/api.w.org\/{rel}","templated":true}]}}