{"id":251,"date":"2008-11-30T16:12:31","date_gmt":"2008-11-30T14:12:31","guid":{"rendered":"http:\/\/www.baglyasalja.hu\/baglyas\/?p=251"},"modified":"2008-12-01T22:33:33","modified_gmt":"2008-12-01T20:33:33","slug":"civil-kavalkad-2008","status":"publish","type":"post","link":"https:\/\/www.baglyasalja.hu\/baglyas\/?p=251","title":{"rendered":"Civil Kavalk\u00e1d 2008."},"content":{"rendered":"<p>A Bar&aacute;ti K&ouml;r k&eacute;pviseltette mag&aacute;t a k&eacute;t napos &quot;Civil Kavalk&aacute;d&quot; programjain.<\/p>\n<p>Ki&aacute;ll&iacute;t&aacute;s&nbsp; a kultur&aacute;lis &eacute;s m\u0171v&eacute;szeti tev&eacute;kenys&eacute;get folytat&oacute; civil szervezetek munk&aacute;ib&oacute;l a <a href=\"\/www.bbmk.hu\/\" target=\"_blank\">Balassi B&aacute;lint Megyei K&ouml;nyvt&aacute;r &eacute;s K&ouml;zm\u0171vel\u0151d&eacute;si Int&eacute;zetben<\/a><\/p>\n<p><img decoding=\"async\" src=\"http:\/\/baglyasalja.hu\/baglyas\/wp-content\/gallery\/081128\/081128_01.jpg\" alt=\"\" \/><\/p>\n<p>P&oacute;diumbesz&eacute;lget&eacute;s a civil szervezetek hely&eacute;r\u0151l, szerep&eacute;r\u0151l a v&aacute;ros k&ouml;z&eacute;let&eacute;ben, a hat&aacute;r menti kapcsolatok er\u0151s&iacute;t&eacute;s&eacute;nek lehet\u0151s&eacute;geir\u0151l.<\/p>\n<p><img decoding=\"async\" src=\"http:\/\/baglyasalja.hu\/baglyas\/wp-content\/gallery\/081128\/081128_05.jpg\" alt=\"\" \/><\/p>\n<p><img decoding=\"async\" src=\"http:\/\/baglyasalja.hu\/baglyas\/wp-content\/gallery\/081128\/081128_06b.jpg\" alt=\"\" \/><\/p>\n<p>&nbsp;A&nbsp; &iacute;zel&iacute;t\u0151 a r&eacute;sztvev\u0151 civil szervezetek bemutatkoz&oacute; ki&aacute;ll&iacute;t&aacute;saib&oacute;l<\/p>\n<p><img decoding=\"async\" src=\"http:\/\/baglyasalja.hu\/baglyas\/wp-content\/gallery\/081128\/081128_09.jpg\" alt=\"\" \/><\/p>\n<p><img decoding=\"async\" src=\"http:\/\/baglyasalja.hu\/baglyas\/wp-content\/gallery\/081128\/081128_12.jpg\" alt=\"\" \/><\/p>\n<p><img decoding=\"async\" src=\"http:\/\/baglyasalja.hu\/baglyas\/wp-content\/gallery\/081128\/081128_14.jpg\" alt=\"\" \/><\/p>\n<p><img decoding=\"async\" src=\"http:\/\/baglyasalja.hu\/baglyas\/wp-content\/gallery\/081128\/081128_22.jpg\" alt=\"\" \/><\/p>\n<p><img decoding=\"async\" src=\"http:\/\/baglyasalja.hu\/baglyas\/wp-content\/gallery\/081128\/081128_28.jpg\" alt=\"\" \/><\/p>\n<p><img decoding=\"async\" src=\"http:\/\/baglyasalja.hu\/baglyas\/wp-content\/gallery\/081128\/081128_31.jpg\" alt=\"\" \/><\/p>\n<p>A Bar&aacute;ti K&ouml;r ki&aacute;ll&iacute;t&oacute;helye<\/p>\n<p><img decoding=\"async\" src=\"http:\/\/baglyasalja.hu\/baglyas\/wp-content\/gallery\/081128\/081128_32.jpg\" alt=\"\" \/><\/p>\n<p><img decoding=\"async\" src=\"http:\/\/baglyasalja.hu\/baglyas\/wp-content\/gallery\/081128\/081128_34.jpg\" alt=\"\" \/><\/p>\n<p><img decoding=\"async\" src=\"http:\/\/baglyasalja.hu\/baglyas\/wp-content\/gallery\/081128\/081128_37.jpg\" alt=\"\" \/><\/p>\n<p>El\u0151ad&aacute;sok, szekci&oacute;&uuml;l&eacute;sek a civil szervez\u0151d&eacute;sek hely&eacute;r\u0151l, a hat&aacute;ron &aacute;tny&uacute;l&oacute; kapcsolatok lehet\u0151s&eacute;geir\u0151l<\/p>\n<p><img decoding=\"async\" src=\"http:\/\/baglyasalja.hu\/baglyas\/wp-content\/gallery\/081128\/081128_39.jpg\" alt=\"\" \/><\/p>\n<p><img decoding=\"async\" src=\"http:\/\/baglyasalja.hu\/baglyas\/wp-content\/gallery\/081128\/081128_40.jpg\" alt=\"\" \/><\/p>\n<p><img decoding=\"async\" alt=\"\" src=\"http:\/\/baglyasalja.hu\/baglyas\/wp-content\/gallery\/081128\/081128_45.jpg\" \/><\/p>\n<p>&nbsp;<\/p>\n<p>Tov&aacute;bbi k&eacute;pek:<\/p>\n<p>&nbsp;<\/p>\n\n","protected":false},"excerpt":{"rendered":"<p>A Bar&aacute;ti K&ouml;r k&eacute;pviseltette mag&aacute;t a k&eacute;t napos &quot;Civil Kavalk&aacute;d&quot; programjain. Ki&aacute;ll&iacute;t&aacute;s&nbsp; a kultur&aacute;lis &eacute;s m\u0171v&eacute;szeti tev&eacute;kenys&eacute;get folytat&oacute; civil szervezetek munk&aacute;ib&oacute;l a Balassi B&aacute;lint Megyei K&ouml;nyvt&aacute;r &eacute;s K&ouml;zm\u0171vel\u0151d&eacute;si Int&eacute;zetben P&oacute;diumbesz&eacute;lget&eacute;s a civil szervezetek hely&eacute;r\u0151l,&#46;&#46;&#46;<\/p>\n","protected":false},"author":1,"featured_media":0,"comment_status":"open","ping_status":"open","sticky":false,"template":"","format":"standard","meta":{"footnotes":""},"categories":[1],"tags":[],"class_list":["post-251","post","type-post","status-publish","format-standard","hentry","category-baglyasalja"],"_links":{"self":[{"href":"https:\/\/www.baglyasalja.hu\/baglyas\/index.php?rest_route=\/wp\/v2\/posts\/251","targetHints":{"allow":["GET"]}}],"collection":[{"href":"https:\/\/www.baglyasalja.hu\/baglyas\/index.php?rest_route=\/wp\/v2\/posts"}],"about":[{"href":"https:\/\/www.baglyasalja.hu\/baglyas\/index.php?rest_route=\/wp\/v2\/types\/post"}],"author":[{"embeddable":true,"href":"https:\/\/www.baglyasalja.hu\/baglyas\/index.php?rest_route=\/wp\/v2\/users\/1"}],"replies":[{"embeddable":true,"href":"https:\/\/www.baglyasalja.hu\/baglyas\/index.php?rest_route=%2Fwp%2Fv2%2Fcomments&post=251"}],"version-history":[{"count":0,"href":"https:\/\/www.baglyasalja.hu\/baglyas\/index.php?rest_route=\/wp\/v2\/posts\/251\/revisions"}],"wp:attachment":[{"href":"https:\/\/www.baglyasalja.hu\/baglyas\/index.php?rest_route=%2Fwp%2Fv2%2Fmedia&parent=251"}],"wp:term":[{"taxonomy":"category","embeddable":true,"href":"https:\/\/www.baglyasalja.hu\/baglyas\/index.php?rest_route=%2Fwp%2Fv2%2Fcategories&post=251"},{"taxonomy":"post_tag","embeddable":true,"href":"https:\/\/www.baglyasalja.hu\/baglyas\/index.php?rest_route=%2Fwp%2Fv2%2Ftags&post=251"}],"curies":[{"name":"wp","href":"https:\/\/api.w.org\/{rel}","templated":true}]}}