{"id":2302,"date":"2014-03-21T09:07:14","date_gmt":"2014-03-21T07:07:14","guid":{"rendered":"http:\/\/www.baglyasalja.hu\/baglyas\/?p=2302"},"modified":"2014-05-17T19:49:27","modified_gmt":"2014-05-17T17:49:27","slug":"hazateres-a-szulofoldre-2","status":"publish","type":"post","link":"https:\/\/www.baglyasalja.hu\/baglyas\/?p=2302","title":{"rendered":"\u201eHazat\u00e9r\u00e9s a sz\u00fcl\u0151f\u00f6ldre\u201d"},"content":{"rendered":"<p style=\"text-align: justify;\">Fot\u00f3st\u00e1rsak, bar\u00e1tok, a sz\u00fcl\u0151falu lak\u00f3inak k\u00e9pvisel\u0151i \u00e9s a Baglyask\u0151 Id\u0151sek Otthona lak\u00f3i m\u00e9lt\u00f3 m\u00f3don \u2013 fot\u00f3ib\u00f3l \u00f6ssze\u00e1ll\u00edtott ki\u00e1ll\u00edt\u00e1ssal \u2013 eml\u00e9keztek Lantos Istv\u00e1nra, a N\u00f3gr\u00e1d Megyei Fot\u00f3klub k\u00f6zelm\u00faltban elhunyt tagj\u00e1ra. Jelen volt a megnyit\u00f3n Lantos Istv\u00e1nn\u00e9, az alkot\u00f3 \u00f6zvegye is. A Baglyask\u0151 Gal\u00e9ria 36. ki\u00e1ll\u00edt\u00e1s\u00e1t \u2013 Holecz Istv\u00e1nn\u00e9 igazgat\u00f3 asszony k\u00f6sz\u00f6nt\u0151je ut\u00e1n \u2013 Homoga J\u00f3zsef a NMFkE eln\u00f6ke nyitotta meg, felid\u00e9zve \u00e9s m\u00e9ltatva Lantos Istv\u00e1n fot\u00f3s p\u00e1lyafut\u00e1s\u00e1t. A meghitt hangulat\u00fa esem\u00e9ny bevezet\u0151jek\u00e9nt Gluck Orfeusz c\u00edm\u0171 oper\u00e1j\u00e1b\u00f3l a Boldog lelkek t\u00e1nca r\u00e9szletet Szomsz\u00e9d Ter\u00e9zia adta el\u0151 fuvol\u00e1n. Juh\u00e1sz Gyula: Himnusz az emberhez c\u00edm\u0171 vers\u00e9t, Juh\u00e1sz Istv\u00e1nn\u00e9 mondta el.<\/p>\n<p style=\"text-align: justify;\">A ki\u00e1ll\u00edt\u00e1s m\u00e1jus 18-ig szabadon l\u00e1togathat\u00f3 minden nap 10 \u00e9s 18 \u00f3ra k\u00f6z\u00f6tt.<\/p>\n<p><img decoding=\"async\" class=\"alignnone\" src=\"http:\/\/www.baglyasalja.hu\/baglyas\/wp-content\/gallery\/140318\/140318_01.jpg\" alt=\"\" \/><!--more--><\/p>\n<p><img decoding=\"async\" class=\"alignnone\" src=\"http:\/\/www.baglyasalja.hu\/baglyas\/wp-content\/gallery\/140318\/140318_02.jpg\" alt=\"\" \/><\/p>\n<p><img decoding=\"async\" class=\"alignnone\" src=\"http:\/\/www.baglyasalja.hu\/baglyas\/wp-content\/gallery\/140318\/140318_03.jpg\" alt=\"\" \/><\/p>\n<p><img decoding=\"async\" class=\"alignnone\" src=\"http:\/\/www.baglyasalja.hu\/baglyas\/wp-content\/gallery\/140318\/140318_04.jpg\" alt=\"\" \/><\/p>\n<p><img decoding=\"async\" class=\"alignnone\" src=\"http:\/\/www.baglyasalja.hu\/baglyas\/wp-content\/gallery\/140318\/140318_05.jpg\" alt=\"\" \/><\/p>\n<p><img decoding=\"async\" class=\"alignnone\" src=\"http:\/\/www.baglyasalja.hu\/baglyas\/wp-content\/gallery\/140318\/140318_06.jpg\" alt=\"\" \/><\/p>\n<p><img decoding=\"async\" class=\"alignnone\" src=\"http:\/\/www.baglyasalja.hu\/baglyas\/wp-content\/gallery\/140318\/140318_07.jpg\" alt=\"\" \/><\/p>\n<p><img decoding=\"async\" class=\"alignnone\" src=\"http:\/\/www.baglyasalja.hu\/baglyas\/wp-content\/gallery\/140318\/140318_08.jpg\" alt=\"\" \/><\/p>\n<p><img decoding=\"async\" class=\"alignnone\" src=\"http:\/\/www.baglyasalja.hu\/baglyas\/wp-content\/gallery\/140318\/140318_09.jpg\" alt=\"\" \/><\/p>\n<p><img decoding=\"async\" class=\"alignnone\" src=\"http:\/\/www.baglyasalja.hu\/baglyas\/wp-content\/gallery\/140318\/140318_10.jpg\" alt=\"\" \/><\/p>\n<p><img decoding=\"async\" class=\"alignnone\" src=\"http:\/\/www.baglyasalja.hu\/baglyas\/wp-content\/gallery\/140318\/140318_11.jpg\" alt=\"\" \/><\/p>\n<p><img decoding=\"async\" class=\"alignnone\" src=\"http:\/\/www.baglyasalja.hu\/baglyas\/wp-content\/gallery\/140318\/140318_12.jpg\" alt=\"\" \/><\/p>\n<p><img decoding=\"async\" class=\"alignnone\" src=\"http:\/\/www.baglyasalja.hu\/baglyas\/wp-content\/gallery\/140318\/140318_13.jpg\" alt=\"\" \/><\/p>\n","protected":false},"excerpt":{"rendered":"<p>Fot\u00f3st\u00e1rsak, bar\u00e1tok, a sz\u00fcl\u0151falu lak\u00f3inak k\u00e9pvisel\u0151i \u00e9s a Baglyask\u0151 Id\u0151sek Otthona lak\u00f3i m\u00e9lt\u00f3 m\u00f3don \u2013 fot\u00f3ib\u00f3l \u00f6ssze\u00e1ll\u00edtott ki\u00e1ll\u00edt\u00e1ssal \u2013 eml\u00e9keztek Lantos Istv\u00e1nra, a N\u00f3gr\u00e1d Megyei Fot\u00f3klub k\u00f6zelm\u00faltban elhunyt tagj\u00e1ra. Jelen volt a megnyit\u00f3n Lantos&#46;&#46;&#46;<\/p>\n","protected":false},"author":1,"featured_media":0,"comment_status":"open","ping_status":"open","sticky":false,"template":"","format":"standard","meta":{"footnotes":""},"categories":[1],"tags":[],"class_list":["post-2302","post","type-post","status-publish","format-standard","hentry","category-baglyasalja"],"_links":{"self":[{"href":"https:\/\/www.baglyasalja.hu\/baglyas\/index.php?rest_route=\/wp\/v2\/posts\/2302","targetHints":{"allow":["GET"]}}],"collection":[{"href":"https:\/\/www.baglyasalja.hu\/baglyas\/index.php?rest_route=\/wp\/v2\/posts"}],"about":[{"href":"https:\/\/www.baglyasalja.hu\/baglyas\/index.php?rest_route=\/wp\/v2\/types\/post"}],"author":[{"embeddable":true,"href":"https:\/\/www.baglyasalja.hu\/baglyas\/index.php?rest_route=\/wp\/v2\/users\/1"}],"replies":[{"embeddable":true,"href":"https:\/\/www.baglyasalja.hu\/baglyas\/index.php?rest_route=%2Fwp%2Fv2%2Fcomments&post=2302"}],"version-history":[{"count":0,"href":"https:\/\/www.baglyasalja.hu\/baglyas\/index.php?rest_route=\/wp\/v2\/posts\/2302\/revisions"}],"wp:attachment":[{"href":"https:\/\/www.baglyasalja.hu\/baglyas\/index.php?rest_route=%2Fwp%2Fv2%2Fmedia&parent=2302"}],"wp:term":[{"taxonomy":"category","embeddable":true,"href":"https:\/\/www.baglyasalja.hu\/baglyas\/index.php?rest_route=%2Fwp%2Fv2%2Fcategories&post=2302"},{"taxonomy":"post_tag","embeddable":true,"href":"https:\/\/www.baglyasalja.hu\/baglyas\/index.php?rest_route=%2Fwp%2Fv2%2Ftags&post=2302"}],"curies":[{"name":"wp","href":"https:\/\/api.w.org\/{rel}","templated":true}]}}