{"id":2299,"date":"2014-03-21T09:03:26","date_gmt":"2014-03-21T07:03:26","guid":{"rendered":"http:\/\/www.baglyasalja.hu\/baglyas\/?p=2299"},"modified":"2014-05-17T19:49:33","modified_gmt":"2014-05-17T17:49:33","slug":"magyar-magyar-talalkozo-a-karancs-eszaki-oldalan","status":"publish","type":"post","link":"https:\/\/www.baglyasalja.hu\/baglyas\/?p=2299","title":{"rendered":"Magyar &#8211; magyar tal\u00e1lkoz\u00f3 a Karancs \u00e9szaki oldal\u00e1n"},"content":{"rendered":"<p style=\"text-align: justify;\">M\u00e1rcius 15-\u00e9n d\u00e9lut\u00e1n megtelt Cs\u00e1k\u00e1nyh\u00e1z\u00e1n (Szlov\u00e1kia) az \u00fcnnepi d\u00edszbe \u00f6lt\u00f6z\u00f6tt m\u0171vel\u0151d\u00e9si h\u00e1z. A helybeliek meleg szeretettel fogadt\u00e1k a Karancs-v\u00f6lgyb\u0151l \u00e9rkez\u0151 vend\u00e9geket.<br \/>\nA Magyar Himnusz el\u00e9nekl\u00e9se ut\u00e1n, G\u00e1sp\u00e1r B\u00e9la polg\u00e1rmester \u00far k\u00f6sz\u00f6nt\u00f6tte a jelenl\u00e9v\u0151ket, majd a Cs\u00e1k\u00e1nyh\u00e1z\u00e1r\u00f3l elsz\u00e1rmazott Szvor\u00e1k Zsuzsa, a f\u00fcleki Magyar Nyelv\u0171 Gimn\u00e1zium tan\u00e1ra m\u00e9ltatta nemzeti \u00fcnnep\u00fcnket, az egy\u00fctt\u00fcnnepl\u00e9s nagyszer\u0171s\u00e9g\u00e9t, amely F\u00f6ldin\u00e9 Patakfalvi Erzs\u00e9bet lelkes szervez\u0151munk\u00e1j\u00e1nak k\u00f6sz\u00f6nhet\u0151. A m\u0171sorfolyamot Bod\u00f3 M\u00f3nika, a Kanizsai Dorottya Eg\u00e9szs\u00e9g\u00fcgyi Szakk\u00f6z\u00e9piskola tanul\u00f3ja vezette. A program kiemelked\u0151 esem\u00e9nye volt F\u00fcst Antal: Karancs A pal\u00f3cok szent hegye c\u00edm\u0171 k\u00f6nyv\u00e9nek bemutat\u00f3ja. A szerz\u0151 besz\u00e9lget\u0151t\u00e1rsa Szilasi Andr\u00e1s volt. A k\u00f6nyvbemutat\u00f3 aktualit\u00e1s\u00e1t az adta, hogy a cs\u00e1k\u00e1nyh\u00e1zaiak is l\u00e1tj\u00e1k a falu f\u00f6l\u00f6tti dombr\u00f3l a Karancsot, \u00e9s gyakran zar\u00e1ndokolnak a hegyen \u00e1ll\u00f3 Margit-k\u00e1poln\u00e1hoz. Az \u00fcnnepi m\u0171sorban k\u00f6zrem\u0171k\u00f6dtek: a Cs\u00e1k\u00e1nyh\u00e1zai Gy\u00f6ngyvir\u00e1g Asszonyk\u00f3rus, a Karancs Kincse Vegyes-k\u00f3rus, a Karancsaljai Rozmaring N\u00e9pdalk\u00f6r, a Karancskeszi Sziv\u00e1rv\u00e1ny N\u00e9pdalk\u00f6r, a De\u00e1k Fam\u00edlia Zenekar, a Cs\u00e1k\u00e1nyh\u00e1zi Pal\u00f3cok T\u00e1nccsoport. Tepl\u00e1n S\u00e1ndorn\u00e9 \u00e9s Tor\u00e1k Tiborn\u00e9 verset mondott, Racs Lajosn\u00e9 a Karancs k\u00e1polna t\u00f6rt\u00e9net\u00e9r\u0151l sz\u00f3l\u00f3 elbesz\u00e9l\u00e9st olvasta f\u00f6l. Sz\u00f3l\u00f3t \u00e9nekelt Bog\u00e1r P\u00e1sztor M\u00f3nika, Nov\u00e1k S\u00e1ndor \u00e9s Tepl\u00e1n S\u00e1ndor aranykoszor\u00fas n\u00f3ta- \u00e9s dal\u00e9nekes. Az \u00fcnneps\u00e9get Kov\u00e1cs J\u00f3zsef, karancslapujt\u0151i pl\u00e9b\u00e1nos \u00far \u00e9nekes \u00e1ld\u00e1sa z\u00e1rta.<\/p>\n<p><img decoding=\"async\" class=\"alignnone\" src=\"http:\/\/www.baglyasalja.hu\/baglyas\/wp-content\/gallery\/140315\/140315_01.jpg\" alt=\"\" \/><!--more--><\/p>\n<p><img decoding=\"async\" class=\"alignnone\" src=\"http:\/\/www.baglyasalja.hu\/baglyas\/wp-content\/gallery\/140315\/140315_02.jpg\" alt=\"\" \/><\/p>\n<p><img decoding=\"async\" class=\"alignnone\" src=\"http:\/\/www.baglyasalja.hu\/baglyas\/wp-content\/gallery\/140315\/140315_03.jpg\" alt=\"\" \/><\/p>\n<p><img decoding=\"async\" class=\"alignnone\" src=\"http:\/\/www.baglyasalja.hu\/baglyas\/wp-content\/gallery\/140315\/140315_04.jpg\" alt=\"\" \/><\/p>\n<p><img decoding=\"async\" class=\"alignnone\" src=\"http:\/\/www.baglyasalja.hu\/baglyas\/wp-content\/gallery\/140315\/140315_05.jpg\" alt=\"\" \/><\/p>\n<p><img decoding=\"async\" class=\"alignnone\" src=\"http:\/\/www.baglyasalja.hu\/baglyas\/wp-content\/gallery\/140315\/140315_06.jpg\" alt=\"\" \/><\/p>\n<p><img decoding=\"async\" class=\"alignnone\" src=\"http:\/\/www.baglyasalja.hu\/baglyas\/wp-content\/gallery\/140315\/140315_07.jpg\" alt=\"\" \/><\/p>\n<p><img decoding=\"async\" class=\"alignnone\" src=\"http:\/\/www.baglyasalja.hu\/baglyas\/wp-content\/gallery\/140315\/140315_08.jpg\" alt=\"\" \/><\/p>\n<p><img decoding=\"async\" class=\"alignnone\" src=\"http:\/\/www.baglyasalja.hu\/baglyas\/wp-content\/gallery\/140315\/140315_09.jpg\" alt=\"\" \/><\/p>\n<p><img decoding=\"async\" class=\"alignnone\" src=\"http:\/\/www.baglyasalja.hu\/baglyas\/wp-content\/gallery\/140315\/140315_10.jpg\" alt=\"\" \/><\/p>\n<p><img decoding=\"async\" class=\"alignnone\" src=\"http:\/\/www.baglyasalja.hu\/baglyas\/wp-content\/gallery\/140315\/140315_11.jpg\" alt=\"\" \/><\/p>\n<p><img decoding=\"async\" class=\"alignnone\" src=\"http:\/\/www.baglyasalja.hu\/baglyas\/wp-content\/gallery\/140315\/140315_12.jpg\" alt=\"\" \/><\/p>\n","protected":false},"excerpt":{"rendered":"<p>M\u00e1rcius 15-\u00e9n d\u00e9lut\u00e1n megtelt Cs\u00e1k\u00e1nyh\u00e1z\u00e1n (Szlov\u00e1kia) az \u00fcnnepi d\u00edszbe \u00f6lt\u00f6z\u00f6tt m\u0171vel\u0151d\u00e9si h\u00e1z. A helybeliek meleg szeretettel fogadt\u00e1k a Karancs-v\u00f6lgyb\u0151l \u00e9rkez\u0151 vend\u00e9geket. A Magyar Himnusz el\u00e9nekl\u00e9se ut\u00e1n, G\u00e1sp\u00e1r B\u00e9la polg\u00e1rmester \u00far k\u00f6sz\u00f6nt\u00f6tte a jelenl\u00e9v\u0151ket, majd&#46;&#46;&#46;<\/p>\n","protected":false},"author":1,"featured_media":0,"comment_status":"open","ping_status":"open","sticky":false,"template":"","format":"standard","meta":{"footnotes":""},"categories":[1],"tags":[],"class_list":["post-2299","post","type-post","status-publish","format-standard","hentry","category-baglyasalja"],"_links":{"self":[{"href":"https:\/\/www.baglyasalja.hu\/baglyas\/index.php?rest_route=\/wp\/v2\/posts\/2299","targetHints":{"allow":["GET"]}}],"collection":[{"href":"https:\/\/www.baglyasalja.hu\/baglyas\/index.php?rest_route=\/wp\/v2\/posts"}],"about":[{"href":"https:\/\/www.baglyasalja.hu\/baglyas\/index.php?rest_route=\/wp\/v2\/types\/post"}],"author":[{"embeddable":true,"href":"https:\/\/www.baglyasalja.hu\/baglyas\/index.php?rest_route=\/wp\/v2\/users\/1"}],"replies":[{"embeddable":true,"href":"https:\/\/www.baglyasalja.hu\/baglyas\/index.php?rest_route=%2Fwp%2Fv2%2Fcomments&post=2299"}],"version-history":[{"count":0,"href":"https:\/\/www.baglyasalja.hu\/baglyas\/index.php?rest_route=\/wp\/v2\/posts\/2299\/revisions"}],"wp:attachment":[{"href":"https:\/\/www.baglyasalja.hu\/baglyas\/index.php?rest_route=%2Fwp%2Fv2%2Fmedia&parent=2299"}],"wp:term":[{"taxonomy":"category","embeddable":true,"href":"https:\/\/www.baglyasalja.hu\/baglyas\/index.php?rest_route=%2Fwp%2Fv2%2Fcategories&post=2299"},{"taxonomy":"post_tag","embeddable":true,"href":"https:\/\/www.baglyasalja.hu\/baglyas\/index.php?rest_route=%2Fwp%2Fv2%2Ftags&post=2299"}],"curies":[{"name":"wp","href":"https:\/\/api.w.org\/{rel}","templated":true}]}}