{"id":1818,"date":"2013-03-02T13:31:01","date_gmt":"2013-03-02T11:31:01","guid":{"rendered":"http:\/\/www.baglyasalja.hu\/baglyas\/?p=1818"},"modified":"2013-03-11T15:01:09","modified_gmt":"2013-03-11T13:01:09","slug":"civil-forum-2013","status":"publish","type":"post","link":"https:\/\/www.baglyasalja.hu\/baglyas\/?p=1818","title":{"rendered":"Civil F\u00f3rum 2013."},"content":{"rendered":"<p>Febru\u00e1r utols\u00f3 napj\u00e1nak d\u00e9lut\u00e1nj\u00e1n \u00fclt \u00f6ssze az idei Civil F\u00f3rum. A megjelent civileket a Salg\u00f3tarj\u00e1ni Liszt Ferenc Kamarak\u00f3rus gy\u00f6ny\u00f6r\u0171 dallamokkal k\u00f6sz\u00f6nt\u00f6tte. Majd E\u00f6tv\u00f6s Mih\u00e1ly alpolg\u00e1rmester adott t\u00e1j\u00e9koztat\u00e1st Salg\u00f3tarj\u00e1n nemr\u00e9g elfogadott k\u00f6lts\u00e9gvet\u00e9s\u00e9r\u0151l, a v\u00e1ros jelenlegi gazdas\u00e1gi helyzet\u00e9r\u0151l. A kiemelked\u0151 munk\u00e1t v\u00e9gz\u0151 civilek \u2013 k\u00f6zt\u00fck Shah Timor \u2013 elismer\u0151 oklevelet vettek \u00e1t a Salg\u00f3tarj\u00e1ni Civilek\u00e9rt K\u00f6zhaszn\u00fa Alap\u00edtv\u00e1ny \u00e9s a Salg\u00f3tarj\u00e1ni Civil Kerekasztal vezet\u0151it\u0151l. A \u201eCivilek a V\u00e1ros\u00e9rt\u201d d\u00edjat a Salg\u00f3tarj\u00e1ni T\u00e1jak, Korok, M\u00fazeumok Klub Egyes\u00fclete kapta. Ezt k\u00f6vet\u0151en Uramecz J\u00e1nos a SCK eln\u00f6ke adott sz\u00e1mot a szervezet elm\u00falt \u00e9vi tev\u00e9kenys\u00e9g\u00e9r\u0151l. Az esem\u00e9nyt P\u00f3czos M\u00e1ty\u00e1s k\u00fcl\u00f6nleges teker\u0151lant muzsik\u00e1val sz\u00ednes\u00edtette.<\/p>\n<p><img decoding=\"async\" class=\"alignnone\" alt=\"\" src=\"http:\/\/www.baglyasalja.hu\/baglyas\/wp-content\/gallery\/130301\/130301_01.jpg\" \/><!--more--><\/p>\n<p><img decoding=\"async\" class=\"alignnone\" alt=\"\" src=\"http:\/\/www.baglyasalja.hu\/baglyas\/wp-content\/gallery\/130301\/130301_02.jpg\" \/><\/p>\n<p><img decoding=\"async\" class=\"alignnone\" alt=\"\" src=\"http:\/\/www.baglyasalja.hu\/baglyas\/wp-content\/gallery\/130301\/130301_03.jpg\" \/><\/p>\n<p><img decoding=\"async\" class=\"alignnone\" alt=\"\" src=\"http:\/\/www.baglyasalja.hu\/baglyas\/wp-content\/gallery\/130301\/130301_04.jpg\" \/><\/p>\n<p><img decoding=\"async\" class=\"alignnone\" alt=\"\" src=\"http:\/\/www.baglyasalja.hu\/baglyas\/wp-content\/gallery\/130301\/130301_05.jpg\" \/><\/p>\n<p><img decoding=\"async\" class=\"alignnone\" alt=\"\" src=\"http:\/\/www.baglyasalja.hu\/baglyas\/wp-content\/gallery\/130301\/130301_06.jpg\" \/><\/p>\n<p><img decoding=\"async\" class=\"alignnone\" alt=\"\" src=\"http:\/\/www.baglyasalja.hu\/baglyas\/wp-content\/gallery\/130301\/130301_07.jpg\" \/><\/p>\n<p><img decoding=\"async\" class=\"alignnone\" alt=\"\" src=\"http:\/\/www.baglyasalja.hu\/baglyas\/wp-content\/gallery\/130301\/130301_08.jpg\" \/><\/p>\n<p><img decoding=\"async\" class=\"alignnone\" alt=\"\" src=\"http:\/\/www.baglyasalja.hu\/baglyas\/wp-content\/gallery\/130301\/130301_09.jpg\" \/><\/p>\n<p><img decoding=\"async\" class=\"alignnone\" alt=\"\" src=\"http:\/\/www.baglyasalja.hu\/baglyas\/wp-content\/gallery\/130301\/130301_10.jpg\" \/><\/p>\n<p><img decoding=\"async\" class=\"alignnone\" alt=\"\" src=\"http:\/\/www.baglyasalja.hu\/baglyas\/wp-content\/gallery\/130301\/130301_11.jpg\" \/><\/p>\n<p><img decoding=\"async\" class=\"alignnone\" alt=\"\" src=\"http:\/\/www.baglyasalja.hu\/baglyas\/wp-content\/gallery\/130301\/130301_12.jpg\" \/><\/p>\n<p><img decoding=\"async\" class=\"alignnone\" alt=\"\" src=\"http:\/\/www.baglyasalja.hu\/baglyas\/wp-content\/gallery\/130301\/130301_13.jpg\" \/><\/p>\n<p><img decoding=\"async\" class=\"alignnone\" alt=\"\" src=\"http:\/\/www.baglyasalja.hu\/baglyas\/wp-content\/gallery\/130301\/130301_14.jpg\" \/><\/p>\n<p><img decoding=\"async\" class=\"alignnone\" alt=\"\" src=\"http:\/\/www.baglyasalja.hu\/baglyas\/wp-content\/gallery\/130301\/130301_15.jpg\" \/><\/p>\n","protected":false},"excerpt":{"rendered":"<p>Febru\u00e1r utols\u00f3 napj\u00e1nak d\u00e9lut\u00e1nj\u00e1n \u00fclt \u00f6ssze az idei Civil F\u00f3rum. A megjelent civileket a Salg\u00f3tarj\u00e1ni Liszt Ferenc Kamarak\u00f3rus gy\u00f6ny\u00f6r\u0171 dallamokkal k\u00f6sz\u00f6nt\u00f6tte. Majd E\u00f6tv\u00f6s Mih\u00e1ly alpolg\u00e1rmester adott t\u00e1j\u00e9koztat\u00e1st Salg\u00f3tarj\u00e1n nemr\u00e9g elfogadott k\u00f6lts\u00e9gvet\u00e9s\u00e9r\u0151l, a v\u00e1ros jelenlegi&#46;&#46;&#46;<\/p>\n","protected":false},"author":1,"featured_media":0,"comment_status":"open","ping_status":"open","sticky":false,"template":"","format":"standard","meta":{"footnotes":""},"categories":[1],"tags":[],"class_list":["post-1818","post","type-post","status-publish","format-standard","hentry","category-baglyasalja"],"_links":{"self":[{"href":"https:\/\/www.baglyasalja.hu\/baglyas\/index.php?rest_route=\/wp\/v2\/posts\/1818","targetHints":{"allow":["GET"]}}],"collection":[{"href":"https:\/\/www.baglyasalja.hu\/baglyas\/index.php?rest_route=\/wp\/v2\/posts"}],"about":[{"href":"https:\/\/www.baglyasalja.hu\/baglyas\/index.php?rest_route=\/wp\/v2\/types\/post"}],"author":[{"embeddable":true,"href":"https:\/\/www.baglyasalja.hu\/baglyas\/index.php?rest_route=\/wp\/v2\/users\/1"}],"replies":[{"embeddable":true,"href":"https:\/\/www.baglyasalja.hu\/baglyas\/index.php?rest_route=%2Fwp%2Fv2%2Fcomments&post=1818"}],"version-history":[{"count":0,"href":"https:\/\/www.baglyasalja.hu\/baglyas\/index.php?rest_route=\/wp\/v2\/posts\/1818\/revisions"}],"wp:attachment":[{"href":"https:\/\/www.baglyasalja.hu\/baglyas\/index.php?rest_route=%2Fwp%2Fv2%2Fmedia&parent=1818"}],"wp:term":[{"taxonomy":"category","embeddable":true,"href":"https:\/\/www.baglyasalja.hu\/baglyas\/index.php?rest_route=%2Fwp%2Fv2%2Fcategories&post=1818"},{"taxonomy":"post_tag","embeddable":true,"href":"https:\/\/www.baglyasalja.hu\/baglyas\/index.php?rest_route=%2Fwp%2Fv2%2Ftags&post=1818"}],"curies":[{"name":"wp","href":"https:\/\/api.w.org\/{rel}","templated":true}]}}