{"id":1756,"date":"2012-12-21T12:39:25","date_gmt":"2012-12-21T10:39:25","guid":{"rendered":"http:\/\/www.baglyasalja.hu\/baglyas\/?p=1756"},"modified":"2012-12-21T12:43:02","modified_gmt":"2012-12-21T10:43:02","slug":"karacsonyi-ajandekkosar-3","status":"publish","type":"post","link":"https:\/\/www.baglyasalja.hu\/baglyas\/?p=1756","title":{"rendered":"Kar\u00e1csonyi Aj\u00e1nd\u00e9kkos\u00e1r"},"content":{"rendered":"<p>Ism\u00e9t megtelt a Kar\u00e1csonyi Aj\u00e1nd\u00e9kkos\u00e1r a Baglyask\u0151 Id\u0151sek Otthon\u00e1ban.<\/p>\n<p>A helyb\u00e9li \u00f3vod\u00e1sok, di\u00e1kotthonosok, valamint a Hib\u00f3 Tam\u00e1s M\u0171v\u00e9szeti Iskola sz\u00ednj\u00e1tsz\u00f3i, a Kanizsai Dorottya Eg\u00e9szs\u00e9g\u00fcgyi Szakk\u00f6z\u00e9piskola k\u00f3rusa, a Folt N\u00e9pzenei Egy\u00fcttes \u00e9s az Ifj\u00fa N\u00f3gr\u00e1d T\u00e1ncegy\u00fcttes tagjai hozt\u00e1k el kar\u00e1csonyi aj\u00e1nd\u00e9km\u0171sorukat a Baglyask\u0151 Id\u0151sek Otthon\u00e1ba 2012. december 19-\u00e9n d\u00e9lel\u0151tt. Az otthonlak\u00f3kat \u00e9s az \u00e9rdekl\u0151d\u0151 baglyasaljaiakat Szvor\u00e1d Andr\u00e1sn\u00e9 az int\u00e9zet igazgat\u00f3ja k\u00f6sz\u00f6nt\u00f6tte. Majd Gere Erzs\u00e9bet, az otthon gondoz\u00f3n\u0151je sorra sz\u00f3l\u00edtotta az aj\u00e1nd\u00e9khoz\u00f3kat.<\/p>\n<p>&nbsp;<\/p>\n<p>[nggallery id=137]<\/p>\n","protected":false},"excerpt":{"rendered":"<p>Ism\u00e9t megtelt a Kar\u00e1csonyi Aj\u00e1nd\u00e9kkos\u00e1r a Baglyask\u0151 Id\u0151sek Otthon\u00e1ban. A helyb\u00e9li \u00f3vod\u00e1sok, di\u00e1kotthonosok, valamint a Hib\u00f3 Tam\u00e1s M\u0171v\u00e9szeti Iskola sz\u00ednj\u00e1tsz\u00f3i, a Kanizsai Dorottya Eg\u00e9szs\u00e9g\u00fcgyi Szakk\u00f6z\u00e9piskola k\u00f3rusa, a Folt N\u00e9pzenei Egy\u00fcttes \u00e9s az Ifj\u00fa N\u00f3gr\u00e1d&#46;&#46;&#46;<\/p>\n","protected":false},"author":1,"featured_media":0,"comment_status":"open","ping_status":"open","sticky":false,"template":"","format":"standard","meta":{"footnotes":""},"categories":[1],"tags":[],"class_list":["post-1756","post","type-post","status-publish","format-standard","hentry","category-baglyasalja"],"_links":{"self":[{"href":"https:\/\/www.baglyasalja.hu\/baglyas\/index.php?rest_route=\/wp\/v2\/posts\/1756","targetHints":{"allow":["GET"]}}],"collection":[{"href":"https:\/\/www.baglyasalja.hu\/baglyas\/index.php?rest_route=\/wp\/v2\/posts"}],"about":[{"href":"https:\/\/www.baglyasalja.hu\/baglyas\/index.php?rest_route=\/wp\/v2\/types\/post"}],"author":[{"embeddable":true,"href":"https:\/\/www.baglyasalja.hu\/baglyas\/index.php?rest_route=\/wp\/v2\/users\/1"}],"replies":[{"embeddable":true,"href":"https:\/\/www.baglyasalja.hu\/baglyas\/index.php?rest_route=%2Fwp%2Fv2%2Fcomments&post=1756"}],"version-history":[{"count":0,"href":"https:\/\/www.baglyasalja.hu\/baglyas\/index.php?rest_route=\/wp\/v2\/posts\/1756\/revisions"}],"wp:attachment":[{"href":"https:\/\/www.baglyasalja.hu\/baglyas\/index.php?rest_route=%2Fwp%2Fv2%2Fmedia&parent=1756"}],"wp:term":[{"taxonomy":"category","embeddable":true,"href":"https:\/\/www.baglyasalja.hu\/baglyas\/index.php?rest_route=%2Fwp%2Fv2%2Fcategories&post=1756"},{"taxonomy":"post_tag","embeddable":true,"href":"https:\/\/www.baglyasalja.hu\/baglyas\/index.php?rest_route=%2Fwp%2Fv2%2Ftags&post=1756"}],"curies":[{"name":"wp","href":"https:\/\/api.w.org\/{rel}","templated":true}]}}