{"id":1674,"date":"2012-08-30T22:59:04","date_gmt":"2012-08-30T20:59:04","guid":{"rendered":"http:\/\/www.baglyasalja.hu\/baglyas\/?p=1674"},"modified":"2012-10-09T18:42:14","modified_gmt":"2012-10-09T16:42:14","slug":"dr-nyiri-laszlo-karpataljai-kepek-cimu-kiallitasanak-megnyitoja","status":"publish","type":"post","link":"https:\/\/www.baglyasalja.hu\/baglyas\/?p=1674","title":{"rendered":"dr. Ny\u00edri L\u00e1szl\u00f3 \u201e K\u00e1rp\u00e1taljai k\u00e9pek \u201e c\u00edm\u0171 ki\u00e1ll\u00edt\u00e1s\u00e1nak megnyit\u00f3ja"},"content":{"rendered":"<p>A Magyar Fotogr\u00e1fia Napj\u00e1t 524 alkot\u00f3 k\u00f6zrem\u0171k\u00f6d\u00e9s\u00e9vel, 79 szakmai programmal, 51 telep\u00fcl\u00e9sen, 3 orsz\u00e1gban \u00fcnnepelt\u00e9k a magyar fot\u00f3sok. A program r\u00e9szek\u00e9nt, a Baglyask\u0151 Id\u0151sek Otthon\u00e1ban dr. Ny\u00edri L\u00e1szl\u00f3 \u201e K\u00e1rp\u00e1taljai k\u00e9pek \u201e c\u00edm\u0171 ki\u00e1ll\u00edt\u00e1s\u00e1t Gubola Istv\u00e1n nyugalmazott k\u00f6z\u00e9piskolai tan\u00e1r, term\u00e9szetj\u00e1r\u00f3-t\u00faravezet\u0151 nyitotta meg. K\u00f6zrem\u0171k\u00f6d\u00f6tt az AKKORD F\u00fav\u00f3s Kisegy\u00fcttes. A k\u00e9pek szeptember v\u00e9g\u00e9ig, 9 \u00e9s 18 \u00f3ra k\u00f6z\u00f6tt, minden nap szabadon megtekinthet\u0151k.<\/p>\n<p><img decoding=\"async\" class=\"alignnone\" src=\"http:\/\/www.baglyasalja.hu\/baglyas\/wp-content\/gallery\/120828\/120828_01.jpg\" alt=\"\" \/><!--more--><\/p>\n<p><img decoding=\"async\" class=\"alignnone\" src=\"http:\/\/www.baglyasalja.hu\/baglyas\/wp-content\/gallery\/120828\/120828_02.jpg\" alt=\"\" \/><\/p>\n<p><img decoding=\"async\" class=\"alignnone\" src=\"http:\/\/www.baglyasalja.hu\/baglyas\/wp-content\/gallery\/120828\/120828_03.jpg\" alt=\"\" \/><\/p>\n<p><img decoding=\"async\" class=\"alignnone\" src=\"http:\/\/www.baglyasalja.hu\/baglyas\/wp-content\/gallery\/120828\/120828_04.jpg\" alt=\"\" \/><\/p>\n<p><img decoding=\"async\" class=\"alignnone\" src=\"http:\/\/www.baglyasalja.hu\/baglyas\/wp-content\/gallery\/120828\/120828_05.jpg\" alt=\"\" \/><\/p>\n<p><img decoding=\"async\" class=\"alignnone\" src=\"http:\/\/www.baglyasalja.hu\/baglyas\/wp-content\/gallery\/120828\/120828_06.jpg\" alt=\"\" \/><\/p>\n<p><img decoding=\"async\" class=\"alignnone\" src=\"http:\/\/www.baglyasalja.hu\/baglyas\/wp-content\/gallery\/120828\/120828_07.jpg\" alt=\"\" \/><\/p>\n<p><img decoding=\"async\" class=\"alignnone\" src=\"http:\/\/www.baglyasalja.hu\/baglyas\/wp-content\/gallery\/120828\/120828_08.jpg\" alt=\"\" \/><\/p>\n<p><img decoding=\"async\" class=\"alignnone\" src=\"http:\/\/www.baglyasalja.hu\/baglyas\/wp-content\/gallery\/120828\/120828_09.jpg\" alt=\"\" \/><\/p>\n<p><img decoding=\"async\" class=\"alignnone\" src=\"http:\/\/www.baglyasalja.hu\/baglyas\/wp-content\/gallery\/120828\/120828_10.jpg\" alt=\"\" \/><\/p>\n<p><img decoding=\"async\" class=\"alignnone\" src=\"http:\/\/www.baglyasalja.hu\/baglyas\/wp-content\/gallery\/120828\/120828_11.jpg\" alt=\"\" \/><\/p>\n<p><img decoding=\"async\" class=\"alignnone\" src=\"http:\/\/www.baglyasalja.hu\/baglyas\/wp-content\/gallery\/120828\/120828_12.jpg\" alt=\"\" \/><\/p>\n<p><img decoding=\"async\" class=\"alignnone\" src=\"http:\/\/www.baglyasalja.hu\/baglyas\/wp-content\/gallery\/120828\/120828_13.jpg\" alt=\"\" \/><\/p>\n<p>Fot\u00f3: Gecse Marg\u00f3, P. T\u00f3th L\u00e1szl\u00f3<\/p>\n","protected":false},"excerpt":{"rendered":"<p>A Magyar Fotogr\u00e1fia Napj\u00e1t 524 alkot\u00f3 k\u00f6zrem\u0171k\u00f6d\u00e9s\u00e9vel, 79 szakmai programmal, 51 telep\u00fcl\u00e9sen, 3 orsz\u00e1gban \u00fcnnepelt\u00e9k a magyar fot\u00f3sok. A program r\u00e9szek\u00e9nt, a Baglyask\u0151 Id\u0151sek Otthon\u00e1ban dr. Ny\u00edri L\u00e1szl\u00f3 \u201e K\u00e1rp\u00e1taljai k\u00e9pek \u201e c\u00edm\u0171 ki\u00e1ll\u00edt\u00e1s\u00e1t&#46;&#46;&#46;<\/p>\n","protected":false},"author":1,"featured_media":0,"comment_status":"open","ping_status":"open","sticky":false,"template":"","format":"standard","meta":{"footnotes":""},"categories":[1],"tags":[],"class_list":["post-1674","post","type-post","status-publish","format-standard","hentry","category-baglyasalja"],"_links":{"self":[{"href":"https:\/\/www.baglyasalja.hu\/baglyas\/index.php?rest_route=\/wp\/v2\/posts\/1674","targetHints":{"allow":["GET"]}}],"collection":[{"href":"https:\/\/www.baglyasalja.hu\/baglyas\/index.php?rest_route=\/wp\/v2\/posts"}],"about":[{"href":"https:\/\/www.baglyasalja.hu\/baglyas\/index.php?rest_route=\/wp\/v2\/types\/post"}],"author":[{"embeddable":true,"href":"https:\/\/www.baglyasalja.hu\/baglyas\/index.php?rest_route=\/wp\/v2\/users\/1"}],"replies":[{"embeddable":true,"href":"https:\/\/www.baglyasalja.hu\/baglyas\/index.php?rest_route=%2Fwp%2Fv2%2Fcomments&post=1674"}],"version-history":[{"count":0,"href":"https:\/\/www.baglyasalja.hu\/baglyas\/index.php?rest_route=\/wp\/v2\/posts\/1674\/revisions"}],"wp:attachment":[{"href":"https:\/\/www.baglyasalja.hu\/baglyas\/index.php?rest_route=%2Fwp%2Fv2%2Fmedia&parent=1674"}],"wp:term":[{"taxonomy":"category","embeddable":true,"href":"https:\/\/www.baglyasalja.hu\/baglyas\/index.php?rest_route=%2Fwp%2Fv2%2Fcategories&post=1674"},{"taxonomy":"post_tag","embeddable":true,"href":"https:\/\/www.baglyasalja.hu\/baglyas\/index.php?rest_route=%2Fwp%2Fv2%2Ftags&post=1674"}],"curies":[{"name":"wp","href":"https:\/\/api.w.org\/{rel}","templated":true}]}}