{"id":1528,"date":"2012-03-31T08:03:06","date_gmt":"2012-03-31T06:03:06","guid":{"rendered":"http:\/\/www.baglyasalja.hu\/baglyas\/?p=1528"},"modified":"2012-05-30T13:22:28","modified_gmt":"2012-05-30T11:22:28","slug":"voroskeresztes-taggyules-4","status":"publish","type":"post","link":"https:\/\/www.baglyasalja.hu\/baglyas\/?p=1528","title":{"rendered":"V\u00f6r\u00f6skeresztes taggy\u0171l\u00e9s"},"content":{"rendered":"<p>A Magyar V\u00f6r\u00f6skereszt Baglyasaljai Szervezete m\u00e1rcius 9-\u00e9n tartotta \u00e9ves k\u00f6zgy\u0171l\u00e9s\u00e9t, mely Feh\u00e9r Martin \u00e9s Berta Bogl\u00e1rka m\u0171sor\u00e1val,Bobrovics \u00c1rp\u00e1d, a Magyar V\u00f6r\u00f6skereszt N\u00f3gr\u00e1d Megyei Szervezete eln\u00f6ke \u00e9s Halla J\u00f3zsef N\u0151napi k\u00f6sz\u00f6nt\u0151j\u00e9vel, koccint\u00e1ssal \u00e9s aj\u00e1nd\u00e9kok \u00e1tad\u00e1s\u00e1val kezd\u0151d\u00f6tt. Vend\u00e9gk\u00e9nt jelen volt m\u00e9g Juh\u00e1szn\u00e9 Kincses Hel\u00e9na MVk. NM-i Szervezet\u00e9nek igazgat\u00f3ja \u00e9s Korponai Tam\u00e1s Baglyasalja \u00f6nkorm\u00e1nyzati k\u00e9pvisel\u0151je. A 2011-es \u00e9vben v\u00e9gzett munka \u00e9rt\u00e9kel\u00e9se ut\u00e1n a vezet\u0151s\u00e9gb\u0151l elb\u00facs\u00fazott: Csala Katalin eln\u00f6k, Szilasi Andr\u00e1sn\u00e9 titk\u00e1r, Csengeri Mih\u00e1lyn\u00e9 gazdas\u00e1gvezet\u0151, \u00c1cs Mikl\u00f3sn\u00e9, Budafoki J\u00f3zsefn\u00e9, G\u00e1losfai G\u00e1born\u00e9, Geszti J\u00f3zsefn\u00e9 \u00e9s Szegedi L\u00e1szl\u00f3n\u00e9 ter\u00fcletfelel\u0151s\u00f6k. A k\u00f6zgy\u0171l\u00e9s Klen\u00f3czkin\u00e9 Somly\u00f3i Editet eln\u00f6knek, Pint\u00e9r Attil\u00e1n\u00e9t titk\u00e1rnak megv\u00e1lasztotta.<\/p>\n<p><img decoding=\"async\" class=\"alignnone\" src=\"http:\/\/www.baglyasalja.hu\/baglyas\/wp-content\/gallery\/120306\/120306_01.jpg\" alt=\"\" \/><!--more--><\/p>\n<p><img decoding=\"async\" class=\"alignnone\" src=\"http:\/\/www.baglyasalja.hu\/baglyas\/wp-content\/gallery\/120306\/120306_02.jpg\" alt=\"\" \/><\/p>\n<p><img decoding=\"async\" class=\"alignnone\" src=\"http:\/\/www.baglyasalja.hu\/baglyas\/wp-content\/gallery\/120306\/120306_03.jpg\" alt=\"\" \/><\/p>\n<p><img decoding=\"async\" class=\"alignnone\" src=\"http:\/\/www.baglyasalja.hu\/baglyas\/wp-content\/gallery\/120306\/120306_04.jpg\" alt=\"\" \/><\/p>\n<p><img decoding=\"async\" class=\"alignnone\" src=\"http:\/\/www.baglyasalja.hu\/baglyas\/wp-content\/gallery\/120306\/120306_05.jpg\" alt=\"\" \/><\/p>\n<p><img decoding=\"async\" class=\"alignnone\" src=\"http:\/\/www.baglyasalja.hu\/baglyas\/wp-content\/gallery\/120306\/120306_06.jpg\" alt=\"\" \/><\/p>\n<p><img decoding=\"async\" class=\"alignnone\" src=\"http:\/\/www.baglyasalja.hu\/baglyas\/wp-content\/gallery\/120306\/120306_07.jpg\" alt=\"\" \/><\/p>\n<p><img decoding=\"async\" class=\"alignnone\" src=\"http:\/\/www.baglyasalja.hu\/baglyas\/wp-content\/gallery\/120306\/120306_08.jpg\" alt=\"\" \/><\/p>\n<p><img decoding=\"async\" class=\"alignnone\" src=\"http:\/\/www.baglyasalja.hu\/baglyas\/wp-content\/gallery\/120306\/120306_09.jpg\" alt=\"\" \/><\/p>\n<p><img decoding=\"async\" class=\"alignnone\" src=\"http:\/\/www.baglyasalja.hu\/baglyas\/wp-content\/gallery\/120306\/120306_10.jpg\" alt=\"\" \/><\/p>\n<p><img decoding=\"async\" class=\"alignnone\" src=\"http:\/\/www.baglyasalja.hu\/baglyas\/wp-content\/gallery\/120306\/120306_11.jpg\" alt=\"\" \/><\/p>\n<p><img decoding=\"async\" class=\"alignnone\" src=\"http:\/\/www.baglyasalja.hu\/baglyas\/wp-content\/gallery\/120306\/120306_12.jpg\" alt=\"\" \/><\/p>\n<p><img decoding=\"async\" class=\"alignnone\" src=\"http:\/\/www.baglyasalja.hu\/baglyas\/wp-content\/gallery\/120306\/120306_13.jpg\" alt=\"\" \/><\/p>\n<p><img decoding=\"async\" class=\"alignnone\" src=\"http:\/\/www.baglyasalja.hu\/baglyas\/wp-content\/gallery\/120306\/120306_14.jpg\" alt=\"\" \/><\/p>\n","protected":false},"excerpt":{"rendered":"<p>A Magyar V\u00f6r\u00f6skereszt Baglyasaljai Szervezete m\u00e1rcius 9-\u00e9n tartotta \u00e9ves k\u00f6zgy\u0171l\u00e9s\u00e9t, mely Feh\u00e9r Martin \u00e9s Berta Bogl\u00e1rka m\u0171sor\u00e1val,Bobrovics \u00c1rp\u00e1d, a Magyar V\u00f6r\u00f6skereszt N\u00f3gr\u00e1d Megyei Szervezete eln\u00f6ke \u00e9s Halla J\u00f3zsef N\u0151napi k\u00f6sz\u00f6nt\u0151j\u00e9vel, koccint\u00e1ssal \u00e9s aj\u00e1nd\u00e9kok \u00e1tad\u00e1s\u00e1val&#46;&#46;&#46;<\/p>\n","protected":false},"author":1,"featured_media":0,"comment_status":"open","ping_status":"open","sticky":false,"template":"","format":"standard","meta":{"footnotes":""},"categories":[1],"tags":[],"class_list":["post-1528","post","type-post","status-publish","format-standard","hentry","category-baglyasalja"],"_links":{"self":[{"href":"https:\/\/www.baglyasalja.hu\/baglyas\/index.php?rest_route=\/wp\/v2\/posts\/1528","targetHints":{"allow":["GET"]}}],"collection":[{"href":"https:\/\/www.baglyasalja.hu\/baglyas\/index.php?rest_route=\/wp\/v2\/posts"}],"about":[{"href":"https:\/\/www.baglyasalja.hu\/baglyas\/index.php?rest_route=\/wp\/v2\/types\/post"}],"author":[{"embeddable":true,"href":"https:\/\/www.baglyasalja.hu\/baglyas\/index.php?rest_route=\/wp\/v2\/users\/1"}],"replies":[{"embeddable":true,"href":"https:\/\/www.baglyasalja.hu\/baglyas\/index.php?rest_route=%2Fwp%2Fv2%2Fcomments&post=1528"}],"version-history":[{"count":0,"href":"https:\/\/www.baglyasalja.hu\/baglyas\/index.php?rest_route=\/wp\/v2\/posts\/1528\/revisions"}],"wp:attachment":[{"href":"https:\/\/www.baglyasalja.hu\/baglyas\/index.php?rest_route=%2Fwp%2Fv2%2Fmedia&parent=1528"}],"wp:term":[{"taxonomy":"category","embeddable":true,"href":"https:\/\/www.baglyasalja.hu\/baglyas\/index.php?rest_route=%2Fwp%2Fv2%2Fcategories&post=1528"},{"taxonomy":"post_tag","embeddable":true,"href":"https:\/\/www.baglyasalja.hu\/baglyas\/index.php?rest_route=%2Fwp%2Fv2%2Ftags&post=1528"}],"curies":[{"name":"wp","href":"https:\/\/api.w.org\/{rel}","templated":true}]}}