{"id":1483,"date":"2012-01-24T08:36:53","date_gmt":"2012-01-24T06:36:53","guid":{"rendered":"http:\/\/www.baglyasalja.hu\/baglyas\/?p=1483"},"modified":"2012-01-27T08:17:52","modified_gmt":"2012-01-27T06:17:52","slug":"titkari-bucsu","status":"publish","type":"post","link":"https:\/\/www.baglyasalja.hu\/baglyas\/?p=1483","title":{"rendered":"Titk\u00e1ri b\u00facs\u00fa"},"content":{"rendered":"<p>A Magyar V\u00f6r\u00f6skereszt Baglyasaljai Szervezet\u00e9ben t\u00f6bb \u00e9ve titk\u00e1ri feladatokat ell\u00e1t\u00f3 Szilasi Andr\u00e1sn\u00e9 \u00f6sszeh\u00edvta \u00f6nk\u00e9ntes seg\u00edt\u0151t\u00e1rsait. Megk\u00f6sz\u00f6nte cselekv\u0151 k\u00f6zrem\u0171k\u00f6d\u00e9s\u00fcket, egy-egy program sikeres megval\u00f3s\u00edt\u00e1s\u00e1ban, s hogy ezt lelkesen, f\u00e1radhatatlanul tett\u00e9k. Bejelentette a tiszts\u00e9gr\u0151l val\u00f3 lemond\u00e1s\u00e1t. A Magyar V\u00f6r\u00f6skereszt N\u00f3gr\u00e1d Megyei Szervezete nev\u00e9ben R\u00e1cz \u00c1kosn\u00e9 a Csal\u00e1dok \u00c1tmeneti Otthona igazgat\u00f3ja, a Baglyasalja Bar\u00e1tainak K\u00f6re eln\u00f6ke B\u00e1ti J\u00e1nosn\u00e9 \u00e9s a Baglyasaljai Tag\u00f3voda vezet\u0151je Czikor\u00e1n\u00e9 Bejczy Zita k\u00f6sz\u00f6nte meg az egy\u00fcttm\u0171k\u00f6d\u00e9st.<\/p>\n<p><img decoding=\"async\" class=\"alignnone\" src=\"http:\/\/www.baglyasalja.hu\/baglyas\/wp-content\/gallery\/120120\/120120_02.jpg\" alt=\"\" \/><!--more--><\/p>\n<p><img decoding=\"async\" class=\"alignnone\" src=\"http:\/\/www.baglyasalja.hu\/baglyas\/wp-content\/gallery\/120120\/120120_04.jpg\" alt=\"\" \/><\/p>\n<p><img decoding=\"async\" class=\"alignnone\" src=\"http:\/\/www.baglyasalja.hu\/baglyas\/wp-content\/gallery\/120120\/120120_10.jpg\" alt=\"\" \/><\/p>\n<p><img decoding=\"async\" class=\"alignnone\" src=\"http:\/\/www.baglyasalja.hu\/baglyas\/wp-content\/gallery\/120120\/120120_15.jpg\" alt=\"\" \/><\/p>\n<p><img decoding=\"async\" class=\"alignnone\" src=\"http:\/\/www.baglyasalja.hu\/baglyas\/wp-content\/gallery\/120120\/120120_21.jpg\" alt=\"\" \/><\/p>\n<p><img decoding=\"async\" class=\"alignnone\" src=\"http:\/\/www.baglyasalja.hu\/baglyas\/wp-content\/gallery\/120120\/120120_25.jpg\" alt=\"\" \/><\/p>\n<p><img decoding=\"async\" class=\"alignnone\" src=\"http:\/\/www.baglyasalja.hu\/baglyas\/wp-content\/gallery\/120120\/120120_27.jpg\" alt=\"\" \/><\/p>\n<p><strong>Tov\u00e1bbi k\u00e9pek:<\/strong><\/p>\n<p>[nggallery id=120]<\/p>\n","protected":false},"excerpt":{"rendered":"<p>A Magyar V\u00f6r\u00f6skereszt Baglyasaljai Szervezet\u00e9ben t\u00f6bb \u00e9ve titk\u00e1ri feladatokat ell\u00e1t\u00f3 Szilasi Andr\u00e1sn\u00e9 \u00f6sszeh\u00edvta \u00f6nk\u00e9ntes seg\u00edt\u0151t\u00e1rsait. Megk\u00f6sz\u00f6nte cselekv\u0151 k\u00f6zrem\u0171k\u00f6d\u00e9s\u00fcket, egy-egy program sikeres megval\u00f3s\u00edt\u00e1s\u00e1ban, s hogy ezt lelkesen, f\u00e1radhatatlanul tett\u00e9k. Bejelentette a tiszts\u00e9gr\u0151l val\u00f3 lemond\u00e1s\u00e1t. A&#46;&#46;&#46;<\/p>\n","protected":false},"author":1,"featured_media":0,"comment_status":"open","ping_status":"open","sticky":false,"template":"","format":"standard","meta":{"footnotes":""},"categories":[1],"tags":[],"class_list":["post-1483","post","type-post","status-publish","format-standard","hentry","category-baglyasalja"],"_links":{"self":[{"href":"https:\/\/www.baglyasalja.hu\/baglyas\/index.php?rest_route=\/wp\/v2\/posts\/1483","targetHints":{"allow":["GET"]}}],"collection":[{"href":"https:\/\/www.baglyasalja.hu\/baglyas\/index.php?rest_route=\/wp\/v2\/posts"}],"about":[{"href":"https:\/\/www.baglyasalja.hu\/baglyas\/index.php?rest_route=\/wp\/v2\/types\/post"}],"author":[{"embeddable":true,"href":"https:\/\/www.baglyasalja.hu\/baglyas\/index.php?rest_route=\/wp\/v2\/users\/1"}],"replies":[{"embeddable":true,"href":"https:\/\/www.baglyasalja.hu\/baglyas\/index.php?rest_route=%2Fwp%2Fv2%2Fcomments&post=1483"}],"version-history":[{"count":0,"href":"https:\/\/www.baglyasalja.hu\/baglyas\/index.php?rest_route=\/wp\/v2\/posts\/1483\/revisions"}],"wp:attachment":[{"href":"https:\/\/www.baglyasalja.hu\/baglyas\/index.php?rest_route=%2Fwp%2Fv2%2Fmedia&parent=1483"}],"wp:term":[{"taxonomy":"category","embeddable":true,"href":"https:\/\/www.baglyasalja.hu\/baglyas\/index.php?rest_route=%2Fwp%2Fv2%2Fcategories&post=1483"},{"taxonomy":"post_tag","embeddable":true,"href":"https:\/\/www.baglyasalja.hu\/baglyas\/index.php?rest_route=%2Fwp%2Fv2%2Ftags&post=1483"}],"curies":[{"name":"wp","href":"https:\/\/api.w.org\/{rel}","templated":true}]}}