{"id":1392,"date":"2011-10-22T22:54:01","date_gmt":"2011-10-22T20:54:01","guid":{"rendered":"http:\/\/www.baglyasalja.hu\/baglyas\/?p=1392"},"modified":"2011-10-22T22:54:01","modified_gmt":"2011-10-22T20:54:01","slug":"meghivo-40","status":"publish","type":"post","link":"https:\/\/www.baglyasalja.hu\/baglyas\/?p=1392","title":{"rendered":"Megh\u00edv\u00f3"},"content":{"rendered":"<p><img loading=\"lazy\" decoding=\"async\" class=\"aligncenter\" src=\"http:\/\/baglyasalja.hu\/web\/meghivo20111103.jpg\" alt=\"\" width=\"600\" height=\"400\" \/><\/p>\n<p>&nbsp;<\/p>\n<p><em>&#8222;Eredeti v\u00e9gzetts\u00e9gem g\u00e9p\u00e9szm\u00e9rn\u00f6k. K\u00f6z\u00e9piskol\u00e1s korom \u00f3ta foglalkozok fotogr\u00e1fi\u00e1val. Fot\u00f3s ismereteimet \u00f6nk\u00e9pz\u00e9ssel saj\u00e1t\u00edtottam el. Szabadid\u0151m nagy r\u00e9sz\u00e9t fot\u00f3z\u00e1ssal t\u00f6lt\u00f6m. Megismertem a fot\u00f3s technika leg\u00fajabb v\u00edvm\u00e1nyait. K\u00f6rszer\u0171 digit\u00e1lis eszk\u00f6z\u00f6kkel dolgozom. Szinte a fot\u00f3z\u00e1s valamennyi ter\u00fclet\u00e9vel foglalkozom. K\u00fcl\u00f6n\u00f6sen a t\u00e1ncm\u0171v\u00e9szet fot\u00f3z\u00e1sa \u00e9rdekel.<\/em><br \/>\n<em> T\u00f6bb hazai \u00e9s nemzetk\u00f6zi p\u00e1ly\u00e1zaton szerepeltem sikerrel.<\/em><br \/>\n<em> Alap\u00edt\u00f3ja voltam a k\u00f6z\u00e9piskolai \u00e9s k\u00e9s\u0151bb az egyetemi fot\u00f3klubnak. Egyetemi \u00e9veim alatt vezettem az egyetemi \u00fajs\u00e1g fot\u00f3rovat\u00e1t.<\/em><br \/>\n<em> Tagja vagyok a N\u00f3gr\u00e1d Megyei Fot\u00f3klub Egyes\u00fcletnek \u00e9s a Magyar Fot\u00f3m\u0171v\u00e9szeti Alkot\u00f3csoportok Orsz\u00e1gos Sz\u00f6vets\u00e9g\u00e9nek.&#8221;<\/em><\/p>\n","protected":false},"excerpt":{"rendered":"<p>&nbsp; &#8222;Eredeti v\u00e9gzetts\u00e9gem g\u00e9p\u00e9szm\u00e9rn\u00f6k. K\u00f6z\u00e9piskol\u00e1s korom \u00f3ta foglalkozok fotogr\u00e1fi\u00e1val. Fot\u00f3s ismereteimet \u00f6nk\u00e9pz\u00e9ssel saj\u00e1t\u00edtottam el. Szabadid\u0151m nagy r\u00e9sz\u00e9t fot\u00f3z\u00e1ssal t\u00f6lt\u00f6m. Megismertem a fot\u00f3s technika leg\u00fajabb v\u00edvm\u00e1nyait. K\u00f6rszer\u0171 digit\u00e1lis eszk\u00f6z\u00f6kkel dolgozom. Szinte a fot\u00f3z\u00e1s valamennyi ter\u00fclet\u00e9vel&#46;&#46;&#46;<\/p>\n","protected":false},"author":1,"featured_media":0,"comment_status":"open","ping_status":"open","sticky":false,"template":"","format":"standard","meta":{"footnotes":""},"categories":[1],"tags":[],"class_list":["post-1392","post","type-post","status-publish","format-standard","hentry","category-baglyasalja"],"_links":{"self":[{"href":"https:\/\/www.baglyasalja.hu\/baglyas\/index.php?rest_route=\/wp\/v2\/posts\/1392","targetHints":{"allow":["GET"]}}],"collection":[{"href":"https:\/\/www.baglyasalja.hu\/baglyas\/index.php?rest_route=\/wp\/v2\/posts"}],"about":[{"href":"https:\/\/www.baglyasalja.hu\/baglyas\/index.php?rest_route=\/wp\/v2\/types\/post"}],"author":[{"embeddable":true,"href":"https:\/\/www.baglyasalja.hu\/baglyas\/index.php?rest_route=\/wp\/v2\/users\/1"}],"replies":[{"embeddable":true,"href":"https:\/\/www.baglyasalja.hu\/baglyas\/index.php?rest_route=%2Fwp%2Fv2%2Fcomments&post=1392"}],"version-history":[{"count":0,"href":"https:\/\/www.baglyasalja.hu\/baglyas\/index.php?rest_route=\/wp\/v2\/posts\/1392\/revisions"}],"wp:attachment":[{"href":"https:\/\/www.baglyasalja.hu\/baglyas\/index.php?rest_route=%2Fwp%2Fv2%2Fmedia&parent=1392"}],"wp:term":[{"taxonomy":"category","embeddable":true,"href":"https:\/\/www.baglyasalja.hu\/baglyas\/index.php?rest_route=%2Fwp%2Fv2%2Fcategories&post=1392"},{"taxonomy":"post_tag","embeddable":true,"href":"https:\/\/www.baglyasalja.hu\/baglyas\/index.php?rest_route=%2Fwp%2Fv2%2Ftags&post=1392"}],"curies":[{"name":"wp","href":"https:\/\/api.w.org\/{rel}","templated":true}]}}