{"id":1186,"date":"2011-05-12T13:21:13","date_gmt":"2011-05-12T11:21:13","guid":{"rendered":"http:\/\/www.baglyasalja.hu\/?p=1186"},"modified":"2011-05-12T22:32:00","modified_gmt":"2011-05-12T20:32:00","slug":"baglyasko-var-termeszetvedelmi-latogatokozpont","status":"publish","type":"post","link":"https:\/\/www.baglyasalja.hu\/baglyas\/?p=1186","title":{"rendered":"Baglyask\u0151-v\u00e1r Term\u00e9szetv\u00e9delmi L\u00e1togat\u00f3K\u00f6zpont"},"content":{"rendered":"<p>Hivatalosan \u00e1tad\u00e1sra ker\u00fclt a \u201eBaglsask\u0151-v\u00e1r Term\u00e9szetv\u00e9delmi L\u00e1togat\u00f3k\u00f6zpont. A vend\u00e9geket Duska J\u00f3zsef a B\u00fckki Nemzeti Park Igazgat\u00f3s\u00e1g igazgat\u00f3ja k\u00f6sz\u00f6nt\u00f6tte. Avat\u00f3besz\u00e9det Becs\u00f3 Zsolt N\u00f3gr\u00e1d Megyei \u00d6nkorm\u00e1nyzat K\u00f6zgy\u0171l\u00e9s\u00e9nek eln\u00f6ke, orsz\u00e1ggy\u0171l\u00e9si k\u00e9pvisel\u0151 mondott. Az \u00e9p\u00fclet hivatalos haszn\u00e1latbav\u00e9tel\u00e9nek dokumentumait Sz\u00e9kyn\u00e9 dr. Sztr\u00e9mi\u00a0Melinda Salg\u00f3tarj\u00e1n Megyei Jog\u00fa V\u00e1ros polg\u00e1rmestere, orsz\u00e1ggy\u0171l\u00e9si k\u00e9pvisel\u0151, kedves szavakkal adta \u00e1t. Poh\u00e1rk\u00f6sz\u00f6nt\u0151t dr. Szab\u00f3 S\u00e1ndor korm\u00e1nymegb\u00edzott mondott. K\u00f6zrem\u0171k\u00f6dtek az AKKORD F\u00fav\u00f3segy\u00fcttes \u00e9s a SK\u00c1ID Kod\u00e1ly Zolt\u00e1n Tagiskola IV. oszt\u00e1lyosai.<\/p>\n<p><img decoding=\"async\" class=\"alignnone\" src=\"http:\/\/www.baglyasalja.hu\/baglyas\/wp-content\/gallery\/110512\/110512_01.jpg\" alt=\"\" \/><\/p>\n<p><img decoding=\"async\" class=\"alignnone\" src=\"http:\/\/www.baglyasalja.hu\/baglyas\/wp-content\/gallery\/110512\/110512_03.jpg\" alt=\"\" \/><\/p>\n<p><img decoding=\"async\" class=\"alignnone\" src=\"http:\/\/www.baglyasalja.hu\/baglyas\/wp-content\/gallery\/110512\/110512_04.jpg\" alt=\"\" \/><\/p>\n<p><img decoding=\"async\" class=\"alignnone\" src=\"http:\/\/www.baglyasalja.hu\/baglyas\/wp-content\/gallery\/110512\/110512_06.jpg\" alt=\"\" \/><\/p>\n<p><img decoding=\"async\" class=\"alignnone\" src=\"http:\/\/www.baglyasalja.hu\/baglyas\/wp-content\/gallery\/110512\/110512_07.jpg\" alt=\"\" \/><\/p>\n<p><img decoding=\"async\" class=\"alignnone\" src=\"http:\/\/www.baglyasalja.hu\/baglyas\/wp-content\/gallery\/110512\/110512_10.jpg\" alt=\"\" \/><\/p>\n<p><img decoding=\"async\" class=\"alignnone\" src=\"http:\/\/www.baglyasalja.hu\/baglyas\/wp-content\/gallery\/110512\/110512_13.jpg\" alt=\"\" \/><\/p>\n<p><img decoding=\"async\" class=\"alignnone\" src=\"http:\/\/www.baglyasalja.hu\/baglyas\/wp-content\/gallery\/110512\/110512_15.jpg\" alt=\"\" \/><\/p>\n<p><img decoding=\"async\" class=\"alignnone\" src=\"http:\/\/www.baglyasalja.hu\/baglyas\/wp-content\/gallery\/110512\/110512_16.jpg\" alt=\"\" \/><\/p>\n<p><img decoding=\"async\" class=\"alignnone\" src=\"http:\/\/www.baglyasalja.hu\/baglyas\/wp-content\/gallery\/110512\/110512_21.jpg\" alt=\"\" \/><\/p>\n<p>Baglyask\u0151 3D<\/p>\n<p><a href=\"http:\/\/blog.tarjanikepek.hu\/wp-content\/foto92\/baglyasko3D.jpg\"><img loading=\"lazy\" decoding=\"async\" class=\"alignnone\" src=\"http:\/\/blog.tarjanikepek.hu\/wp-content\/foto92\/baglyasko3Dk.jpg\" alt=\"\" width=\"600\" height=\"388\" \/><\/a><\/p>\n<p><strong>Tov\u00e1bbi k\u00e9pek:<\/strong><\/p>\n<p>[nggallery id=106]<\/p>\n","protected":false},"excerpt":{"rendered":"<p>Hivatalosan \u00e1tad\u00e1sra ker\u00fclt a \u201eBaglsask\u0151-v\u00e1r Term\u00e9szetv\u00e9delmi L\u00e1togat\u00f3k\u00f6zpont. A vend\u00e9geket Duska J\u00f3zsef a B\u00fckki Nemzeti Park Igazgat\u00f3s\u00e1g igazgat\u00f3ja k\u00f6sz\u00f6nt\u00f6tte. Avat\u00f3besz\u00e9det Becs\u00f3 Zsolt N\u00f3gr\u00e1d Megyei \u00d6nkorm\u00e1nyzat K\u00f6zgy\u0171l\u00e9s\u00e9nek eln\u00f6ke, orsz\u00e1ggy\u0171l\u00e9si k\u00e9pvisel\u0151 mondott. Az \u00e9p\u00fclet hivatalos haszn\u00e1latbav\u00e9tel\u00e9nek dokumentumait&#46;&#46;&#46;<\/p>\n","protected":false},"author":1,"featured_media":0,"comment_status":"open","ping_status":"open","sticky":false,"template":"","format":"standard","meta":{"footnotes":""},"categories":[1],"tags":[],"class_list":["post-1186","post","type-post","status-publish","format-standard","hentry","category-baglyasalja"],"_links":{"self":[{"href":"https:\/\/www.baglyasalja.hu\/baglyas\/index.php?rest_route=\/wp\/v2\/posts\/1186","targetHints":{"allow":["GET"]}}],"collection":[{"href":"https:\/\/www.baglyasalja.hu\/baglyas\/index.php?rest_route=\/wp\/v2\/posts"}],"about":[{"href":"https:\/\/www.baglyasalja.hu\/baglyas\/index.php?rest_route=\/wp\/v2\/types\/post"}],"author":[{"embeddable":true,"href":"https:\/\/www.baglyasalja.hu\/baglyas\/index.php?rest_route=\/wp\/v2\/users\/1"}],"replies":[{"embeddable":true,"href":"https:\/\/www.baglyasalja.hu\/baglyas\/index.php?rest_route=%2Fwp%2Fv2%2Fcomments&post=1186"}],"version-history":[{"count":0,"href":"https:\/\/www.baglyasalja.hu\/baglyas\/index.php?rest_route=\/wp\/v2\/posts\/1186\/revisions"}],"wp:attachment":[{"href":"https:\/\/www.baglyasalja.hu\/baglyas\/index.php?rest_route=%2Fwp%2Fv2%2Fmedia&parent=1186"}],"wp:term":[{"taxonomy":"category","embeddable":true,"href":"https:\/\/www.baglyasalja.hu\/baglyas\/index.php?rest_route=%2Fwp%2Fv2%2Fcategories&post=1186"},{"taxonomy":"post_tag","embeddable":true,"href":"https:\/\/www.baglyasalja.hu\/baglyas\/index.php?rest_route=%2Fwp%2Fv2%2Ftags&post=1186"}],"curies":[{"name":"wp","href":"https:\/\/api.w.org\/{rel}","templated":true}]}}