{"id":1143,"date":"2011-04-14T20:53:19","date_gmt":"2011-04-14T18:53:19","guid":{"rendered":"http:\/\/www.baglyasalja.hu\/?p=1143"},"modified":"2011-04-15T15:38:37","modified_gmt":"2011-04-15T13:38:37","slug":"kiallitas-megnyito","status":"publish","type":"post","link":"https:\/\/www.baglyasalja.hu\/baglyas\/?p=1143","title":{"rendered":"Ki\u00e1ll\u00edt\u00e1s megnyit\u00f3"},"content":{"rendered":"<div id=\"_mcePaste\">K\u00e9t fiatal \u2013 nagysz\u00fcleik r\u00e9v\u00e9n baglyasaljai k\u00f6t\u0151d\u00e9s\u0171 \u2013 alkot\u00f3,\u00a0Hal\u00e1sz No\u00e9mi\u00a0\u00e9s\u00a0F\u0171zi R\u00e9ka\u00a0k\u00e9peib\u0151l ny\u00edlt ki\u00e1ll\u00edt\u00e1s a Baglyask\u0151 Id\u0151sek Otthona gal\u00e9ri\u00e1j\u00e1ban. A ki\u00e1ll\u00edt\u00e1s naponta 8 \u00f3ra\u00e9s 18 \u00f3ra k\u00f6z\u00f6tt szabadon l\u00e1togathat\u00f3 m\u00e1jus 19-ig.<\/div>\n<p>A t\u00e1rlatot volt tan\u00e1ruk, F\u00f6ldi P\u00e9ter Kossuth-d\u00edjas, Pr\u00edma Primisszima-d\u00edjas fest\u0151m\u0171v\u00e9sz nyitotta meg, m\u00e9ltatva a tan\u00edtv\u00e1nyok tehets\u00e9g\u00e9t, m\u0171v\u00e9szi kvalit\u00e1sait.<\/p>\n<p><img decoding=\"async\" class=\"alignnone\" src=\"http:\/\/www.baglyasalja.hu\/baglyas\/wp-content\/gallery\/110414\/110414_07.jpg\" alt=\"\" \/><\/p>\n<p><img decoding=\"async\" class=\"alignnone\" src=\"http:\/\/www.baglyasalja.hu\/baglyas\/wp-content\/gallery\/110414\/110414_06.jpg\" alt=\"\" \/><\/p>\n<p><img decoding=\"async\" class=\"alignnone\" src=\"http:\/\/www.baglyasalja.hu\/baglyas\/wp-content\/gallery\/110414\/110414_10.jpg\" alt=\"\" \/><\/p>\n<p><img decoding=\"async\" class=\"alignnone\" src=\"http:\/\/www.baglyasalja.hu\/baglyas\/wp-content\/gallery\/110414\/110414_19.jpg\" alt=\"\" \/><\/p>\n<p><img decoding=\"async\" class=\"alignnone\" src=\"http:\/\/www.baglyasalja.hu\/baglyas\/wp-content\/gallery\/110414\/110414_25.jpg\" alt=\"\" \/><\/p>\n<p><img decoding=\"async\" class=\"alignnone\" src=\"http:\/\/www.baglyasalja.hu\/baglyas\/wp-content\/gallery\/110414\/110414_21.jpg\" alt=\"\" \/><\/p>\n<p>A megnyit\u00f3t a V\u00e1czi Gyula Alapfok\u00fa M\u0171v\u00e9szetoktat\u00e1si Int\u00e9zm\u00e9ny tan\u00e1ra, Somogyi J\u00falia fuvolam\u0171v\u00e9sz \u00e9s tan\u00edtv\u00e1nyai Goldmann J\u00falia, Nagy D\u00f3ra, Simon Dorina \u00e9s Szab\u00f3 Dorina fuvolaj\u00e1t\u00e9ka tette igaz\u00e1n \u00fcnnep\u00e9lyess\u00e9.<\/p>\n<p><img decoding=\"async\" class=\"alignnone\" src=\"http:\/\/www.baglyasalja.hu\/baglyas\/wp-content\/gallery\/110414\/110414_18.jpg\" alt=\"\" \/><\/p>\n<p><img decoding=\"async\" class=\"alignnone\" src=\"http:\/\/www.baglyasalja.hu\/baglyas\/wp-content\/gallery\/110414\/110414_30.jpg\" alt=\"\" \/><\/p>\n<p><img decoding=\"async\" class=\"alignnone\" src=\"http:\/\/www.baglyasalja.hu\/baglyas\/wp-content\/gallery\/110414\/110414_32.jpg\" alt=\"\" \/><\/p>\n<p><strong>Tov\u00e1bbi k\u00e9pek:<\/strong><\/p>\n<p>[nggallery id=104]<\/p>\n<h2><strong>Bemutatkoz\u00e1s<\/strong><\/h2>\n<h3><strong><em>Hal\u00e1sz No\u00e9mi<\/em><\/strong><\/h3>\n<p><strong><em> <\/em><\/strong><br \/>\n1986. febru\u00e1r 3-\u00e1n sz\u00fclettem Salg\u00f3tarj\u00e1nban. Itt j\u00e1rtam \u00f3vod\u00e1ba, \u00e9s itt kezdtem el az \u00e1ltal\u00e1nos iskola els\u0151 oszt\u00e1ly\u00e1t is, a Jurij Gagarin \u00c1ltal\u00e1nos Iskol\u00e1ban. 1993-ban sz\u00fcleimmel Egerbe k\u00f6lt\u00f6zt\u00fcnk, ahol egy, a t\u00e1ncm\u0171v\u00e9szetet t\u00e1mogat\u00f3 iskol\u00e1ba \u00edrattak be. Ily m\u00f3don az \u00e1ltal\u00e1nos iskola m\u00e1sodik oszt\u00e1ly\u00e1t\u00f3l kezdve v\u00e1lt a m\u0171v\u00e9szet \u00e1lland\u00f3 r\u00e9sz\u00e9v\u00e9 \u00e9letemnek. Az iskola ( a Dr. Kem\u00e9ny Ferenc \u00c1ltal\u00e1nos Iskola) a sport fontoss\u00e1g\u00e1ra is nagy hangs\u00falyt fektetett. Egy mag\u00e1n t\u00e1nciskol\u00e1val kar\u00f6ltve a mozg\u00e1sm\u0171v\u00e9szetet \u00e9s az amat\u0151r sz\u00ednj\u00e1tsz\u00e1st is megpr\u00f3b\u00e1lta beilleszteni az oktat\u00e1s\u00e1ba. L\u00e9trehoztak az \u00e9vfolyamon bel\u00fcl egy t\u00e1nctagozatos oszt\u00e1lyt, akik hetente t\u00f6bb alkalommal, \u00f3rarendbe illesztetten tanultak klasszikus \u00e9s modern balettet, jazz \u00e9s show t\u00e1ncot, valamint lehet\u0151s\u00e9g\u00fck volt a sz\u00ednj\u00e1tsz\u00e1s alapjaival is ismerkedni. Ehhez az oszt\u00e1lyhoz csatlakoztam a m\u00e1sodik \u00e9vt\u0151l. Sajnos a kezdem\u00e9nyez\u00e9s nem volt hossz\u00fa \u00e9let\u0171, a mi \u00e9vfolyamunkon k\u00edv\u00fcl, csak egy fiatalabb oszt\u00e1lyt ind\u00edtottak, \u00e9s a mi csapatunk is sz\u00e9tesett 3-4 \u00e9ven bel\u00fcl. Ennek ellen\u00e9re nem hagytuk abba a t\u00e1ncol\u00e1st, egy m\u00e1sik t\u00e1nciskol\u00e1ban nagy eredm\u00e9nyeket \u00e9rt\u00fcnk el. Lehet\u0151s\u00e9g\u00fcnk ny\u00edlt r\u00e9szt venni sz\u00e1mos orsz\u00e1gos versenyen, ahol rendszerint kiemelked\u0151 teljes\u00edtm\u00e9nyeket \u00e9rt\u00fcnk el. Emellett \u00e1lland\u00f3 r\u00e9sztvev\u0151i voltunk az egri kultur\u00e1lis \u00e9s sz\u00ednh\u00e1zi \u00e9letnek: minden \u00e9vben a mi el\u0151ad\u00e1sunk nyitotta vagy z\u00e1rta az Egri Tavaszi Fesztv\u00e1lt, \u00e9vad v\u00e9g\u00e9n z\u00e1r\u00f3vizsg\u00e1t tartottunk a G\u00e1rdonyi G\u00e9za Sz\u00ednh\u00e1zban \u00e9s fell\u00e9pt\u00fcnk minden nagyobb rendezv\u00e9nyen.<br \/>\nA t\u00e1nc mellett hamarosan a k\u00e9pz\u0151m\u0171v\u00e9szet is bel\u00e9pett \u00e9letembe, mikor a gimn\u00e1zium utols\u00f3 \u00e9v\u00e9ben elkezdetem rajzszakk\u00f6rre j\u00e1rni. Ennek eredm\u00e9nyek\u00e9nt sikeresen felv\u00e9teliztem az Eszterh\u00e1zy K\u00e1roly F\u0151iskola rajz-vizu\u00e1lis kommunik\u00e1ci\u00f3 szak\u00e1ra. 2010 j\u00fanius\u00e1ban diplom\u00e1ztam kiv\u00e1l\u00f3 eredm\u00e9nnyel. Tan\u00e1raim voltak: Fajcs\u00e1kn\u00e9 Balogh Erzs\u00e9bet, F\u00f6ldi P\u00e9ter, Gy\u00f6rgy Istv\u00e1n Csaba-Borg\u00f3, Pusztai \u00c1goston, V\u00e1nyai Magdolna, Nagy T. Katalin, H. Szilasi \u00c1gota, Moln\u00e1r L\u00e1szl\u00f3, Bal\u00e1zs P\u00e9ter. Jelenleg az Eszterh\u00e1zy K\u00e1roly F\u0151iskola, MA vizu\u00e1lis \u00e9s k\u00f6rnyezetkult\u00fara tan\u00e1r szakon tanulok, Bukta Imre csoportvezet\u0151 kezei alatt.<\/p>\n<p>Csoportos ki\u00e1ll\u00edt\u00e1sok:<br \/>\n\u2022\tKereszt\u00e9ny Ifj\u00fas\u00e1gi Klub, Eger 2008. (Balogh Erzs\u00e9bet csoportj\u00e1nak ki\u00e1ll\u00edt\u00e1sa)<br \/>\n\u2022\tRossz templom, Eger 2009. (v\u00e9gz\u0151s\u00f6k ki\u00e1ll\u00edt\u00e1sa)<br \/>\n\u2022\tHallgat\u00f3i Gal\u00e9ria, Eger 2011. (Bukta Imre mesterk\u00e9pz\u0151s csoportj\u00e1nak ki\u00e1ll\u00edt\u00e1sa, a Hallgat\u00f3i Gal\u00e9ria-avat\u00f3 ki\u00e1ll\u00edt\u00e1sa)<\/p>\n<h3><strong><em>F\u0171zi R\u00e9ka<\/em><\/strong><\/h3>\n<p>1986. janu\u00e1r 21-\u00e9n sz\u00fclettem Salg\u00f3tarj\u00e1nban. M\u00e1r \u00f3vod\u00e1s koromban felt\u0171nt az \u00f3v\u00f3n\u0151knek a k\u00fcl\u00f6nf\u00e9le rajzeszk\u00f6z\u00f6k ir\u00e1nti vonzalmam, ami az \u00e9vek m\u00falt\u00e1val csak er\u0151s\u00f6d\u00f6tt.<br \/>\n\u00c1ltal\u00e1nos iskolai tanulm\u00e1nyaim alatt sz\u00e1mos rajzp\u00e1ly\u00e1zatot nyertem, \u00edgy nem volt k\u00e9rd\u00e9ses, hogy tov\u00e1bbtanul\u00e1som ilyen ir\u00e1ny\u00fa k\u00f6z\u00e9piskol\u00e1ban k\u00e9pzelem el. A gimn\u00e1zium m\u0171v\u00e9szeti oszt\u00e1ly adta lehet\u0151s\u00e9gek mellett az egri f\u0151iskol\u00e1n vettem k\u00fcl\u00f6n\u00f3r\u00e1kat, tudatosan k\u00e9sz\u00fclve ezzel a rajztan\u00e1ri p\u00e1ly\u00e1ra. Harmadik \u00e9s negyedik oszt\u00e1lyban r\u00e9szt vettem a rajz OTDK versenyen, ahol mindk\u00e9t \u00e9vben a t\u00f6bb sz\u00e1z jelentkez\u0151 k\u00f6z\u00fcl bev\u00e1lasztottak a d\u00f6nt\u0151be.<br \/>\nA sikeres \u00e9retts\u00e9gi vizsg\u00e1t k\u00f6vet\u0151en felv\u00e9telt nyertem az egri Eszterh\u00e1zy K\u00e1roly F\u0151iskola rajz \u00e9s vizu\u00e1lis kommunik\u00e1ci\u00f3 szak\u00e1ra. A f\u0151iskol\u00e1s \u00e9vek alatt fokozatosan form\u00e1l\u00f3dott addigi st\u00edlusom, ami a 4. \u00e9v v\u00e9g\u00e9re \u00e9rt be \u00e9s tal\u00e1ltam meg azt az ir\u00e1nyt, amit a j\u00f6v\u0151ben is szeretn\u00e9k folytatni. \u00d6nmagam kutat\u00e1s\u00e1ban nagyon sokat k\u00f6sz\u00f6nhetek F\u00f6ldi P\u00e9ter Kossuth &#8211; d\u00edjas fest\u0151m\u0171v\u00e9sznek, aki a n\u00e9gy \u00e9v alatt v\u00e9gig t\u00e1mogatott \u00e9s b\u00edztatott arra, hogy ne adjam fel.<br \/>\nA munk\u00e1im t\u00e9m\u00e1ja r\u00e9g\u00f3ta \u00e1br\u00e1zol\u00e1som k\u00f6z\u00e9ppontj\u00e1ban \u00e1ll. A formavil\u00e1g kialakul\u00e1sa egy egyszer\u0171 rajzb\u00f3l indult, ami m\u00e1ra egy igen elgondolkodtat\u00f3 \u00e1br\u00e1zol\u00e1ss\u00e1 n\u0151tte ki mag\u00e1t. A k\u00e9pek \u00e1lland\u00f3 szerepl\u0151je egy kutya, az \u00e9n kuty\u00e1m P\u00f6ci.<br \/>\nA kezdeti egyszer\u0171 eb alak \u00e9s a h\u00e9tk\u00f6znapi k\u00f6rnyezet folyamatosan m\u00e9ly\u00fclt el addig, hogy mai festm\u00e9nyeim m\u00e1r a val\u00f3s\u00e1gt\u00f3l igen elrugaszkodott, m\u0171v\u00e9szi \u201e\u00e9lethelyzetekben\u201d jelen\u00edtik meg az \u00e1llatot. Olyan vil\u00e1got teremtettem, amiben b\u00e1tran kitudom nyilv\u00e1n\u00edtani a v\u00e9lem\u00e9nyem a vil\u00e1gr\u00f3l a t\u00e1rsadalomr\u00f3l \u00e9s az emberekr\u0151l. Alkot\u00e1saim t\u00f6bbs\u00e9ge olyan t\u00fckr\u00f6t mutat az igazs\u00e1gr\u00f3l, ami nincs elferd\u00edtve. Sajnos a mai vil\u00e1gban nem besz\u00e9l\u00fcnk a probl\u00e9m\u00e1inkr\u00f3l, az emberek ink\u00e1bb elfordulnak, mint, hogy seg\u00edtsenek vagy seg\u00edts\u00e9get k\u00e9rjenek! \u00c9n \u00edgy pr\u00f3b\u00e1lok seg\u00edteni, hogy mindenki mag\u00e1ba tudjon n\u00e9zni \u00e9s \u00e9szre vegye saj\u00e1t mag\u00e1t! A kutya az embert szem\u00e9lyes\u00edti meg, ez\u00e1ltal b\u00e1rki belek\u00e9pzelheti azt a szem\u00e9lyt, akit szeretne, legyen az a szomsz\u00e9dja, bar\u00e1tja, f\u0151n\u00f6ke vagy saj\u00e1t maga. M\u0171alkot\u00e1saimban saj\u00e1t szem\u00e9lyis\u00e9gem egyre k\u00f6zpontibb szerepet j\u00e1tszik, mor\u00e1lja egyre er\u0151sebben nyomja r\u00e1 a b\u00e9lyeg\u00e9t. Min\u00e9l t\u00f6bbet festek, egyre m\u00e9lyebbre hatolok a tudatomban \u00e9s olyan dolgok t\u00f6rnek el\u0151, amik \u00e1ltal \u00e9n is k\u00f6zelebb ker\u00fcl\u00f6k \u00f6nmagamhoz. Minden k\u00e9pemet egy v\u00e1zlat el\u0151zi meg, amit akkor k\u00e9sz\u00edtek, amikor valamilyen impulzus \u00e9r, de maga a k\u00e9p a v\u00e1sznon kel \u00e9letre \u00e9s a tartalom munka k\u00f6zben v\u00e1lik eg\u00e9ssz\u00e9. A form\u00e1k \u00e9s a sz\u00ednek fontos szerepet j\u00e1tszanak, hiszen a k\u00e9p fel\u00fclet\u00e9n \u00f6nmagukat hozz\u00e1k l\u00e9tre.<br \/>\nEzek is sokat seg\u00edtenek abban, hogy a n\u00e9z\u0151 m\u00e9g jobban \u00e1ttudja \u00e9rezni, a k\u00e9p mondanival\u00f3j\u00e1t \u00e9s k\u00f6zelebb vigye az igazs\u00e1ghoz.<br \/>\nB\u00edzom abban, hogy ezt a kett\u0151ss\u00e9get a n\u00e9z\u0151k is felfedezik festm\u00e9nyeim mondanival\u00f3ja m\u00f6g\u00f6tt \u00e9s hasonl\u00f3an j\u00f3 vizu\u00e1lis \u00e9lm\u00e9nyt ny\u00fajtanak e k\u00e9pek sz\u00e1mukra, mint amilyet ny\u00fajtott megalkot\u00e1suk sz\u00e1momra.<\/p>\n<p>Csoportos Ki\u00e1ll\u00edt\u00e1sok:<\/p>\n<p>&#8211; Jo\u00f3 J\u00e1nos \u00f3voda, Eger 2002 ( K\u00e9pz\u0151m\u0171v\u00e9szeti tagozat ki\u00e1ll\u00edt\u00e1sa)<br \/>\n&#8211; Iparm\u0171v\u00e9szeti Egyetem, Budapest 2003 ( OTDK Az els\u0151 50 helyezett munk\u00e1i)<br \/>\n&#8211; Iparm\u0171v\u00e9szeti M\u00fazeum, Budapest 2004 ( OTDK Az els\u0151 50 helyezett munk\u00e1i)<br \/>\n&#8211; Rossz templom, Eger 2008 (V\u00e9gz\u0151s\u00f6k munk\u00e1i )<br \/>\n&#8211; K\u00e9pz\u0151m\u0171v\u00e9szeti egyetem, Budapest 2009 (OKTV D\u00f6nt\u0151s\u00f6k munk\u00e1i)<br \/>\n&#8211; Tin\u00f3di Sebesty\u00e9n \u00c1ltal\u00e1nos Iskola, Eger 2010 ( Volt Di\u00e1kok munk\u00e1i)<\/p>\n","protected":false},"excerpt":{"rendered":"<p>K\u00e9t fiatal \u2013 nagysz\u00fcleik r\u00e9v\u00e9n baglyasaljai k\u00f6t\u0151d\u00e9s\u0171 \u2013 alkot\u00f3,\u00a0Hal\u00e1sz No\u00e9mi\u00a0\u00e9s\u00a0F\u0171zi R\u00e9ka\u00a0k\u00e9peib\u0151l ny\u00edlt ki\u00e1ll\u00edt\u00e1s a Baglyask\u0151 Id\u0151sek Otthona gal\u00e9ri\u00e1j\u00e1ban. A ki\u00e1ll\u00edt\u00e1s naponta 8 \u00f3ra\u00e9s 18 \u00f3ra k\u00f6z\u00f6tt szabadon l\u00e1togathat\u00f3 m\u00e1jus 19-ig. A t\u00e1rlatot volt tan\u00e1ruk,&#46;&#46;&#46;<\/p>\n","protected":false},"author":1,"featured_media":0,"comment_status":"open","ping_status":"open","sticky":false,"template":"","format":"standard","meta":{"footnotes":""},"categories":[1],"tags":[],"class_list":["post-1143","post","type-post","status-publish","format-standard","hentry","category-baglyasalja"],"_links":{"self":[{"href":"https:\/\/www.baglyasalja.hu\/baglyas\/index.php?rest_route=\/wp\/v2\/posts\/1143","targetHints":{"allow":["GET"]}}],"collection":[{"href":"https:\/\/www.baglyasalja.hu\/baglyas\/index.php?rest_route=\/wp\/v2\/posts"}],"about":[{"href":"https:\/\/www.baglyasalja.hu\/baglyas\/index.php?rest_route=\/wp\/v2\/types\/post"}],"author":[{"embeddable":true,"href":"https:\/\/www.baglyasalja.hu\/baglyas\/index.php?rest_route=\/wp\/v2\/users\/1"}],"replies":[{"embeddable":true,"href":"https:\/\/www.baglyasalja.hu\/baglyas\/index.php?rest_route=%2Fwp%2Fv2%2Fcomments&post=1143"}],"version-history":[{"count":0,"href":"https:\/\/www.baglyasalja.hu\/baglyas\/index.php?rest_route=\/wp\/v2\/posts\/1143\/revisions"}],"wp:attachment":[{"href":"https:\/\/www.baglyasalja.hu\/baglyas\/index.php?rest_route=%2Fwp%2Fv2%2Fmedia&parent=1143"}],"wp:term":[{"taxonomy":"category","embeddable":true,"href":"https:\/\/www.baglyasalja.hu\/baglyas\/index.php?rest_route=%2Fwp%2Fv2%2Fcategories&post=1143"},{"taxonomy":"post_tag","embeddable":true,"href":"https:\/\/www.baglyasalja.hu\/baglyas\/index.php?rest_route=%2Fwp%2Fv2%2Ftags&post=1143"}],"curies":[{"name":"wp","href":"https:\/\/api.w.org\/{rel}","templated":true}]}}