{"id":10870,"date":"2021-12-21T02:01:30","date_gmt":"2021-12-21T00:01:30","guid":{"rendered":"http:\/\/www.baglyasalja.hu\/baglyas\/?p=10870"},"modified":"2021-12-21T02:01:30","modified_gmt":"2021-12-21T00:01:30","slug":"elnoki-elismero-oklevel","status":"publish","type":"post","link":"https:\/\/www.baglyasalja.hu\/baglyas\/?p=10870","title":{"rendered":"Eln\u00f6ki Elismer\u0151 Oklev\u00e9l"},"content":{"rendered":"<p><a href=\"http:\/\/www.baglyasalja.hu\/baglyas\/wp-content\/feltolt\/2021\/12\/1.jpg\"><img loading=\"lazy\" decoding=\"async\" class=\"aligncenter size-full wp-image-10873\" src=\"http:\/\/www.baglyasalja.hu\/baglyas\/wp-content\/feltolt\/2021\/12\/1.jpg\" alt=\"\" width=\"1500\" height=\"2000\" srcset=\"https:\/\/www.baglyasalja.hu\/baglyas\/wp-content\/feltolt\/2021\/12\/1.jpg 1500w, https:\/\/www.baglyasalja.hu\/baglyas\/wp-content\/feltolt\/2021\/12\/1-225x300.jpg 225w, https:\/\/www.baglyasalja.hu\/baglyas\/wp-content\/feltolt\/2021\/12\/1-768x1024.jpg 768w\" sizes=\"auto, (max-width: 1500px) 100vw, 1500px\" \/><\/a><\/p>\n<p>Baglyasalja Bar\u00e1tainak K\u00f6re 2021. szeptember 5-\u00e9n a 71. megyei B\u00e1ny\u00e1sznapon Eln\u00f6ki Elismer\u0151 Oklev\u00e9lben r\u00e9szes\u00fclt.<\/p>\n<p>Szakszervezeti tags\u00e1g, a munkav\u00e1llal\u00f3k \u00e9s nyugd\u00edjasok \u00e9rdekeinek v\u00e9delme \u00e9s k\u00e9pviselete ter\u00e9n v\u00e9gzett kiemelked\u0151 munk\u00e1ss\u00e1g\u00e1\u00e9rt.<\/p>\n<p>Az oklevelet a Vizsl\u00e1son megrendezett B\u00e1ny\u00e1sznapon vehett\u00fck \u00e1t.<\/p>\n<p style=\"text-align: right;\">H.H.A.<\/p>\n","protected":false},"excerpt":{"rendered":"<p>Baglyasalja Bar\u00e1tainak K\u00f6re 2021. szeptember 5-\u00e9n a 71. megyei B\u00e1ny\u00e1sznapon Eln\u00f6ki Elismer\u0151 Oklev\u00e9lben r\u00e9szes\u00fclt. Szakszervezeti tags\u00e1g, a munkav\u00e1llal\u00f3k \u00e9s nyugd\u00edjasok \u00e9rdekeinek v\u00e9delme \u00e9s k\u00e9pviselete ter\u00e9n v\u00e9gzett kiemelked\u0151 munk\u00e1ss\u00e1g\u00e1\u00e9rt. Az oklevelet a Vizsl\u00e1son megrendezett B\u00e1ny\u00e1sznapon&#46;&#46;&#46;<\/p>\n","protected":false},"author":4,"featured_media":10873,"comment_status":"open","ping_status":"open","sticky":false,"template":"","format":"standard","meta":{"footnotes":""},"categories":[1],"tags":[],"class_list":["post-10870","post","type-post","status-publish","format-standard","has-post-thumbnail","hentry","category-baglyasalja"],"_links":{"self":[{"href":"https:\/\/www.baglyasalja.hu\/baglyas\/index.php?rest_route=\/wp\/v2\/posts\/10870","targetHints":{"allow":["GET"]}}],"collection":[{"href":"https:\/\/www.baglyasalja.hu\/baglyas\/index.php?rest_route=\/wp\/v2\/posts"}],"about":[{"href":"https:\/\/www.baglyasalja.hu\/baglyas\/index.php?rest_route=\/wp\/v2\/types\/post"}],"author":[{"embeddable":true,"href":"https:\/\/www.baglyasalja.hu\/baglyas\/index.php?rest_route=\/wp\/v2\/users\/4"}],"replies":[{"embeddable":true,"href":"https:\/\/www.baglyasalja.hu\/baglyas\/index.php?rest_route=%2Fwp%2Fv2%2Fcomments&post=10870"}],"version-history":[{"count":1,"href":"https:\/\/www.baglyasalja.hu\/baglyas\/index.php?rest_route=\/wp\/v2\/posts\/10870\/revisions"}],"predecessor-version":[{"id":10874,"href":"https:\/\/www.baglyasalja.hu\/baglyas\/index.php?rest_route=\/wp\/v2\/posts\/10870\/revisions\/10874"}],"wp:featuredmedia":[{"embeddable":true,"href":"https:\/\/www.baglyasalja.hu\/baglyas\/index.php?rest_route=\/wp\/v2\/media\/10873"}],"wp:attachment":[{"href":"https:\/\/www.baglyasalja.hu\/baglyas\/index.php?rest_route=%2Fwp%2Fv2%2Fmedia&parent=10870"}],"wp:term":[{"taxonomy":"category","embeddable":true,"href":"https:\/\/www.baglyasalja.hu\/baglyas\/index.php?rest_route=%2Fwp%2Fv2%2Fcategories&post=10870"},{"taxonomy":"post_tag","embeddable":true,"href":"https:\/\/www.baglyasalja.hu\/baglyas\/index.php?rest_route=%2Fwp%2Fv2%2Ftags&post=10870"}],"curies":[{"name":"wp","href":"https:\/\/api.w.org\/{rel}","templated":true}]}}