{"id":10506,"date":"2019-06-24T19:01:38","date_gmt":"2019-06-24T17:01:38","guid":{"rendered":"http:\/\/www.baglyasalja.hu\/baglyas\/?p=10506"},"modified":"2019-06-24T19:01:38","modified_gmt":"2019-06-24T17:01:38","slug":"asztaltarsasag-2","status":"publish","type":"post","link":"https:\/\/www.baglyasalja.hu\/baglyas\/?p=10506","title":{"rendered":"Asztalt\u00e1rsas\u00e1g"},"content":{"rendered":"<h1 style=\"text-align: center;\">Hagyom\u00e1ny\u0151rz\u0151 Asztalt\u00e1rsas\u00e1g<\/h1>\n<p>Az \u00e1prilisi \u00f6sszej\u00f6vetel\u00fcnk\u00f6n vend\u00e9g\u00fcnk volt Dr. Fodor Mikl\u00f3s a Dornyay B\u00e9la M\u00fazeum igazgat\u00f3helyettese.<\/p>\n<p><a href=\"http:\/\/www.baglyasalja.hu\/baglyas\/wp-content\/feltolt\/2019\/06\/003.jpeg\"><img loading=\"lazy\" decoding=\"async\" class=\"aligncenter size-full wp-image-10507\" src=\"http:\/\/www.baglyasalja.hu\/baglyas\/wp-content\/feltolt\/2019\/06\/003.jpeg\" alt=\"\" width=\"653\" height=\"782\" srcset=\"https:\/\/www.baglyasalja.hu\/baglyas\/wp-content\/feltolt\/2019\/06\/003.jpeg 653w, https:\/\/www.baglyasalja.hu\/baglyas\/wp-content\/feltolt\/2019\/06\/003-251x300.jpeg 251w\" sizes=\"auto, (max-width: 653px) 100vw, 653px\" \/><\/a><\/p>\n<p>El\u0151ad\u00e1st tartott nek\u00fcnk Salg\u00f3tarj\u00e1n m\u00faltj\u00e1r\u00f3l, fejl\u0151d\u00e9s\u00e9r\u0151l \u00e9s ezt f\u00e9nyk\u00e9pekkel tette sz\u00e1munkra \u00e9rdekesebb\u00e9. A r\u00e9gi v\u00e1rosk\u00e9p id\u0151k\u00f6zbeni megv\u00e1ltoz\u00e1s\u00e1r\u00f3l, moderniz\u00e1l\u00e1s\u00e1r\u00f3l a lak\u00e1ssz\u00fcks\u00e9gletek miatt felgyorsult \u00e9p\u00edtkez\u00e9sekr\u0151l. \u00c9rdekes t\u00e9ma volt az ipar fejl\u0151d\u00e9s\u00e9r\u0151l, gy\u00e1rak megjelen\u00e9s\u00e9r\u0151l besz\u00e9lgetni. Az id\u0151sek sz\u00edvesen csatlakoztak a besz\u00e9lget\u00e9shez, hiszen sok m\u00faltb\u00e9li eml\u00e9ket tudtak felid\u00e9zni \u00e9s megosztani vel\u00fcnk. Kellemes id\u0151utaz\u00e1st tett\u00fcnk a m\u00faltba j\u00f3 volt l\u00e1tni, hogy ebben az id\u0151ben gyorsan fejl\u0151d\u00f6tt v\u00e1rosunk.<\/p>\n<p>H\u00e1romn\u00e9 H Andrea<\/p>\n","protected":false},"excerpt":{"rendered":"<p>Hagyom\u00e1ny\u0151rz\u0151 Asztalt\u00e1rsas\u00e1g Az \u00e1prilisi \u00f6sszej\u00f6vetel\u00fcnk\u00f6n vend\u00e9g\u00fcnk volt Dr. Fodor Mikl\u00f3s a Dornyay B\u00e9la M\u00fazeum igazgat\u00f3helyettese. El\u0151ad\u00e1st tartott nek\u00fcnk Salg\u00f3tarj\u00e1n m\u00faltj\u00e1r\u00f3l, fejl\u0151d\u00e9s\u00e9r\u0151l \u00e9s ezt f\u00e9nyk\u00e9pekkel tette sz\u00e1munkra \u00e9rdekesebb\u00e9. A r\u00e9gi v\u00e1rosk\u00e9p id\u0151k\u00f6zbeni megv\u00e1ltoz\u00e1s\u00e1r\u00f3l, moderniz\u00e1l\u00e1s\u00e1r\u00f3l a&#46;&#46;&#46;<\/p>\n","protected":false},"author":4,"featured_media":10507,"comment_status":"open","ping_status":"open","sticky":false,"template":"","format":"standard","meta":{"footnotes":""},"categories":[1],"tags":[],"class_list":["post-10506","post","type-post","status-publish","format-standard","has-post-thumbnail","hentry","category-baglyasalja"],"_links":{"self":[{"href":"https:\/\/www.baglyasalja.hu\/baglyas\/index.php?rest_route=\/wp\/v2\/posts\/10506","targetHints":{"allow":["GET"]}}],"collection":[{"href":"https:\/\/www.baglyasalja.hu\/baglyas\/index.php?rest_route=\/wp\/v2\/posts"}],"about":[{"href":"https:\/\/www.baglyasalja.hu\/baglyas\/index.php?rest_route=\/wp\/v2\/types\/post"}],"author":[{"embeddable":true,"href":"https:\/\/www.baglyasalja.hu\/baglyas\/index.php?rest_route=\/wp\/v2\/users\/4"}],"replies":[{"embeddable":true,"href":"https:\/\/www.baglyasalja.hu\/baglyas\/index.php?rest_route=%2Fwp%2Fv2%2Fcomments&post=10506"}],"version-history":[{"count":2,"href":"https:\/\/www.baglyasalja.hu\/baglyas\/index.php?rest_route=\/wp\/v2\/posts\/10506\/revisions"}],"predecessor-version":[{"id":10509,"href":"https:\/\/www.baglyasalja.hu\/baglyas\/index.php?rest_route=\/wp\/v2\/posts\/10506\/revisions\/10509"}],"wp:featuredmedia":[{"embeddable":true,"href":"https:\/\/www.baglyasalja.hu\/baglyas\/index.php?rest_route=\/wp\/v2\/media\/10507"}],"wp:attachment":[{"href":"https:\/\/www.baglyasalja.hu\/baglyas\/index.php?rest_route=%2Fwp%2Fv2%2Fmedia&parent=10506"}],"wp:term":[{"taxonomy":"category","embeddable":true,"href":"https:\/\/www.baglyasalja.hu\/baglyas\/index.php?rest_route=%2Fwp%2Fv2%2Fcategories&post=10506"},{"taxonomy":"post_tag","embeddable":true,"href":"https:\/\/www.baglyasalja.hu\/baglyas\/index.php?rest_route=%2Fwp%2Fv2%2Ftags&post=10506"}],"curies":[{"name":"wp","href":"https:\/\/api.w.org\/{rel}","templated":true}]}}