{"id":10487,"date":"2019-06-24T18:09:52","date_gmt":"2019-06-24T16:09:52","guid":{"rendered":"http:\/\/www.baglyasalja.hu\/baglyas\/?p=10487"},"modified":"2019-06-24T18:09:52","modified_gmt":"2019-06-24T16:09:52","slug":"kiallitas-6","status":"publish","type":"post","link":"https:\/\/www.baglyasalja.hu\/baglyas\/?p=10487","title":{"rendered":"Ki\u00e1ll\u00edt\u00e1s"},"content":{"rendered":"<h1 style=\"text-align: center;\">\u201eSz\u00ednek \u00e9s \u00e9vek\u201d<\/h1>\n<p>&nbsp;<\/p>\n<p style=\"text-align: center;\">Telekn\u00e9 T\u0151zs\u00e9r Ir\u00e9n ki\u00e1ll\u00edt\u00e1sa<\/p>\n<p>A napokban tekinthetj\u00fck meg Telekn\u00e9 T\u0151zs\u00e9r Ir\u00e9n amat\u0151r fest\u0151m\u0171v\u00e9sz k\u00e9peit a M.M.Sz.Sz. Gondvisel\u0151k H\u00e1za \u2013 Baglyask\u0151 Id\u0151skor\u00faak Otthon\u00e1nak ki\u00e1ll\u00edt\u00f3 gal\u00e9ri\u00e1j\u00e1ban. A ki\u00e1ll\u00edt\u00e1s megnyit\u00f3j\u00e1ra 2019. \u00e1prilis 25-\u00e9n ker\u00fclt sor.<\/p>\n<p>A megnyit\u00f3n t\u00f6bb civilszervezet, Salg\u00f3tarj\u00e1n \u00f6nkorm\u00e1nyzat\u00e1nak k\u00e9pvisel\u0151je Homoga L\u00e1szl\u00f3 ter\u00fcleti k\u00e9pvisel\u0151, az otthon lak\u00f3i, m\u0171v\u00e9szek, bar\u00e1tok \u00e9s \u00e9rdekl\u0151d\u0151k sz\u00e9p sz\u00e1mmal vettek r\u00e9szt. A rendezv\u00e9ny moder\u00e1tora Losonczy Ildik\u00f3 gal\u00e9riavezet\u0151 volt.<\/p>\n<p>Dukai Regina: Festeni j\u00f3 c. verse ut\u00e1n a Trilla Tri\u00f3 bevezet\u0151 el\u0151ad\u00e1s\u00e1t hallhatt\u00e1k meg a vend\u00e9gek.<\/p>\n<p>Kov\u00e1cs L\u00e1szl\u00f3n\u00e9 a Baglyasalja Bar\u00e1tainak K\u00f6r\u00e9nek eln\u00f6k asszonya k\u00f6sz\u00f6nt\u00f6tte a jelenl\u00e9v\u0151ket kifejtette, hogy ez a ki\u00e1ll\u00edt\u00e1s jubileumi mivel a 70. alkalommal lehet valamilyen m\u0171v\u00e9sz alkot\u00e1sait megtekinteni.<\/p>\n<p>Losonczy Ildik\u00f3 megnyit\u00f3j\u00e1ban m\u00e9ltatta Ir\u00e9nke p\u00e1lyafut\u00e1s\u00e1t, fejl\u0151d\u00e9s\u00e9t, aki autodidakta m\u00f3don saj\u00e1t\u00edtotta el a fest\u00e9szet fort\u00e9lyait \u00e9s m\u00e1r t\u00f6bb mint egy \u00e9vtizede tagja a Koh\u00e1sz k\u00e9pz\u0151m\u0171v\u00e9szek k\u00f6r\u00e9nek.<\/p>\n<p>P\u00e1lyafut\u00e1s\u00e1t val\u00f3j\u00e1ban csak nyugd\u00edjas \u00e9veiben kezdte el Karancsalj\u00e1n, B\u00e1cskai Zsuzsa igazgat\u00f3 \u00e9s rajztan\u00e1r vezet\u00e9s\u00e9vel. T\u00f6bb t\u00e1rs\u00e1val a 2004-ben alakult k\u00e9zm\u0171ves k\u00f6rben ismerkedett meg k\u00fcl\u00f6nb\u00f6z\u0151 m\u0171v\u00e9szeti technik\u00e1kkal. A csuh\u00e9z\u00e1s, zom\u00e1ncfest\u00e9s, ker\u00e1miak\u00e9sz\u00edt\u00e9s mellett az olajfest\u00e9st is kipr\u00f3b\u00e1lta. Ismerkedett az anyag lehet\u0151s\u00e9geivel, sz\u00ednekkel \u00e9s a gyakorlati tev\u00e9kenys\u00e9g lassan kisz\u00e9lesedett az elm\u00e9letre a szakirodalmak tanulm\u00e1nyoz\u00e1sra. Eleinte kis k\u00e9pekkel pr\u00f3b\u00e1lkozott melyek egyszer\u0171 t\u00e1jk\u00e9p-r\u00e9szletek voltak. K\u00e9s\u0151bbi k\u00e9pei m\u00e1r b\u00e1trabbak \u00e9s nagyobb m\u00e9ret\u0171ek lettek. K\u00e9pei t\u00e9m\u00e1i f\u0151leg t\u00e1jk\u00e9p, falusi h\u00e1zak, r\u00e9gi \u00e9p\u00fcletek, de szereti a csend\u00e9letet, a paraszti Enteri\u0151r\u00f6ket is. Felt\u0171n\u0151, hogy sok k\u00e9pe kism\u00e9ret\u0171, de a kompoz\u00edci\u00f3 z\u00e1rts\u00e1gai miatt m\u00e9gis n\u00e9melyik nagyobb m\u00e9retet sejtet, ha p\u00e9ld\u00e1ul fot\u00f3n vagy nagyobb k\u00e9perny\u0151n szeml\u00e9ln\u00e9nk. Ez abb\u00f3l ad\u00f3dik, hogy nem alkalmaz sok r\u00e9szletet, a k\u00e9pi elemek egyszer\u0171ek, n\u00e9ha csak egy ablak, egy kapu, a t\u00e1jk\u00e9pen n\u00e9h\u00e1ny fa, egy h\u00e1z, utc\u00e1csk\u00e1t templommal jelennek meg a k\u00e9peken. Sz\u00ednei nem hars\u00e1nyak, ink\u00e1bb visszafogottak.<\/p>\n<p>Az olaj mellett \u00fajabban az akvarell fest\u00e9szettel is kisz\u00e9lesedett fest\u0151i palett\u00e1ja.<\/p>\n<p>Akvarelljei figyelemrem\u00e9lt\u00f3an \u00fcd\u00e9k, frissek. Brav\u00faros, k\u00f6nnyed ecsetkezel\u00e9s\u0171ek. T\u00e9m\u00e1i egyszer\u0171ek, a k\u00f6zvetlen term\u00e9szeti k\u00f6rnyezet megjelen\u00edt\u0151ek. Vir\u00e1gainak megjelen\u00edt\u00e9s\u00e9vel az \u00e9vszakok hangulat\u00e1t adja vissza sz\u00e1munkra.<\/p>\n<p>Ezen hangulatot megragadva hallhattuk \u00fajra a Trilla Tri\u00f3, k\u00e9t dal\u00e1t.<\/p>\n<p>Kov\u00e1cs L\u00e1szl\u00f3n\u00e9 m\u00e9ltatta a ki\u00e1ll\u00edt\u00e1st \u00e9s z\u00e1r\u00e1sk\u00e9nt k\u00f6tetlen besz\u00e9lget\u00e9sre h\u00edvta meg a kedves vend\u00e9geket.<\/p>\n<p>K\u00f6sz\u00f6nj\u00fck Ir\u00e9nk\u00e9nek, hogy megtisztelte k\u00e9peivel a gal\u00e9ri\u00e1t \u00e9s sok sikert k\u00edv\u00e1nunk neki a tov\u00e1bbiakban.<\/p>\n<p style=\"text-align: right;\">D\u00e9csey Ferencn\u00e9<\/p>\n<p>[ngg_images source=&#8221;galleries&#8221; container_ids=&#8221;279&#8243; display_type=&#8221;photocrati-nextgen_basic_thumbnails&#8221; override_thumbnail_settings=&#8221;0&#8243; thumbnail_width=&#8221;100&#8243; thumbnail_height=&#8221;75&#8243; thumbnail_crop=&#8221;1&#8243; images_per_page=&#8221;0&#8243; number_of_columns=&#8221;0&#8243; ajax_pagination=&#8221;1&#8243; show_all_in_lightbox=&#8221;0&#8243; use_imagebrowser_effect=&#8221;0&#8243; show_slideshow_link=&#8221;0&#8243; slideshow_link_text=&#8221;[Diavet\u00edt\u00e9s]&#8221; order_by=&#8221;filename&#8221; order_direction=&#8221;ASC&#8221; returns=&#8221;included&#8221; maximum_entity_count=&#8221;500&#8243;]<\/p>\n","protected":false},"excerpt":{"rendered":"<p>\u201eSz\u00ednek \u00e9s \u00e9vek\u201d &nbsp; Telekn\u00e9 T\u0151zs\u00e9r Ir\u00e9n ki\u00e1ll\u00edt\u00e1sa A napokban tekinthetj\u00fck meg Telekn\u00e9 T\u0151zs\u00e9r Ir\u00e9n amat\u0151r fest\u0151m\u0171v\u00e9sz k\u00e9peit a M.M.Sz.Sz. Gondvisel\u0151k H\u00e1za \u2013 Baglyask\u0151 Id\u0151skor\u00faak Otthon\u00e1nak ki\u00e1ll\u00edt\u00f3 gal\u00e9ri\u00e1j\u00e1ban. A ki\u00e1ll\u00edt\u00e1s megnyit\u00f3j\u00e1ra 2019. \u00e1prilis 25-\u00e9n&#46;&#46;&#46;<\/p>\n","protected":false},"author":4,"featured_media":0,"comment_status":"open","ping_status":"open","sticky":false,"template":"","format":"standard","meta":{"footnotes":""},"categories":[1],"tags":[],"class_list":["post-10487","post","type-post","status-publish","format-standard","hentry","category-baglyasalja"],"_links":{"self":[{"href":"https:\/\/www.baglyasalja.hu\/baglyas\/index.php?rest_route=\/wp\/v2\/posts\/10487","targetHints":{"allow":["GET"]}}],"collection":[{"href":"https:\/\/www.baglyasalja.hu\/baglyas\/index.php?rest_route=\/wp\/v2\/posts"}],"about":[{"href":"https:\/\/www.baglyasalja.hu\/baglyas\/index.php?rest_route=\/wp\/v2\/types\/post"}],"author":[{"embeddable":true,"href":"https:\/\/www.baglyasalja.hu\/baglyas\/index.php?rest_route=\/wp\/v2\/users\/4"}],"replies":[{"embeddable":true,"href":"https:\/\/www.baglyasalja.hu\/baglyas\/index.php?rest_route=%2Fwp%2Fv2%2Fcomments&post=10487"}],"version-history":[{"count":2,"href":"https:\/\/www.baglyasalja.hu\/baglyas\/index.php?rest_route=\/wp\/v2\/posts\/10487\/revisions"}],"predecessor-version":[{"id":10505,"href":"https:\/\/www.baglyasalja.hu\/baglyas\/index.php?rest_route=\/wp\/v2\/posts\/10487\/revisions\/10505"}],"wp:attachment":[{"href":"https:\/\/www.baglyasalja.hu\/baglyas\/index.php?rest_route=%2Fwp%2Fv2%2Fmedia&parent=10487"}],"wp:term":[{"taxonomy":"category","embeddable":true,"href":"https:\/\/www.baglyasalja.hu\/baglyas\/index.php?rest_route=%2Fwp%2Fv2%2Fcategories&post=10487"},{"taxonomy":"post_tag","embeddable":true,"href":"https:\/\/www.baglyasalja.hu\/baglyas\/index.php?rest_route=%2Fwp%2Fv2%2Ftags&post=10487"}],"curies":[{"name":"wp","href":"https:\/\/api.w.org\/{rel}","templated":true}]}}