{"id":9956,"date":"2018-05-16T08:03:58","date_gmt":"2018-05-16T06:03:58","guid":{"rendered":"http:\/\/www.baglyasalja.hu\/baglyas\/?p=9956"},"modified":"2018-05-16T08:03:58","modified_gmt":"2018-05-16T06:03:58","slug":"9956","status":"publish","type":"post","link":"http:\/\/www.baglyasalja.hu\/baglyas\/?p=9956","title":{"rendered":""},"content":{"rendered":"<p>BBK \u00e9vi rendszeres k\u00f6zgy\u0171l\u00e9s\u00e9t 2018. \u00e1prilis 27-\u00e9n tartotta els\u0151k\u00e9nt Kov\u00e1cs L\u00e1szl\u00f3n\u00e9 az egyes\u00fclet eln\u00f6ke. Besz\u00e1mol\u00f3t tartott a 2017-ben v\u00e9gzett munk\u00e1kr\u00f3l. Ezeket k\u00e9pekkel is pr\u00f3b\u00e1ltuk bemutatni a jelenlev\u0151knek.<br \/>\nEged Ferencn\u00e9 gazdas\u00e1gi felel\u0151s besz\u00e1molt az eg\u00e9sz 2017-es anyagi helyzetr\u0151l. \u0150t k\u00f6vette Cserh\u00e1ti J\u00f3zsefn\u00e9 aki az ellen\u0151rz\u0151 bizotts\u00e1gunk eln\u00f6ke, aki megosztotta vel\u00fcnk \u00e9s a jelenlev\u0151kkel a tapasztalatait az egyes\u00fclet gazd\u00e1lkod\u00e1s\u00e1val kapcsolatban.A k\u00f6zgy\u0171l\u00e9sen megjelen\u0151k megszavazt\u00e1k a vezet\u0151s\u00e9g\u00fcnk k\u00e9t \u00faj tagj\u00e1t: Balogi Istv\u00e1n Csab\u00e1t \u00e9s T\u00f3thn\u00e9 Kov\u00e1cs Bernadettet. Homoga L\u00e1szl\u00f3 k\u00e9pvisel\u0151 \u00far is megtisztelt minket jelenl\u00e9t\u00e9vel. Felsz\u00f3lalt \u00e9s t\u00e1j\u00e9koztatta az embereket a telep\u00fcl\u00e9sen foly\u00f3 fejlem\u00e9nyekr\u0151l.<br \/>\nA k\u00f6zgy\u0171l\u00e9s k\u00f6tetlen besz\u00e9lget\u00e9ssel \u00e9rt v\u00e9get.<\/p>\n<p><img decoding=\"async\" class=\"alignnone size-singlepic\" src=\"http:\/\/www.baglyasalja.hu\/baglyas\/wp-content\/gallery\/180427\/180427_1.jpg\"\/><\/p>\n<p><img decoding=\"async\" class=\"alignnone size-singlepic\" src=\"http:\/\/www.baglyasalja.hu\/baglyas\/wp-content\/gallery\/180427\/180427_2.jpg\"\/><\/p>\n<p><img decoding=\"async\" class=\"alignnone size-singlepic\" src=\"http:\/\/www.baglyasalja.hu\/baglyas\/wp-content\/gallery\/180427\/180427_3.jpg\"\/><\/p>\n<p><img decoding=\"async\" class=\"alignnone size-singlepic\" src=\"http:\/\/www.baglyasalja.hu\/baglyas\/wp-content\/gallery\/180427\/180427_4.jpg\"\/><\/p>\n<p><img decoding=\"async\" class=\"alignnone size-singlepic\" src=\"http:\/\/www.baglyasalja.hu\/baglyas\/wp-content\/gallery\/180427\/180427_5.jpg\"\/><\/p>\n","protected":false},"excerpt":{"rendered":"<p>BBK \u00e9vi rendszeres k\u00f6zgy\u0171l\u00e9s\u00e9t 2018. \u00e1prilis 27-\u00e9n tartotta els\u0151k\u00e9nt Kov\u00e1cs L\u00e1szl\u00f3n\u00e9 az egyes\u00fclet eln\u00f6ke. Besz\u00e1mol\u00f3t tartott a 2017-ben v\u00e9gzett munk\u00e1kr\u00f3l. Ezeket k\u00e9pekkel is pr\u00f3b\u00e1ltuk bemutatni a jelenlev\u0151knek. Eged Ferencn\u00e9 gazdas\u00e1gi felel\u0151s besz\u00e1molt az eg\u00e9sz&#46;&#46;&#46;<\/p>\n","protected":false},"author":1,"featured_media":9957,"comment_status":"open","ping_status":"open","sticky":false,"template":"","format":"standard","meta":{"footnotes":""},"categories":[1],"tags":[],"class_list":["post-9956","post","type-post","status-publish","format-standard","has-post-thumbnail","hentry","category-baglyasalja"],"_links":{"self":[{"href":"http:\/\/www.baglyasalja.hu\/baglyas\/index.php?rest_route=\/wp\/v2\/posts\/9956","targetHints":{"allow":["GET"]}}],"collection":[{"href":"http:\/\/www.baglyasalja.hu\/baglyas\/index.php?rest_route=\/wp\/v2\/posts"}],"about":[{"href":"http:\/\/www.baglyasalja.hu\/baglyas\/index.php?rest_route=\/wp\/v2\/types\/post"}],"author":[{"embeddable":true,"href":"http:\/\/www.baglyasalja.hu\/baglyas\/index.php?rest_route=\/wp\/v2\/users\/1"}],"replies":[{"embeddable":true,"href":"http:\/\/www.baglyasalja.hu\/baglyas\/index.php?rest_route=%2Fwp%2Fv2%2Fcomments&post=9956"}],"version-history":[{"count":0,"href":"http:\/\/www.baglyasalja.hu\/baglyas\/index.php?rest_route=\/wp\/v2\/posts\/9956\/revisions"}],"wp:featuredmedia":[{"embeddable":true,"href":"http:\/\/www.baglyasalja.hu\/baglyas\/index.php?rest_route=\/wp\/v2\/media\/9957"}],"wp:attachment":[{"href":"http:\/\/www.baglyasalja.hu\/baglyas\/index.php?rest_route=%2Fwp%2Fv2%2Fmedia&parent=9956"}],"wp:term":[{"taxonomy":"category","embeddable":true,"href":"http:\/\/www.baglyasalja.hu\/baglyas\/index.php?rest_route=%2Fwp%2Fv2%2Fcategories&post=9956"},{"taxonomy":"post_tag","embeddable":true,"href":"http:\/\/www.baglyasalja.hu\/baglyas\/index.php?rest_route=%2Fwp%2Fv2%2Ftags&post=9956"}],"curies":[{"name":"wp","href":"https:\/\/api.w.org\/{rel}","templated":true}]}}