{"id":9882,"date":"2018-03-13T11:32:27","date_gmt":"2018-03-13T09:32:27","guid":{"rendered":"http:\/\/www.baglyasalja.hu\/baglyas\/?p=9882"},"modified":"2018-03-13T11:32:27","modified_gmt":"2018-03-13T09:32:27","slug":"a-hagyomany-orzo-asztaltarsasag-februari-osszejovetele","status":"publish","type":"post","link":"http:\/\/www.baglyasalja.hu\/baglyas\/?p=9882","title":{"rendered":"A Hagyom\u00e1ny \u0150rz\u0151 Asztalt\u00e1rsas\u00e1g febru\u00e1ri \u00f6sszej\u00f6vetele"},"content":{"rendered":"<p>Mocs\u00e1ri Zolt\u00e1n R\u00f3nay Gy\u00f6rgy: Verebek c\u00edm\u0171 vers\u00e9nek felolvas\u00e1s\u00e1val kezdte meg a febru\u00e1ri asztalt\u00e1rsas\u00e1g \u00f6sszej\u00f6vetel\u00e9t. Majd Mocs\u00e1ri \u00c1rp\u00e1d r\u00e9gi baglyasi t\u00e9rk\u00e9peken mutatta meg, hol helyezkedtek el a b\u00e1ny\u00e1k \u00e9s hogyan kapcsol\u00f3dtak \u00f6ssze k\u00f6rny\u00e9kbeli b\u00e1ny\u00e1kkal. L\u00e1thattunk olyan l\u00e9gi felv\u00e9telt a temet\u0151 k\u00f6rny\u00e9k\u00e9r\u0151l, ahol a r\u00e9gi kol\u00f3ni\u00e1k l\u00e1that\u00f3k. \u00c9rdekes besz\u00e1mol\u00f3t hallottunk arr\u00f3l, hogy akkor kik laktak ezekben a kol\u00f3nia lak\u00e1sokban \u00e9s hogyan \u00e9ltek. Cserh\u00e1ti J\u00f3zsef a tervezett b\u00e1ny\u00e1szeml\u00e9khellyel kapcsolatos fejlem\u00e9nyekr\u0151l t\u00e1j\u00e9koztatta a megjelenteket. Az \u00f6sszej\u00f6vetel Szilasi Andr\u00e1s besz\u00e1mol\u00f3j\u00e1val folytat\u00f3dott. Gyermekkor\u00e1r\u00f3l,csal\u00e1dj\u00e1r\u00f3l, tanulm\u00e1nyir\u00f3, munk\u00e1ss\u00e1g\u00e1r\u00f3l \u00e9s bar\u00e1tair\u00f3l besz\u00e9lt nek\u00fcnk. Sok \u00e9rdekes r\u00e9gi k\u00e9ppel t\u00e1masztva al\u00e1 a t\u00f6rt\u00e9neteket. Ism\u00e9t tartalmas, izgalmas tal\u00e1lkoz\u00f3n vehett\u00fcnk r\u00e9szt.<\/p>\n<p style=\"text-align: right;\"><em>H\u00e1romn\u00e9 H. Andrea<\/em><\/p>\n<p>&nbsp;<\/p>\n<p>[ngg_images source=&#8221;galleries&#8221; container_ids=&#8221;263&#8243; display_type=&#8221;photocrati-nextgen_basic_thumbnails&#8221; override_thumbnail_settings=&#8221;0&#8243; thumbnail_width=&#8221;100&#8243; thumbnail_height=&#8221;75&#8243; thumbnail_crop=&#8221;1&#8243; images_per_page=&#8221;6&#8243; number_of_columns=&#8221;0&#8243; ajax_pagination=&#8221;1&#8243; show_all_in_lightbox=&#8221;0&#8243; use_imagebrowser_effect=&#8221;1&#8243; show_slideshow_link=&#8221;0&#8243; slideshow_link_text=&#8221;[Diavet\u00edt\u00e9s]&#8221; order_by=&#8221;filename&#8221; order_direction=&#8221;ASC&#8221; returns=&#8221;included&#8221; maximum_entity_count=&#8221;500&#8243;]<\/p>\n","protected":false},"excerpt":{"rendered":"<p>Mocs\u00e1ri Zolt\u00e1n R\u00f3nay Gy\u00f6rgy: Verebek c\u00edm\u0171 vers\u00e9nek felolvas\u00e1s\u00e1val kezdte meg a febru\u00e1ri asztalt\u00e1rsas\u00e1g \u00f6sszej\u00f6vetel\u00e9t. Majd Mocs\u00e1ri \u00c1rp\u00e1d r\u00e9gi baglyasi t\u00e9rk\u00e9peken mutatta meg, hol helyezkedtek el a b\u00e1ny\u00e1k \u00e9s hogyan kapcsol\u00f3dtak \u00f6ssze k\u00f6rny\u00e9kbeli b\u00e1ny\u00e1kkal. L\u00e1thattunk&#46;&#46;&#46;<\/p>\n","protected":false},"author":1,"featured_media":9898,"comment_status":"open","ping_status":"open","sticky":false,"template":"","format":"standard","meta":{"footnotes":""},"categories":[1],"tags":[],"class_list":["post-9882","post","type-post","status-publish","format-standard","has-post-thumbnail","hentry","category-baglyasalja"],"_links":{"self":[{"href":"http:\/\/www.baglyasalja.hu\/baglyas\/index.php?rest_route=\/wp\/v2\/posts\/9882","targetHints":{"allow":["GET"]}}],"collection":[{"href":"http:\/\/www.baglyasalja.hu\/baglyas\/index.php?rest_route=\/wp\/v2\/posts"}],"about":[{"href":"http:\/\/www.baglyasalja.hu\/baglyas\/index.php?rest_route=\/wp\/v2\/types\/post"}],"author":[{"embeddable":true,"href":"http:\/\/www.baglyasalja.hu\/baglyas\/index.php?rest_route=\/wp\/v2\/users\/1"}],"replies":[{"embeddable":true,"href":"http:\/\/www.baglyasalja.hu\/baglyas\/index.php?rest_route=%2Fwp%2Fv2%2Fcomments&post=9882"}],"version-history":[{"count":0,"href":"http:\/\/www.baglyasalja.hu\/baglyas\/index.php?rest_route=\/wp\/v2\/posts\/9882\/revisions"}],"wp:featuredmedia":[{"embeddable":true,"href":"http:\/\/www.baglyasalja.hu\/baglyas\/index.php?rest_route=\/wp\/v2\/media\/9898"}],"wp:attachment":[{"href":"http:\/\/www.baglyasalja.hu\/baglyas\/index.php?rest_route=%2Fwp%2Fv2%2Fmedia&parent=9882"}],"wp:term":[{"taxonomy":"category","embeddable":true,"href":"http:\/\/www.baglyasalja.hu\/baglyas\/index.php?rest_route=%2Fwp%2Fv2%2Fcategories&post=9882"},{"taxonomy":"post_tag","embeddable":true,"href":"http:\/\/www.baglyasalja.hu\/baglyas\/index.php?rest_route=%2Fwp%2Fv2%2Ftags&post=9882"}],"curies":[{"name":"wp","href":"https:\/\/api.w.org\/{rel}","templated":true}]}}