{"id":9803,"date":"2018-02-28T10:29:01","date_gmt":"2018-02-28T08:29:01","guid":{"rendered":"http:\/\/www.baglyasalja.hu\/baglyas\/?p=9803"},"modified":"2018-02-28T10:30:16","modified_gmt":"2018-02-28T08:30:16","slug":"kiallitas-megnyito-8","status":"publish","type":"post","link":"http:\/\/www.baglyasalja.hu\/baglyas\/?p=9803","title":{"rendered":"Ki\u00e1ll\u00edt\u00e1s megnyit\u00f3"},"content":{"rendered":"<p style=\"text-align: left;\">Gedeon Hajnalka grafik\u00e1ib\u00f3l ny\u00edlt ki\u00e1ll\u00edt\u00e1s a Baglyask\u0151 Gal\u00e9ri\u00e1ban. A t\u00e1rlatot Zsib\u00f3i Gergely k\u00f6lt\u0151, tan\u00e1r, a ki\u00e1ll\u00edt\u00f3 m\u0171v\u00e9sz koll\u00e9g\u00e1ja aj\u00e1nlotta az \u00e9rdekl\u0151d\u0151 otthonlak\u00f3k \u00e9s vend\u00e9gek figyelm\u00e9be. Elj\u00f6ttek a megnyit\u00f3ra a m\u0171v\u00e9szn\u0151 sz\u00fclei \u00e9s t\u00f6bb bar\u00e1tja, tisztel\u0151je is. A k\u00e9pek az alkot\u00f3 \u00e9rzelmeinek, hangulatainak leheletfinom, \u00e1t\u00edrt form\u00e1i. Befogad\u00e1sukhoz, meg\u00e9rt\u00e9s\u00fckh\u00f6z elm\u00e9ly\u00fclt szeml\u00e9l\u0151d\u00e9sen, elemz\u00e9sen \u00e1t vezet az \u00fat. Az emelkedett, \u00fcnnepi hangulathoz hozz\u00e1j\u00e1rult Morvai Fanni \u2013 Mat\u00faz Csilla zongoram\u0171v\u00e9sz tan\u00edtv\u00e1ny\u00e1nak \u2013 zongoraj\u00e1t\u00e9ka. Az esem\u00e9nyr\u0151l a N\u00f3gr\u00e1d Megyei H\u00edrlap 2018. febru\u00e1r 27.-i sz\u00e1m\u00e1ban jelent meg m\u00e9ltat\u00e1s dr. Csongr\u00e1dy B\u00e9la toll\u00e1b\u00f3l.<\/p>\n<p style=\"text-align: right;\"><em>Fot\u00f3: H\u00e1romn\u00e9 H\u00eddv\u00e9gi Andrea \u00e9s Bal\u00e1zsn\u00e9 Juh\u00e1sz Daniella<\/em><\/p>\n<p><img decoding=\"async\" class=\"ngg-singlepic ngg-center\" src=\"http:\/\/www.baglyasalja.hu\/baglyas\/wp-content\/gallery\/180226\/180226_27.jpg\" alt=\"180226_27\"\/><\/p>\n<p>[ngg_images source=&#8221;galleries&#8221; container_ids=&#8221;262&#8243; display_type=&#8221;photocrati-nextgen_basic_thumbnails&#8221; override_thumbnail_settings=&#8221;0&#8243; thumbnail_width=&#8221;100&#8243; thumbnail_height=&#8221;75&#8243; thumbnail_crop=&#8221;1&#8243; images_per_page=&#8221;0&#8243; number_of_columns=&#8221;0&#8243; ajax_pagination=&#8221;1&#8243; show_all_in_lightbox=&#8221;0&#8243; use_imagebrowser_effect=&#8221;1&#8243; show_slideshow_link=&#8221;1&#8243; slideshow_link_text=&#8221;[Diavet\u00edt\u00e9s]&#8221; order_by=&#8221;filename&#8221; order_direction=&#8221;ASC&#8221; returns=&#8221;included&#8221; maximum_entity_count=&#8221;500&#8243;]<\/p>\n","protected":false},"excerpt":{"rendered":"<p>Gedeon Hajnalka grafik\u00e1ib\u00f3l ny\u00edlt ki\u00e1ll\u00edt\u00e1s a Baglyask\u0151 Gal\u00e9ri\u00e1ban. A t\u00e1rlatot Zsib\u00f3i Gergely k\u00f6lt\u0151, tan\u00e1r, a ki\u00e1ll\u00edt\u00f3 m\u0171v\u00e9sz koll\u00e9g\u00e1ja aj\u00e1nlotta az \u00e9rdekl\u0151d\u0151 otthonlak\u00f3k \u00e9s vend\u00e9gek figyelm\u00e9be. Elj\u00f6ttek a megnyit\u00f3ra a m\u0171v\u00e9szn\u0151 sz\u00fclei \u00e9s t\u00f6bb bar\u00e1tja,&#46;&#46;&#46;<\/p>\n","protected":false},"author":1,"featured_media":9862,"comment_status":"open","ping_status":"open","sticky":false,"template":"","format":"standard","meta":{"footnotes":""},"categories":[1],"tags":[],"class_list":["post-9803","post","type-post","status-publish","format-standard","has-post-thumbnail","hentry","category-baglyasalja"],"_links":{"self":[{"href":"http:\/\/www.baglyasalja.hu\/baglyas\/index.php?rest_route=\/wp\/v2\/posts\/9803","targetHints":{"allow":["GET"]}}],"collection":[{"href":"http:\/\/www.baglyasalja.hu\/baglyas\/index.php?rest_route=\/wp\/v2\/posts"}],"about":[{"href":"http:\/\/www.baglyasalja.hu\/baglyas\/index.php?rest_route=\/wp\/v2\/types\/post"}],"author":[{"embeddable":true,"href":"http:\/\/www.baglyasalja.hu\/baglyas\/index.php?rest_route=\/wp\/v2\/users\/1"}],"replies":[{"embeddable":true,"href":"http:\/\/www.baglyasalja.hu\/baglyas\/index.php?rest_route=%2Fwp%2Fv2%2Fcomments&post=9803"}],"version-history":[{"count":0,"href":"http:\/\/www.baglyasalja.hu\/baglyas\/index.php?rest_route=\/wp\/v2\/posts\/9803\/revisions"}],"wp:featuredmedia":[{"embeddable":true,"href":"http:\/\/www.baglyasalja.hu\/baglyas\/index.php?rest_route=\/wp\/v2\/media\/9862"}],"wp:attachment":[{"href":"http:\/\/www.baglyasalja.hu\/baglyas\/index.php?rest_route=%2Fwp%2Fv2%2Fmedia&parent=9803"}],"wp:term":[{"taxonomy":"category","embeddable":true,"href":"http:\/\/www.baglyasalja.hu\/baglyas\/index.php?rest_route=%2Fwp%2Fv2%2Fcategories&post=9803"},{"taxonomy":"post_tag","embeddable":true,"href":"http:\/\/www.baglyasalja.hu\/baglyas\/index.php?rest_route=%2Fwp%2Fv2%2Ftags&post=9803"}],"curies":[{"name":"wp","href":"https:\/\/api.w.org\/{rel}","templated":true}]}}