{"id":9574,"date":"2017-10-05T20:20:56","date_gmt":"2017-10-05T18:20:56","guid":{"rendered":"http:\/\/www.baglyasalja.hu\/baglyas\/?p=9574"},"modified":"2017-12-05T20:30:31","modified_gmt":"2017-12-05T18:30:31","slug":"kiallitas-megnyito-6","status":"publish","type":"post","link":"http:\/\/www.baglyasalja.hu\/baglyas\/?p=9574","title":{"rendered":"Ki\u00e1ll\u00edt\u00e1s megnyit\u00f3"},"content":{"rendered":"<p>\u00daj k\u00e9pek l\u00e1that\u00f3k a Baglyask\u0151 Gal\u00e9ri\u00e1ban. Botos Zolt\u00e1n \u00e9s Cs\u00e9pe Ferenc alkot\u00e1sait nagy tetsz\u00e9ssel fogadt\u00e1k az otthonlak\u00f3k \u00e9s az \u00e9rdekl\u0151d\u0151 vend\u00e9gek. Holecz Istv\u00e1nn\u00e9 igazgat\u00f3 asszony k\u00f6sz\u00f6nt\u0151je ut\u00e1n Hand\u00f3 P\u00e9ter \u00edr\u00f3, kult\u00farantropol\u00f3gus mutatta be az alkot\u00f3kat, \u00e9s aj\u00e1nlotta a k\u00e9peket a jelenl\u00e9v\u0151k \u00e9s a k\u00e9s\u0151bbi l\u00e1togat\u00f3k figyelm\u00e9be. A rendezv\u00e9nyt Simonffy P\u00e9ter (fagott) \u00e9s Simonffy M\u00e1t\u00e9 (klarin\u00e9t) muzsik\u00e1ja sz\u00ednes\u00edtette.<\/p>\n<p style=\"text-align: right;\"><em>Fot\u00f3: P. T\u00f3th L\u00e1szl\u00f3, H\u00e1romn\u00e9 H\u00eddv\u00e9gi Andrea<\/em><\/p>\n<p>[ngg_images source=&#8221;galleries&#8221; container_ids=&#8221;258&#8243; display_type=&#8221;photocrati-nextgen_basic_thumbnails&#8221; override_thumbnail_settings=&#8221;0&#8243; thumbnail_width=&#8221;100&#8243; thumbnail_height=&#8221;75&#8243; thumbnail_crop=&#8221;1&#8243; images_per_page=&#8221;18&#8243; number_of_columns=&#8221;0&#8243; ajax_pagination=&#8221;1&#8243; show_all_in_lightbox=&#8221;0&#8243; use_imagebrowser_effect=&#8221;1&#8243; show_slideshow_link=&#8221;1&#8243; slideshow_link_text=&#8221;[Diavet\u00edt\u00e9s]&#8221; order_by=&#8221;filename&#8221; order_direction=&#8221;ASC&#8221; returns=&#8221;included&#8221; maximum_entity_count=&#8221;500&#8243;]<\/p>\n","protected":false},"excerpt":{"rendered":"<p>\u00daj k\u00e9pek l\u00e1that\u00f3k a Baglyask\u0151 Gal\u00e9ri\u00e1ban. Botos Zolt\u00e1n \u00e9s Cs\u00e9pe Ferenc alkot\u00e1sait nagy tetsz\u00e9ssel fogadt\u00e1k az otthonlak\u00f3k \u00e9s az \u00e9rdekl\u0151d\u0151 vend\u00e9gek. Holecz Istv\u00e1nn\u00e9 igazgat\u00f3 asszony k\u00f6sz\u00f6nt\u0151je ut\u00e1n Hand\u00f3 P\u00e9ter \u00edr\u00f3, kult\u00farantropol\u00f3gus mutatta be az&#46;&#46;&#46;<\/p>\n","protected":false},"author":1,"featured_media":9653,"comment_status":"open","ping_status":"open","sticky":false,"template":"","format":"standard","meta":{"footnotes":""},"categories":[1],"tags":[],"class_list":["post-9574","post","type-post","status-publish","format-standard","has-post-thumbnail","hentry","category-baglyasalja"],"_links":{"self":[{"href":"http:\/\/www.baglyasalja.hu\/baglyas\/index.php?rest_route=\/wp\/v2\/posts\/9574","targetHints":{"allow":["GET"]}}],"collection":[{"href":"http:\/\/www.baglyasalja.hu\/baglyas\/index.php?rest_route=\/wp\/v2\/posts"}],"about":[{"href":"http:\/\/www.baglyasalja.hu\/baglyas\/index.php?rest_route=\/wp\/v2\/types\/post"}],"author":[{"embeddable":true,"href":"http:\/\/www.baglyasalja.hu\/baglyas\/index.php?rest_route=\/wp\/v2\/users\/1"}],"replies":[{"embeddable":true,"href":"http:\/\/www.baglyasalja.hu\/baglyas\/index.php?rest_route=%2Fwp%2Fv2%2Fcomments&post=9574"}],"version-history":[{"count":0,"href":"http:\/\/www.baglyasalja.hu\/baglyas\/index.php?rest_route=\/wp\/v2\/posts\/9574\/revisions"}],"wp:featuredmedia":[{"embeddable":true,"href":"http:\/\/www.baglyasalja.hu\/baglyas\/index.php?rest_route=\/wp\/v2\/media\/9653"}],"wp:attachment":[{"href":"http:\/\/www.baglyasalja.hu\/baglyas\/index.php?rest_route=%2Fwp%2Fv2%2Fmedia&parent=9574"}],"wp:term":[{"taxonomy":"category","embeddable":true,"href":"http:\/\/www.baglyasalja.hu\/baglyas\/index.php?rest_route=%2Fwp%2Fv2%2Fcategories&post=9574"},{"taxonomy":"post_tag","embeddable":true,"href":"http:\/\/www.baglyasalja.hu\/baglyas\/index.php?rest_route=%2Fwp%2Fv2%2Ftags&post=9574"}],"curies":[{"name":"wp","href":"https:\/\/api.w.org\/{rel}","templated":true}]}}