{"id":9219,"date":"2017-07-06T15:54:19","date_gmt":"2017-07-06T13:54:19","guid":{"rendered":"http:\/\/www.baglyasalja.hu\/baglyas\/?p=9219"},"modified":"2017-07-06T15:54:19","modified_gmt":"2017-07-06T13:54:19","slug":"szent-ivan-ej-3","status":"publish","type":"post","link":"http:\/\/www.baglyasalja.hu\/baglyas\/?p=9219","title":{"rendered":"Szent Iv\u00e1n \u00e9j"},"content":{"rendered":"<p style=\"text-align: left;\">A Szent Iv\u00e1n \u00e9ji ny\u00e1rsal\u00e1st j\u00fanius 23-\u00e1n rendezte meg a Bar\u00e1ti K\u00f6r. A szeles id\u0151 ellen\u00e9re sokan \u00f6sszegy\u0171lt\u00fcnk. Besz\u00e9lgett\u00fcnk a Szent Iv\u00e1n napj\u00e1hoz k\u00f6t\u0151d\u0151 szok\u00e1sokr\u00f3l, hagyom\u00e1nyokr\u00f3l. A szok\u00e1sos szalonnas\u00fct\u00e9s sem maradhatott el, majd a d\u00e9lut\u00e1n tov\u00e1bbi r\u00e9sz\u00e9ben mindenki besz\u00e9lgetett \u00e9s az id\u0151sebbek az este v\u00e9g\u00e9re egy kis \u00e9nekl\u00e9ssel is megsz\u00ednes\u00edtett\u00e9k az \u00f6sszej\u00f6vetelt.<\/p>\n<p style=\"text-align: right;\"><em>(H\u00e1romn\u00e9 H\u00eddv\u00e9gi Andrea)<\/em><\/p>\n<p>[ngg_images source=&#8221;galleries&#8221; container_ids=&#8221;251&#8243; display_type=&#8221;photocrati-nextgen_basic_thumbnails&#8221; override_thumbnail_settings=&#8221;0&#8243; thumbnail_width=&#8221;100&#8243; thumbnail_height=&#8221;75&#8243; thumbnail_crop=&#8221;1&#8243; images_per_page=&#8221;0&#8243; number_of_columns=&#8221;0&#8243; ajax_pagination=&#8221;1&#8243; show_all_in_lightbox=&#8221;0&#8243; use_imagebrowser_effect=&#8221;1&#8243; show_slideshow_link=&#8221;1&#8243; slideshow_link_text=&#8221;[Diavet\u00edt\u00e9s]&#8221; order_by=&#8221;filename&#8221; order_direction=&#8221;ASC&#8221; returns=&#8221;included&#8221; maximum_entity_count=&#8221;500&#8243;]<\/p>\n","protected":false},"excerpt":{"rendered":"<p>A Szent Iv\u00e1n \u00e9ji ny\u00e1rsal\u00e1st j\u00fanius 23-\u00e1n rendezte meg a Bar\u00e1ti K\u00f6r. A szeles id\u0151 ellen\u00e9re sokan \u00f6sszegy\u0171lt\u00fcnk. Besz\u00e9lgett\u00fcnk a Szent Iv\u00e1n napj\u00e1hoz k\u00f6t\u0151d\u0151 szok\u00e1sokr\u00f3l, hagyom\u00e1nyokr\u00f3l. A szok\u00e1sos szalonnas\u00fct\u00e9s sem maradhatott el, majd a&#46;&#46;&#46;<\/p>\n","protected":false},"author":1,"featured_media":9220,"comment_status":"open","ping_status":"open","sticky":false,"template":"","format":"standard","meta":{"footnotes":""},"categories":[1],"tags":[],"class_list":["post-9219","post","type-post","status-publish","format-standard","has-post-thumbnail","hentry","category-baglyasalja"],"_links":{"self":[{"href":"http:\/\/www.baglyasalja.hu\/baglyas\/index.php?rest_route=\/wp\/v2\/posts\/9219","targetHints":{"allow":["GET"]}}],"collection":[{"href":"http:\/\/www.baglyasalja.hu\/baglyas\/index.php?rest_route=\/wp\/v2\/posts"}],"about":[{"href":"http:\/\/www.baglyasalja.hu\/baglyas\/index.php?rest_route=\/wp\/v2\/types\/post"}],"author":[{"embeddable":true,"href":"http:\/\/www.baglyasalja.hu\/baglyas\/index.php?rest_route=\/wp\/v2\/users\/1"}],"replies":[{"embeddable":true,"href":"http:\/\/www.baglyasalja.hu\/baglyas\/index.php?rest_route=%2Fwp%2Fv2%2Fcomments&post=9219"}],"version-history":[{"count":0,"href":"http:\/\/www.baglyasalja.hu\/baglyas\/index.php?rest_route=\/wp\/v2\/posts\/9219\/revisions"}],"wp:featuredmedia":[{"embeddable":true,"href":"http:\/\/www.baglyasalja.hu\/baglyas\/index.php?rest_route=\/wp\/v2\/media\/9220"}],"wp:attachment":[{"href":"http:\/\/www.baglyasalja.hu\/baglyas\/index.php?rest_route=%2Fwp%2Fv2%2Fmedia&parent=9219"}],"wp:term":[{"taxonomy":"category","embeddable":true,"href":"http:\/\/www.baglyasalja.hu\/baglyas\/index.php?rest_route=%2Fwp%2Fv2%2Fcategories&post=9219"},{"taxonomy":"post_tag","embeddable":true,"href":"http:\/\/www.baglyasalja.hu\/baglyas\/index.php?rest_route=%2Fwp%2Fv2%2Ftags&post=9219"}],"curies":[{"name":"wp","href":"https:\/\/api.w.org\/{rel}","templated":true}]}}