{"id":9111,"date":"2017-06-09T13:59:28","date_gmt":"2017-06-09T11:59:28","guid":{"rendered":"http:\/\/www.baglyasalja.hu\/baglyas\/?p=9111"},"modified":"2017-06-09T15:02:45","modified_gmt":"2017-06-09T13:02:45","slug":"punkosdkoszonto-kiallitas","status":"publish","type":"post","link":"http:\/\/www.baglyasalja.hu\/baglyas\/?p=9111","title":{"rendered":"P\u00fcnk\u00f6sdk\u00f6sz\u00f6nt\u0151 ki\u00e1ll\u00edt\u00e1s"},"content":{"rendered":"<p>Az \u00fcnnepre k\u00e9sz\u00fcl\u00e9s els\u0151 programjak\u00e9nt \u201eP\u00fcnk\u00f6sdk\u00f6sz\u00f6nt\u0151 k\u00e9pes k\u00e9zfog\u00e1s\u201d c\u00edmmel ny\u00edlt ki\u00e1ll\u00edt\u00e1s a Baglyask\u0151 Gal\u00e9ri\u00e1ban a balassagyarmati R\u00f3zsav\u00f6lgyi M\u00e1rk Alapfok\u00fa M\u0171v\u00e9szeti Iskola sz\u00e9cs\u00e9nyi tagozat\u00e1nak, valamint a salg\u00f3tarj\u00e1ni V\u00e1czi Gyula Alapfok\u00fa M\u0171v\u00e9szeti Iskola k\u00e9pz\u0151m\u0171v\u00e9szetei tanszaka n\u00f6vend\u00e9keinek alkot\u00e1saib\u00f3l. A sz\u00e9cs\u00e9nyiek Van Gogh \u00e9s Csontv\u00e1ry jeles alkot\u00e1sainak parafr\u00e1zisait, a salg\u00f3tarj\u00e1niak grafik\u00e1kat \u00e9s festm\u00e9nyeket hoztak a ki\u00e1ll\u00edt\u00e1sra. Tan\u00e1raik, Bakos Ferenc \u00e9s F\u00f6ldi Gergely fest\u0151m\u0171v\u00e9szek a tan\u00edt\u00e1st egy k\u00f6z\u00f6s utaz\u00e1snak tekintik tan\u00edtv\u00e1nyaikkal a \u201em\u0171v\u00e9szetek f\u00f6ldj\u00e9re\u201d.<br \/>\nA megnyit\u00f3n K\u00f6vesdi Kriszti\u00e1n m\u0171v\u00e9sz-tan\u00e1r hangszer\u00e9t, a tub\u00e1t mutatta be.<\/p>\n<p>&nbsp;<\/p>\n<p style=\"text-align: right;\"><em>Fot\u00f3: Losonczy Ildik\u00f3, H\u00e1romn\u00e9 H\u00eddv\u00e9gi Andrea<\/em><\/p>\n<p>[ngg_images source=&#8221;galleries&#8221; container_ids=&#8221;250&#8243; display_type=&#8221;photocrati-nextgen_basic_thumbnails&#8221; override_thumbnail_settings=&#8221;0&#8243; thumbnail_width=&#8221;100&#8243; thumbnail_height=&#8221;75&#8243; thumbnail_crop=&#8221;1&#8243; images_per_page=&#8221;20&#8243; number_of_columns=&#8221;0&#8243; ajax_pagination=&#8221;1&#8243; show_all_in_lightbox=&#8221;0&#8243; use_imagebrowser_effect=&#8221;1&#8243; show_slideshow_link=&#8221;1&#8243; slideshow_link_text=&#8221;[Diavet\u00edt\u00e9s]&#8221; order_by=&#8221;filename&#8221; order_direction=&#8221;ASC&#8221; returns=&#8221;included&#8221; maximum_entity_count=&#8221;500&#8243;]<\/p>\n","protected":false},"excerpt":{"rendered":"<p>Az \u00fcnnepre k\u00e9sz\u00fcl\u00e9s els\u0151 programjak\u00e9nt \u201eP\u00fcnk\u00f6sdk\u00f6sz\u00f6nt\u0151 k\u00e9pes k\u00e9zfog\u00e1s\u201d c\u00edmmel ny\u00edlt ki\u00e1ll\u00edt\u00e1s a Baglyask\u0151 Gal\u00e9ri\u00e1ban a balassagyarmati R\u00f3zsav\u00f6lgyi M\u00e1rk Alapfok\u00fa M\u0171v\u00e9szeti Iskola sz\u00e9cs\u00e9nyi tagozat\u00e1nak, valamint a salg\u00f3tarj\u00e1ni V\u00e1czi Gyula Alapfok\u00fa M\u0171v\u00e9szeti Iskola k\u00e9pz\u0151m\u0171v\u00e9szetei tanszaka n\u00f6vend\u00e9keinek&#46;&#46;&#46;<\/p>\n","protected":false},"author":1,"featured_media":9152,"comment_status":"open","ping_status":"open","sticky":false,"template":"","format":"standard","meta":{"footnotes":""},"categories":[1],"tags":[],"class_list":["post-9111","post","type-post","status-publish","format-standard","has-post-thumbnail","hentry","category-baglyasalja"],"_links":{"self":[{"href":"http:\/\/www.baglyasalja.hu\/baglyas\/index.php?rest_route=\/wp\/v2\/posts\/9111","targetHints":{"allow":["GET"]}}],"collection":[{"href":"http:\/\/www.baglyasalja.hu\/baglyas\/index.php?rest_route=\/wp\/v2\/posts"}],"about":[{"href":"http:\/\/www.baglyasalja.hu\/baglyas\/index.php?rest_route=\/wp\/v2\/types\/post"}],"author":[{"embeddable":true,"href":"http:\/\/www.baglyasalja.hu\/baglyas\/index.php?rest_route=\/wp\/v2\/users\/1"}],"replies":[{"embeddable":true,"href":"http:\/\/www.baglyasalja.hu\/baglyas\/index.php?rest_route=%2Fwp%2Fv2%2Fcomments&post=9111"}],"version-history":[{"count":0,"href":"http:\/\/www.baglyasalja.hu\/baglyas\/index.php?rest_route=\/wp\/v2\/posts\/9111\/revisions"}],"wp:featuredmedia":[{"embeddable":true,"href":"http:\/\/www.baglyasalja.hu\/baglyas\/index.php?rest_route=\/wp\/v2\/media\/9152"}],"wp:attachment":[{"href":"http:\/\/www.baglyasalja.hu\/baglyas\/index.php?rest_route=%2Fwp%2Fv2%2Fmedia&parent=9111"}],"wp:term":[{"taxonomy":"category","embeddable":true,"href":"http:\/\/www.baglyasalja.hu\/baglyas\/index.php?rest_route=%2Fwp%2Fv2%2Fcategories&post=9111"},{"taxonomy":"post_tag","embeddable":true,"href":"http:\/\/www.baglyasalja.hu\/baglyas\/index.php?rest_route=%2Fwp%2Fv2%2Ftags&post=9111"}],"curies":[{"name":"wp","href":"https:\/\/api.w.org\/{rel}","templated":true}]}}