{"id":9048,"date":"2017-06-09T14:56:30","date_gmt":"2017-06-09T12:56:30","guid":{"rendered":"http:\/\/www.baglyasalja.hu\/baglyas\/?p=9048"},"modified":"2017-06-10T09:49:11","modified_gmt":"2017-06-10T07:49:11","slug":"punkosdi-hangverseny-2","status":"publish","type":"post","link":"http:\/\/www.baglyasalja.hu\/baglyas\/?p=9048","title":{"rendered":"P\u00fcnk\u00f6sdi hangverseny"},"content":{"rendered":"<p>Ism\u00e9t el\u00e9rkezett \u201e\u00c1ldott sz\u00e9p P\u00fcnk\u00f6sdnek gy\u00f6ny\u00f6r\u0171 ideje\u2026\u201d, s az \u00fcnnepet \u00fajra zen\u00e9vel k\u00f6sz\u00f6nt\u00f6tt\u00fck, imm\u00e1r huszonegyedik alkalommal Baglyasalj\u00e1n. Zen\u00e9vel, \u201e\u2026 amely lehet\u0151s\u00e9get teremt a lelki elm\u00e9ly\u00fcl\u00e9sre \u00e9s meg\u00fajul\u00e1sra.\u201d A ut\u00f3bbi id\u00e9zetet D\u00e1niel Zolt\u00e1n alpolg\u00e1rmester \u00far k\u00f6sz\u00f6nt\u0151j\u00e9b\u0151l emelt\u00fck ki, amelyet t\u00e1voll\u00e9t\u00e9ben H\u00e1rom R\u00e9ka, Bar\u00e1ti K\u00f6r\u00fcnk fiatal aktivist\u00e1ja olvasott f\u00f6l. P\u00fcnk\u00f6sd vas\u00e1rnapj\u00e1n \u00fajra megtelt a baglyasaljai R\u00f3mai Katolikus Templom \u00fcnnepl\u0151kkel, hogy meghallgass\u00e1k a balassagyarmati R\u00f3zsav\u00f6lgyi M\u00e1rk Alapfok\u00fa M\u0171v\u00e9szeti Iskola tan\u00e1rn\u0151j\u00e9t, Csetneki Hann\u00e1t \u00e9s n\u00f6vend\u00e9keit, Mravik Dork\u00e1t \u00e9s Mravik Benc\u00e9t, valamint P\u00f3czos M\u00e1ty\u00e1st \u00e9s a Salg\u00f3 Zenekart, Farkas Id\u00e1t, Gyebn\u00e1r M\u00e1rtont, Hr\u00faz M\u00e1rtont, Orosz M\u00e1rtont, P\u00f3czos M\u00e1ty\u00e1st, P\u00f3czos S\u00e1ndort a salg\u00f3tarj\u00e1ni V\u00e1czy Gyula Alapfok\u00fa M\u0171v\u00e9szeti Iskola n\u00f6vend\u00e9keit.<br \/>\nA hangverseny sz\u00e9les partneri seg\u00edts\u00e9ggel j\u00f6tt l\u00e9tre. A k\u00f6zrem\u0171k\u00f6d\u0151 k\u00e9t m\u0171v\u00e9szeti iskola mellett az \u00f6sszefog\u00e1s r\u00e9sztvev\u0151je volt a F\u0151pl\u00e9b\u00e1nia, a T\u00e1jak, Korok, M\u00fazeumok Klub Egyes\u00fclet, a S\u00c1IK Koll\u00e9gium, a Baglyask\u0151 Id\u0151sek Otthona \u00e9s t\u00f6bb mag\u00e1nszem\u00e9ly, PR-seg\u00edt\u0151k\u00e9nt a N\u00f3gr\u00e1d Megyei H\u00edrlap, a Salg\u00f3tarj\u00e1ni V\u00e1rosi Telev\u00edzi\u00f3.<br \/>\nA rendezv\u00e9ny szellemi \u00e9s anyagi f\u0151 t\u00e1mogat\u00f3ja Salg\u00f3tarj\u00e1n Megyei Jog\u00fa V\u00e1ros \u00d6nkorm\u00e1nyzata volt.<\/p>\n<p style=\"text-align: right;\"><em>Fot\u00f3: P.T\u00f3th L\u00e1szl\u00f3, dr.Oszwald Zsuzsanna, H\u00e1romn\u00e9 H\u00eddv\u00e9gi Andrea<\/em><\/p>\n<p style=\"text-align: left;\"><img decoding=\"async\" class=\"ngg-singlepic ngg-none\" src=\"http:\/\/www.baglyasalja.hu\/baglyas\/wp-content\/gallery\/170604\/170604_29.jpg\" alt=\"170604_29\"\/><\/p>\n<p style=\"text-align: left;\">&nbsp;<\/p>\n<p>[ngg_images source=&#8221;galleries&#8221; container_ids=&#8221;249&#8243; exclusions=&#8221;12187,12210&#8243; display_type=&#8221;photocrati-nextgen_basic_thumbnails&#8221; override_thumbnail_settings=&#8221;0&#8243; thumbnail_width=&#8221;100&#8243; thumbnail_height=&#8221;75&#8243; thumbnail_crop=&#8221;1&#8243; images_per_page=&#8221;12&#8243; number_of_columns=&#8221;0&#8243; ajax_pagination=&#8221;1&#8243; show_all_in_lightbox=&#8221;0&#8243; use_imagebrowser_effect=&#8221;1&#8243; show_slideshow_link=&#8221;1&#8243; slideshow_link_text=&#8221;[Diavet\u00edt\u00e9s]&#8221; order_by=&#8221;filename&#8221; order_direction=&#8221;ASC&#8221; returns=&#8221;included&#8221; maximum_entity_count=&#8221;500&#8243;]<strong>D\u00e1niel Zolt\u00e1n alpolg\u00e1rmester k\u00f6sz\u00f6nt\u0151je:<\/strong><\/p>\n<p>Tisztelt H\u00f6lgyeim \u00e9s Uraim! Tisztelt K\u00f6z\u00f6ns\u00e9g!<\/p>\n<p>Salg\u00f3tarj\u00e1n Megyei Jog\u00fa V\u00e1ros \u00d6nkorm\u00e1nyzata nev\u00e9ben tisztelettel \u00e9s szeretettel k\u00f6sz\u00f6nt\u00f6m \u00d6n\u00f6ket a hagyom\u00e1nny\u00e1 nemesedett baglyasi p\u00fcnk\u00f6sdi hangversenyen. Sajn\u00e1lom, hogy egy\u00e9b elfoglalts\u00e1gaim miatt nem lehet \u00d6n\u00f6kkel.<br \/>\nP\u00fcnk\u00f6sd az egyik legr\u00e9gibbi \u00fcnnep\u00fcnk. A kereszt\u00e9ny vil\u00e1g ekkor eml\u00e9kezik meg a Szentl\u00e9lek ki\u00e1rad\u00e1s\u00e1r\u00f3l, az egyh\u00e1z sz\u00fclet\u00e9snapj\u00e1r\u00f3l. Neves k\u00f6lt\u0151nk, Balassi B\u00e1lint \u00edgy \u00edr az \u00fcnnepr\u0151l: \u201e\u00c1ldott sz\u00e9p P\u00fcnk\u00f6sdnek gy\u00f6ny\u00f6r\u0171 ideje, \/ Mindent eg\u00e9szs\u00e9ggel l\u00e1togat\u00f3 ege, \/ Hossz\u00fa \u00faton j\u00e1r\u00f3kot k\u00f6nnyebb\u00edt\u0151 szele!\u201d<br \/>\nItt, Baglyasalj\u00e1n \u2013 amelyhez nagysz\u00fcl\u0151i \u00e1gon er\u0151s a k\u00f6t\u0151d\u00e9sem \uf02d a p\u00fcnk\u00f6sdi hangversenyeknek t\u00f6bb \u00e9vtizedes hagyom\u00e1nya van. Az akkor alig egy \u00e9ve m\u0171k\u00f6d\u0151 Baglyasalja Bar\u00e1tainak K\u00f6re 1997-ben rendezett az \u00fcnnep alkalm\u00e1b\u00f3l el\u0151sz\u00f6r hangversenyt. 20 \u00e9vvel ezel\u0151tt m\u00e9g a Di\u00e1kotthon nagyterm\u00e9ben gy\u0171lt \u00f6ssze a salg\u00f3tarj\u00e1ni k\u00f6z\u00f6ns\u00e9g, hogy zen\u00e9vel tisztelegjen az \u00fcnnep el\u0151tt. A zen\u00e9vel, amely lelki \u00e9let\u00fcnk gazdag\u00edt\u00e1s\u00e1ban is nagy seg\u00edts\u00e9get ny\u00fajthat. A jelenlegi helysz\u00edn, a baglyasi templom m\u00e9g ink\u00e1bb seg\u00edti azt, hogy P\u00fcnk\u00f6sdkor olyan aj\u00e1nd\u00e9kkal gazdagodhasson a zenei \u00e9lm\u00e9ny \u00e1ltal a k\u00f6z\u00f6ns\u00e9g, amely lehet\u0151s\u00e9get teremt a lelki elm\u00e9ly\u00fcl\u00e9sre \u00e9s meg\u00fajul\u00e1sra.<br \/>\nEz\u00e9rt is fontos a szervez\u0151 Baglyasalja Bar\u00e1tainak K\u00f6r\u00e9nek hagyom\u00e1nyteremt\u0151 t\u00f6rekv\u00e9se. A v\u00e1rosr\u00e9sz legakt\u00edvabb \u00e9s legeredm\u00e9nyesebb civil szervezete eddig is sokat tett Baglyasalja k\u00f6z\u00f6ss\u00e9gi \u00e9s kultur\u00e1lis \u00e9let\u00e9nek gazdagabb\u00e1 t\u00e9tel\u00e9\u00e9rt. \u00c9rt\u00e9k\u0151rz\u0151 \u00e9s &#8211; k\u00f6zvet\u00edt\u0151 munk\u00e1jukban sok esetben egy\u00fcttm\u0171k\u00f6dnek a Salg\u00f3tarj\u00e1ni T\u00e1jak, Korok, M\u00fazeumok Klub Egyes\u00fclettel. A mai rendezv\u00e9ny is \u2013 ahogy m\u00e1r n\u00e9gy \u00e9ve mindig \uf02d \u00f6sszefog\u00e1suk eredm\u00e9nyek\u00e9nt j\u00f6tt l\u00e9tre. A rendez\u0151k ezen alkalommal a P\u00fcnk\u00f6sdh\u00f6z j\u00f3l illeszked\u0151 zenei csemeg\u00e9vel k\u00e9sz\u00fcltek: a n\u00e9pzene ker\u00fcl f\u0151szerepbe a mai hangversenyen.<br \/>\nA magyar kult\u00fark\u00f6rben nagyon sok n\u00e9pszok\u00e1s is k\u00f6thet\u0151 a p\u00fcnk\u00f6sdh\u00f6z. A m\u00e1jusf\u00e1k \u00fcnnep\u00e9lyes lebont\u00e1sa, a p\u00fcnk\u00f6sdi kir\u00e1lyv\u00e1laszt\u00e1s, vagy a p\u00fcnk\u00f6sdi kir\u00e1lyn\u00e9j\u00e1r\u00e1s szok\u00e1sai t\u00e1jegys\u00e9genk\u00e9nt v\u00e1ltozhatnak, de mindegyik az \u00fajj\u00e1sz\u00fclet\u00e9sr\u0151l sz\u00f3l. S ne feledkezz\u00fcnk meg a p\u00fcnk\u00f6sdi \u00fcnnepk\u00f6r tal\u00e1n a legismertebb esem\u00e9ny\u00e9r\u0151l, a jelenleg is zajl\u00f3 a cs\u00edksomly\u00f3i b\u00facs\u00far\u00f3l sem. Legy\u00fcnk b\u00fcszk\u00e9k hagyom\u00e1nyainkra \u00e9s \u00f6r\u00f6k\u00edts\u00fck tov\u00e1bb n\u00e9pi \u00e9rt\u00e9keinket!<br \/>\n\u00d6nkorm\u00e1nyzatunk nev\u00e9ben k\u00edv\u00e1nom, hogy a P\u00fcnk\u00f6sd hozzon szeretetet, \u00f6r\u00f6m\u00f6t \u00e9s boldogs\u00e1got csal\u00e1djuk k\u00f6r\u00e9ben \u00e9s azt, hogy az itt megjelentek nyitott f\u00fcllel \u00e9s kit\u00e1rulkoz\u00f3 l\u00e9lekkel hallgass\u00e1k a mai hangverseny el\u0151ad\u00f3it!<br \/>\nT\u00e9gl\u00e1s-Haj\u00f3s \u00c9va P\u00fcnk\u00f6sdi szonettj\u00e9nek soraival k\u00f6sz\u00f6n\u00f6m megtisztel\u0151 figyelm\u00fcket: \u201eKellen\u00e9nek most is l\u00e1ng-szem\u0171 f\u00e9nyek, \/ hogy F\u00f6ld\u00fcnk\u00f6n \u00e9rtse milli\u00e1rd l\u00e9lek \/a t\u0171z-\u00e1ldotta B\u00e9ke szav\u00e1t!\u201d<\/p>\n","protected":false},"excerpt":{"rendered":"<p>Ism\u00e9t el\u00e9rkezett \u201e\u00c1ldott sz\u00e9p P\u00fcnk\u00f6sdnek gy\u00f6ny\u00f6r\u0171 ideje\u2026\u201d, s az \u00fcnnepet \u00fajra zen\u00e9vel k\u00f6sz\u00f6nt\u00f6tt\u00fck, imm\u00e1r huszonegyedik alkalommal Baglyasalj\u00e1n. Zen\u00e9vel, \u201e\u2026 amely lehet\u0151s\u00e9get teremt a lelki elm\u00e9ly\u00fcl\u00e9sre \u00e9s meg\u00fajul\u00e1sra.\u201d A ut\u00f3bbi id\u00e9zetet D\u00e1niel Zolt\u00e1n alpolg\u00e1rmester \u00far&#46;&#46;&#46;<\/p>\n","protected":false},"author":1,"featured_media":9109,"comment_status":"open","ping_status":"open","sticky":false,"template":"","format":"standard","meta":{"footnotes":""},"categories":[1],"tags":[],"class_list":["post-9048","post","type-post","status-publish","format-standard","has-post-thumbnail","hentry","category-baglyasalja"],"_links":{"self":[{"href":"http:\/\/www.baglyasalja.hu\/baglyas\/index.php?rest_route=\/wp\/v2\/posts\/9048","targetHints":{"allow":["GET"]}}],"collection":[{"href":"http:\/\/www.baglyasalja.hu\/baglyas\/index.php?rest_route=\/wp\/v2\/posts"}],"about":[{"href":"http:\/\/www.baglyasalja.hu\/baglyas\/index.php?rest_route=\/wp\/v2\/types\/post"}],"author":[{"embeddable":true,"href":"http:\/\/www.baglyasalja.hu\/baglyas\/index.php?rest_route=\/wp\/v2\/users\/1"}],"replies":[{"embeddable":true,"href":"http:\/\/www.baglyasalja.hu\/baglyas\/index.php?rest_route=%2Fwp%2Fv2%2Fcomments&post=9048"}],"version-history":[{"count":0,"href":"http:\/\/www.baglyasalja.hu\/baglyas\/index.php?rest_route=\/wp\/v2\/posts\/9048\/revisions"}],"wp:featuredmedia":[{"embeddable":true,"href":"http:\/\/www.baglyasalja.hu\/baglyas\/index.php?rest_route=\/wp\/v2\/media\/9109"}],"wp:attachment":[{"href":"http:\/\/www.baglyasalja.hu\/baglyas\/index.php?rest_route=%2Fwp%2Fv2%2Fmedia&parent=9048"}],"wp:term":[{"taxonomy":"category","embeddable":true,"href":"http:\/\/www.baglyasalja.hu\/baglyas\/index.php?rest_route=%2Fwp%2Fv2%2Fcategories&post=9048"},{"taxonomy":"post_tag","embeddable":true,"href":"http:\/\/www.baglyasalja.hu\/baglyas\/index.php?rest_route=%2Fwp%2Fv2%2Ftags&post=9048"}],"curies":[{"name":"wp","href":"https:\/\/api.w.org\/{rel}","templated":true}]}}