{"id":8717,"date":"2017-01-23T23:35:14","date_gmt":"2017-01-23T21:35:14","guid":{"rendered":"http:\/\/www.baglyasalja.hu\/baglyas\/?p=8717"},"modified":"2017-01-23T23:35:14","modified_gmt":"2017-01-23T21:35:14","slug":"teli-unnepkor","status":"publish","type":"post","link":"http:\/\/www.baglyasalja.hu\/baglyas\/?p=8717","title":{"rendered":"T\u00e9li \u00fcnnepk\u00f6r"},"content":{"rendered":"<p>Salg\u00f3tarj\u00e1n Megyei Jog\u00fa V\u00e1ros p\u00e1ly\u00e1zat\u00e1n nyert \u00f6sszegb\u0151l tartottuk meg a t\u00e9li \u00fcnnepk\u00f6rt. Mely keret\u00e9ben adventi ablakd\u00edszt, koszor\u00fat \u00e9s mikul\u00e1s figur\u00e1kat k\u00e9sz\u00edtett\u00fcnk pap\u00edrb\u00f3l \u00e9s fonalb\u00f3l. Nagy izgalommal v\u00e1rtuk a mikul\u00e1st. A szeretetl\u00e1ng \u00e1tad\u00e1s\u00e1t k\u00f6vet\u0151en mikul\u00e1s csomagokat adtunk \u00e1t, mely sok apr\u00f3 finoms\u00e1got rejtegetett.<\/p>\n<p><img decoding=\"async\" class=\"alignnone size-full\" src=\"http:\/\/www.baglyasalja.hu\/baglyas\/wp-content\/gallery\/170123\/170123_01.jpg\"\/><\/p>\n<p><img decoding=\"async\" class=\"alignnone size-full\" src=\"http:\/\/www.baglyasalja.hu\/baglyas\/wp-content\/gallery\/170123\/170123_02.jpg\"\/><\/p>\n<p><img decoding=\"async\" class=\"alignnone size-full\" src=\"http:\/\/www.baglyasalja.hu\/baglyas\/wp-content\/gallery\/170123\/170123_03.jpg\"\/><\/p>\n<p><img decoding=\"async\" class=\"alignnone size-full\" src=\"http:\/\/www.baglyasalja.hu\/baglyas\/wp-content\/gallery\/170123\/170123_04.jpg\"\/><\/p>\n<p><img decoding=\"async\" class=\"alignnone size-full\" src=\"http:\/\/www.baglyasalja.hu\/baglyas\/wp-content\/gallery\/170123\/170123_05.jpg\"\/><\/p>\n<p>&nbsp;<\/p>\n","protected":false},"excerpt":{"rendered":"<p>Salg\u00f3tarj\u00e1n Megyei Jog\u00fa V\u00e1ros p\u00e1ly\u00e1zat\u00e1n nyert \u00f6sszegb\u0151l tartottuk meg a t\u00e9li \u00fcnnepk\u00f6rt. Mely keret\u00e9ben adventi ablakd\u00edszt, koszor\u00fat \u00e9s mikul\u00e1s figur\u00e1kat k\u00e9sz\u00edtett\u00fcnk pap\u00edrb\u00f3l \u00e9s fonalb\u00f3l. Nagy izgalommal v\u00e1rtuk a mikul\u00e1st. A szeretetl\u00e1ng \u00e1tad\u00e1s\u00e1t k\u00f6vet\u0151en mikul\u00e1s&#46;&#46;&#46;<\/p>\n","protected":false},"author":1,"featured_media":8718,"comment_status":"open","ping_status":"open","sticky":false,"template":"","format":"standard","meta":{"footnotes":""},"categories":[1],"tags":[],"class_list":["post-8717","post","type-post","status-publish","format-standard","has-post-thumbnail","hentry","category-baglyasalja"],"_links":{"self":[{"href":"http:\/\/www.baglyasalja.hu\/baglyas\/index.php?rest_route=\/wp\/v2\/posts\/8717","targetHints":{"allow":["GET"]}}],"collection":[{"href":"http:\/\/www.baglyasalja.hu\/baglyas\/index.php?rest_route=\/wp\/v2\/posts"}],"about":[{"href":"http:\/\/www.baglyasalja.hu\/baglyas\/index.php?rest_route=\/wp\/v2\/types\/post"}],"author":[{"embeddable":true,"href":"http:\/\/www.baglyasalja.hu\/baglyas\/index.php?rest_route=\/wp\/v2\/users\/1"}],"replies":[{"embeddable":true,"href":"http:\/\/www.baglyasalja.hu\/baglyas\/index.php?rest_route=%2Fwp%2Fv2%2Fcomments&post=8717"}],"version-history":[{"count":0,"href":"http:\/\/www.baglyasalja.hu\/baglyas\/index.php?rest_route=\/wp\/v2\/posts\/8717\/revisions"}],"wp:featuredmedia":[{"embeddable":true,"href":"http:\/\/www.baglyasalja.hu\/baglyas\/index.php?rest_route=\/wp\/v2\/media\/8718"}],"wp:attachment":[{"href":"http:\/\/www.baglyasalja.hu\/baglyas\/index.php?rest_route=%2Fwp%2Fv2%2Fmedia&parent=8717"}],"wp:term":[{"taxonomy":"category","embeddable":true,"href":"http:\/\/www.baglyasalja.hu\/baglyas\/index.php?rest_route=%2Fwp%2Fv2%2Fcategories&post=8717"},{"taxonomy":"post_tag","embeddable":true,"href":"http:\/\/www.baglyasalja.hu\/baglyas\/index.php?rest_route=%2Fwp%2Fv2%2Ftags&post=8717"}],"curies":[{"name":"wp","href":"https:\/\/api.w.org\/{rel}","templated":true}]}}