{"id":7959,"date":"2016-06-30T11:49:16","date_gmt":"2016-06-30T09:49:16","guid":{"rendered":"http:\/\/www.baglyasalja.hu\/baglyas\/?p=7959"},"modified":"2016-06-30T11:49:16","modified_gmt":"2016-06-30T09:49:16","slug":"szent-ivan-ej-2","status":"publish","type":"post","link":"http:\/\/www.baglyasalja.hu\/baglyas\/?p=7959","title":{"rendered":"Szent Iv\u00e1n \u00e9j"},"content":{"rendered":"<p style=\"text-align: justify;\">Szent Iv\u00e1n napj\u00e1nak d\u00e9lut\u00e1nj\u00e1n az id\u00e9n is \u00f6sszegy\u0171lt\u00fcnk, hogy f\u00f6lid\u00e9zz\u00fck az \u00e9v legr\u00f6videbb \u00e9jszak\u00e1j\u00e1hoz \u00e9s a leghosszabb nappal\u00e1hoz f\u0171z\u0151d\u0151 hagyom\u00e1nyokat. A mostani abban t\u00e9rt el az el\u0151z\u0151ekt\u0151l, hogy vend\u00e9gk\u00e9nt fogadhattuk az Alm\u00e1gyi F\u00e9rfik\u00f3rust. Hogy hogyan, milyen hangulatban, arr\u00f3l besz\u00e9ljenek a k\u00e9pek.<\/p>\n<p style=\"text-align: right;\"><em>Fot\u00f3: Szilasi Andr\u00e1s<\/em><\/p>\n<p style=\"text-align: right;\">\n<p style=\"text-align: left;\"><img decoding=\"async\" class=\"ngg_displayed_gallery mceItem\" src=\"http:\/\/www.baglyasalja.hu\/baglyas\/index.php\/nextgen-attach_to_post\/preview\/id--7960\" data-mce-placeholder=\"1\" \/><\/p>\n","protected":false},"excerpt":{"rendered":"<p>Szent Iv\u00e1n napj\u00e1nak d\u00e9lut\u00e1nj\u00e1n az id\u00e9n is \u00f6sszegy\u0171lt\u00fcnk, hogy f\u00f6lid\u00e9zz\u00fck az \u00e9v legr\u00f6videbb \u00e9jszak\u00e1j\u00e1hoz \u00e9s a leghosszabb nappal\u00e1hoz f\u0171z\u0151d\u0151 hagyom\u00e1nyokat. A mostani abban t\u00e9rt el az el\u0151z\u0151ekt\u0151l, hogy vend\u00e9gk\u00e9nt fogadhattuk az Alm\u00e1gyi F\u00e9rfik\u00f3rust. Hogy&#46;&#46;&#46;<\/p>\n","protected":false},"author":1,"featured_media":7961,"comment_status":"open","ping_status":"open","sticky":false,"template":"","format":"standard","meta":{"footnotes":""},"categories":[1],"tags":[],"class_list":["post-7959","post","type-post","status-publish","format-standard","has-post-thumbnail","hentry","category-baglyasalja"],"_links":{"self":[{"href":"http:\/\/www.baglyasalja.hu\/baglyas\/index.php?rest_route=\/wp\/v2\/posts\/7959","targetHints":{"allow":["GET"]}}],"collection":[{"href":"http:\/\/www.baglyasalja.hu\/baglyas\/index.php?rest_route=\/wp\/v2\/posts"}],"about":[{"href":"http:\/\/www.baglyasalja.hu\/baglyas\/index.php?rest_route=\/wp\/v2\/types\/post"}],"author":[{"embeddable":true,"href":"http:\/\/www.baglyasalja.hu\/baglyas\/index.php?rest_route=\/wp\/v2\/users\/1"}],"replies":[{"embeddable":true,"href":"http:\/\/www.baglyasalja.hu\/baglyas\/index.php?rest_route=%2Fwp%2Fv2%2Fcomments&post=7959"}],"version-history":[{"count":0,"href":"http:\/\/www.baglyasalja.hu\/baglyas\/index.php?rest_route=\/wp\/v2\/posts\/7959\/revisions"}],"wp:featuredmedia":[{"embeddable":true,"href":"http:\/\/www.baglyasalja.hu\/baglyas\/index.php?rest_route=\/wp\/v2\/media\/7961"}],"wp:attachment":[{"href":"http:\/\/www.baglyasalja.hu\/baglyas\/index.php?rest_route=%2Fwp%2Fv2%2Fmedia&parent=7959"}],"wp:term":[{"taxonomy":"category","embeddable":true,"href":"http:\/\/www.baglyasalja.hu\/baglyas\/index.php?rest_route=%2Fwp%2Fv2%2Fcategories&post=7959"},{"taxonomy":"post_tag","embeddable":true,"href":"http:\/\/www.baglyasalja.hu\/baglyas\/index.php?rest_route=%2Fwp%2Fv2%2Ftags&post=7959"}],"curies":[{"name":"wp","href":"https:\/\/api.w.org\/{rel}","templated":true}]}}