{"id":6027,"date":"2015-09-03T19:19:27","date_gmt":"2015-09-03T17:19:27","guid":{"rendered":"http:\/\/www.baglyasalja.hu\/baglyas\/?p=6027"},"modified":"2015-09-03T19:19:27","modified_gmt":"2015-09-03T17:19:27","slug":"hollokoi-kirandulas","status":"publish","type":"post","link":"http:\/\/www.baglyasalja.hu\/baglyas\/?p=6027","title":{"rendered":"Holl\u00f3k\u0151i kir\u00e1ndul\u00e1s"},"content":{"rendered":"<p style=\"text-align: justify;\">J\u00faliusban maroknyi kis csapat kelt \u00fatra, hogy felkeresse a Kacsics nemzets\u00e9g \u00e1ltal \u00e9p\u00edtett Holl\u00f3k\u0151 v\u00e1r\u00e1t, s az alatta elter\u00fcl\u0151 kis falut. Sz\u00e9tn\u00e9ztek az \u00d3faluban, s a v\u00e1rban is. Egy id\u0151utaz\u00e1s r\u00e9sztvev\u0151i voltak. A postam\u00fazeumban a 18. sz\u00e1zad v\u00e9gi, 19. sz\u00e1zad eleji posta\u00e1llapotokkal tal\u00e1lkoztak. A v\u00e1rban t\u00f6bb mint 700 \u00e9vet sz\u00e1ml\u00e1ltak vissza, hogy betekinthessenek a Kacsics csal\u00e1d otthon\u00e1ba.<\/p>\n<p style=\"text-align: right;\"><em>Fot\u00f3: az internetr\u0151l ismeretlen szerz\u0151kt\u0151l, illetve Turcs\u00e1nyi Geri<\/em><\/p>\n<p><img decoding=\"async\" class=\"alignnone\" src=\"http:\/\/www.baglyasalja.hu\/baglyas\/wp-content\/gallery\/150816\/150816_01.jpg\" alt=\"\" \/><\/p>\n<p><img decoding=\"async\" class=\"alignnone\" src=\"http:\/\/www.baglyasalja.hu\/baglyas\/wp-content\/gallery\/150816\/150816_02.jpg\" alt=\"\" \/><\/p>\n<p><img decoding=\"async\" class=\"alignnone\" src=\"http:\/\/www.baglyasalja.hu\/baglyas\/wp-content\/gallery\/150816\/150816_03.jpg\" alt=\"\" \/><\/p>\n<p><img decoding=\"async\" class=\"alignnone\" src=\"http:\/\/www.baglyasalja.hu\/baglyas\/wp-content\/gallery\/150816\/150816_04.jpg\" alt=\"\" \/><\/p>\n<p><img decoding=\"async\" class=\"alignnone\" src=\"http:\/\/www.baglyasalja.hu\/baglyas\/wp-content\/gallery\/150816\/150816_05.jpg\" alt=\"\" \/><\/p>\n<p><img decoding=\"async\" class=\"alignnone\" src=\"http:\/\/www.baglyasalja.hu\/baglyas\/wp-content\/gallery\/150816\/150816_06.jpg\" alt=\"\" \/><\/p>\n<p><img decoding=\"async\" class=\"alignnone\" src=\"http:\/\/www.baglyasalja.hu\/baglyas\/wp-content\/gallery\/150816\/150816_07.jpg\" alt=\"\" \/><\/p>\n<p><img decoding=\"async\" class=\"alignnone\" src=\"http:\/\/www.baglyasalja.hu\/baglyas\/wp-content\/gallery\/150816\/150816_08.jpg\" alt=\"\" \/><\/p>\n<p><img decoding=\"async\" class=\"alignnone\" src=\"http:\/\/www.baglyasalja.hu\/baglyas\/wp-content\/gallery\/150816\/150816_09.jpg\" alt=\"\" \/><\/p>\n<p><img decoding=\"async\" class=\"alignnone\" src=\"http:\/\/www.baglyasalja.hu\/baglyas\/wp-content\/gallery\/150816\/150816_10.jpg\" alt=\"\" \/><\/p>\n","protected":false},"excerpt":{"rendered":"<p>J\u00faliusban maroknyi kis csapat kelt \u00fatra, hogy felkeresse a Kacsics nemzets\u00e9g \u00e1ltal \u00e9p\u00edtett Holl\u00f3k\u0151 v\u00e1r\u00e1t, s az alatta elter\u00fcl\u0151 kis falut. Sz\u00e9tn\u00e9ztek az \u00d3faluban, s a v\u00e1rban is. Egy id\u0151utaz\u00e1s r\u00e9sztvev\u0151i voltak. A postam\u00fazeumban&#46;&#46;&#46;<\/p>\n","protected":false},"author":1,"featured_media":6028,"comment_status":"open","ping_status":"open","sticky":false,"template":"","format":"standard","meta":{"footnotes":""},"categories":[1],"tags":[],"class_list":["post-6027","post","type-post","status-publish","format-standard","has-post-thumbnail","hentry","category-baglyasalja"],"_links":{"self":[{"href":"http:\/\/www.baglyasalja.hu\/baglyas\/index.php?rest_route=\/wp\/v2\/posts\/6027","targetHints":{"allow":["GET"]}}],"collection":[{"href":"http:\/\/www.baglyasalja.hu\/baglyas\/index.php?rest_route=\/wp\/v2\/posts"}],"about":[{"href":"http:\/\/www.baglyasalja.hu\/baglyas\/index.php?rest_route=\/wp\/v2\/types\/post"}],"author":[{"embeddable":true,"href":"http:\/\/www.baglyasalja.hu\/baglyas\/index.php?rest_route=\/wp\/v2\/users\/1"}],"replies":[{"embeddable":true,"href":"http:\/\/www.baglyasalja.hu\/baglyas\/index.php?rest_route=%2Fwp%2Fv2%2Fcomments&post=6027"}],"version-history":[{"count":0,"href":"http:\/\/www.baglyasalja.hu\/baglyas\/index.php?rest_route=\/wp\/v2\/posts\/6027\/revisions"}],"wp:featuredmedia":[{"embeddable":true,"href":"http:\/\/www.baglyasalja.hu\/baglyas\/index.php?rest_route=\/wp\/v2\/media\/6028"}],"wp:attachment":[{"href":"http:\/\/www.baglyasalja.hu\/baglyas\/index.php?rest_route=%2Fwp%2Fv2%2Fmedia&parent=6027"}],"wp:term":[{"taxonomy":"category","embeddable":true,"href":"http:\/\/www.baglyasalja.hu\/baglyas\/index.php?rest_route=%2Fwp%2Fv2%2Fcategories&post=6027"},{"taxonomy":"post_tag","embeddable":true,"href":"http:\/\/www.baglyasalja.hu\/baglyas\/index.php?rest_route=%2Fwp%2Fv2%2Ftags&post=6027"}],"curies":[{"name":"wp","href":"https:\/\/api.w.org\/{rel}","templated":true}]}}