{"id":5664,"date":"2015-06-11T08:35:49","date_gmt":"2015-06-11T06:35:49","guid":{"rendered":"http:\/\/www.baglyasalja.hu\/baglyas\/?p=5664"},"modified":"2015-06-11T08:35:49","modified_gmt":"2015-06-11T06:35:49","slug":"nagy-marta-kiallitas","status":"publish","type":"post","link":"http:\/\/www.baglyasalja.hu\/baglyas\/?p=5664","title":{"rendered":"Nagy M\u00e1rta ki\u00e1ll\u00edt\u00e1s"},"content":{"rendered":"<p>Nagy M\u00e1rta Balassagyarmaton \u00e9l\u0151 \u00e9s alkot\u00f3 fest\u0151m\u0171v\u00e9sz akvarelljei l\u00e1that\u00f3k a Baglyask\u0151 Gal\u00e9ri\u00e1ban. A t\u00e1rlatot Kov\u00e1cs Ferenc nyugalmazott tan\u00e1r nyitotta meg. Aj\u00e1nl\u00e1s\u00e1ban kiemelte, hogy ez a m\u0171faj lehet\u0151s\u00e9get ad arra, hogy a fest\u0151 csod\u00e1latos sz\u00ednvil\u00e1g\u00fa, leheletfinom k\u00e9peket hozzon l\u00e9tre. A ki\u00e1ll\u00edt\u00e1son a m\u0171v\u00e9sz vir\u00e1g- \u00e9s t\u00e1j\u00e1br\u00e1zol\u00e1sai gy\u00f6ny\u00f6rk\u00f6dtetnek. Az alkot\u00f3t, valamint a Baglyask\u0151 Id\u0151sek Otthona lak\u00f3it, az \u00e9rdekl\u0151d\u0151 p\u00e1lyat\u00e1rsakat, bar\u00e1tokat, Cs\u00e1bi Istv\u00e1n \u2013 az ugyancsak balassagyarmati el\u0151ad\u00f3m\u0171v\u00e9sz \u2013 k\u00f6sz\u00f6nt\u00f6tte git\u00e1rral k\u00eds\u00e9rt \u00e9nekeivel. Bemutatta hangszer\u00e9nek eredet\u00e9t, fel\u00e9p\u00edt\u00e9st, a rajtaval\u00f3 j\u00e1t\u00e9k jellegzetess\u00e9geit, a hangszercsal\u00e1dot. A m\u0171sor\u00e1n szerepl\u0151 \u00e9nekelt verseket, n\u00e9pdalfeldolgoz\u00e1sokat az \u00e9rdekl\u0151d\u0151 k\u00f6z\u00f6ns\u00e9g nagy tetsz\u00e9ssel fogadta.<\/p>\n<p><img decoding=\"async\" class=\"ngg_displayed_gallery mceItem\" src=\"http:\/\/www.baglyasalja.hu\/baglyas\/index.php\/nextgen-attach_to_post\/preview\/id--5712\" alt=\"\" data-mce-placeholder=\"1\" \/><\/p>\n","protected":false},"excerpt":{"rendered":"<p>Nagy M\u00e1rta Balassagyarmaton \u00e9l\u0151 \u00e9s alkot\u00f3 fest\u0151m\u0171v\u00e9sz akvarelljei l\u00e1that\u00f3k a Baglyask\u0151 Gal\u00e9ri\u00e1ban. A t\u00e1rlatot Kov\u00e1cs Ferenc nyugalmazott tan\u00e1r nyitotta meg. Aj\u00e1nl\u00e1s\u00e1ban kiemelte, hogy ez a m\u0171faj lehet\u0151s\u00e9get ad arra, hogy a fest\u0151 csod\u00e1latos sz\u00ednvil\u00e1g\u00fa,&#46;&#46;&#46;<\/p>\n","protected":false},"author":1,"featured_media":5713,"comment_status":"open","ping_status":"open","sticky":false,"template":"","format":"standard","meta":{"footnotes":""},"categories":[1],"tags":[],"class_list":["post-5664","post","type-post","status-publish","format-standard","has-post-thumbnail","hentry","category-baglyasalja"],"_links":{"self":[{"href":"http:\/\/www.baglyasalja.hu\/baglyas\/index.php?rest_route=\/wp\/v2\/posts\/5664","targetHints":{"allow":["GET"]}}],"collection":[{"href":"http:\/\/www.baglyasalja.hu\/baglyas\/index.php?rest_route=\/wp\/v2\/posts"}],"about":[{"href":"http:\/\/www.baglyasalja.hu\/baglyas\/index.php?rest_route=\/wp\/v2\/types\/post"}],"author":[{"embeddable":true,"href":"http:\/\/www.baglyasalja.hu\/baglyas\/index.php?rest_route=\/wp\/v2\/users\/1"}],"replies":[{"embeddable":true,"href":"http:\/\/www.baglyasalja.hu\/baglyas\/index.php?rest_route=%2Fwp%2Fv2%2Fcomments&post=5664"}],"version-history":[{"count":0,"href":"http:\/\/www.baglyasalja.hu\/baglyas\/index.php?rest_route=\/wp\/v2\/posts\/5664\/revisions"}],"wp:featuredmedia":[{"embeddable":true,"href":"http:\/\/www.baglyasalja.hu\/baglyas\/index.php?rest_route=\/wp\/v2\/media\/5713"}],"wp:attachment":[{"href":"http:\/\/www.baglyasalja.hu\/baglyas\/index.php?rest_route=%2Fwp%2Fv2%2Fmedia&parent=5664"}],"wp:term":[{"taxonomy":"category","embeddable":true,"href":"http:\/\/www.baglyasalja.hu\/baglyas\/index.php?rest_route=%2Fwp%2Fv2%2Fcategories&post=5664"},{"taxonomy":"post_tag","embeddable":true,"href":"http:\/\/www.baglyasalja.hu\/baglyas\/index.php?rest_route=%2Fwp%2Fv2%2Ftags&post=5664"}],"curies":[{"name":"wp","href":"https:\/\/api.w.org\/{rel}","templated":true}]}}