{"id":5654,"date":"2015-05-30T07:10:25","date_gmt":"2015-05-30T05:10:25","guid":{"rendered":"http:\/\/www.baglyasalja.hu\/baglyas\/?p=5654"},"modified":"2015-05-30T07:10:46","modified_gmt":"2015-05-30T05:10:46","slug":"5654","status":"publish","type":"post","link":"http:\/\/www.baglyasalja.hu\/baglyas\/?p=5654","title":{"rendered":"P\u00fcnk\u00f6sdi hangverseny 2015."},"content":{"rendered":"<p style=\"text-align: justify;\">P\u00fcnk\u00f6sdi hangverseny\u00fcnkkel imm\u00e1r tizenkilencedik alkalommal k\u00f6sz\u00f6nt\u00f6tt\u00fck az \u00fcnnepet. Az idei a \u201eL\u00e9lekt\u0151l l\u00e9lekig \u2013 a m\u0171v\u00e9szetek tal\u00e1lkoz\u00e1sa\u201d c\u00edmet viselte.<br \/>\n\u00dcnnepk\u00f6sz\u00f6nt\u0151, sz\u00e9pen megform\u00e1lt gondolataiban dr. Csongr\u00e1dy B\u00e9la k\u00f6z\u00edr\u00f3, egyes\u00fclet\u00fcnk p\u00e1rtol\u00f3-tagja, arra utalt, hogy a rendezv\u00e9nynek helyet ad\u00f3 templom\u00e9p\u00fclet architekt\u00far\u00e1ja \u00e9s bels\u0151 d\u00edszei \u2013 B\u00f3na Kov\u00e1cs K\u00e1roly fest\u0151- \u00e9s szobr\u00e1szm\u0171v\u00e9sz falfestm\u00e9nyei \u00e9s farag\u00e1sai \u2013 m\u00e9lt\u00f3ak az elhangz\u00f3 irodalmi \u00e9s zenei produkci\u00f3khoz. Az esem\u00e9ny teh\u00e1t seg\u00edtette a m\u00fazs\u00e1k testv\u00e9ri, illetve az alkot\u00f3k, az el\u0151ad\u00f3k \u00e9s a befogad\u00f3 k\u00f6z\u00f6ns\u00e9g lelki tal\u00e1lkoz\u00e1s\u00e1t. Bar\u00e1ti K\u00f6r\u00fcnket szervez\u0151k\u00e9nt a Salg\u00f3tarj\u00e1ni T\u00e1jak, Korok, M\u00fazeumok Klub Egyes\u00fclet, a L\u00e9lekpend\u00edt\u0151k T\u00e1rsas\u00e1ga, a Salg\u00f3tarj\u00e1ni R\u00f3mai Katolikus F\u0151pl\u00e9b\u00e1nia, k\u00f6zrem\u0171k\u00f6d\u0151k\u00e9nt a Salg\u00f3tarj\u00e1ni Szimfonikus Zenekar Kamarazenekara, sz\u00f3listak\u00e9nt Konkoly Thege R\u00e9ka (fuvola), Morvai T\u00edmea (oboa, angolk\u00fcrt), T\u00f3th Tibor (heged\u0171) \u00e9s Magyar Szilvia opera\u00e9nekes seg\u00edtette a maradand\u00f3 \u00e9lm\u00e9nyt ad\u00f3 program megval\u00f3s\u00edt\u00e1s\u00e1ban. Az irodalom m\u00fazs\u00e1j\u00e1t P. Kerner Edit el\u0151ad\u00f3m\u0171v\u00e9sz, F. Csaba M\u00e1ria \u00e9s S\u00edk S\u00e1ndor verseinek ihletett el\u0151ad\u00e1s\u00e1val, k\u00e9pviselte. A hangversenyr\u0151l Pusk\u00e1s \u00c1kos vide\u00f3-filmet k\u00e9sz\u00edtett, amelyet bemutat a Salg\u00f3tarj\u00e1ni V\u00e1rosi Telev\u00edzi\u00f3 is.<\/p>\n<p style=\"text-align: right;\"><em>Fot\u00f3: 1-30 P. T\u00f3th L\u00e1szl\u00f3<\/em><\/p>\n<p style=\"text-align: left;\"><img decoding=\"async\" class=\"ngg_displayed_gallery mceItem\" src=\"http:\/\/www.baglyasalja.hu\/baglyas\/index.php\/nextgen-attach_to_post\/preview\/id--5655\" alt=\"\" data-mce-placeholder=\"1\" \/><\/p>\n<p style=\"text-align: center;\"><strong>M\u00fazs\u00e1k testv\u00e9ris\u00e9ge<\/strong><\/p>\n<p style=\"text-align: center;\">P\u00fcnk\u00f6sd\u00a0 Baglyasalj\u00e1n:\u00a0 2015.\u00a0 m\u00e1jus 24.<\/p>\n<p>\u00a0A lehetetlenre k\u00e9rtek,\u00a0 a lehetetlenre v\u00e1llalkoztam\u00a0 baglyasi bar\u00e1taim kedv\u00e9\u00e9rt.\u00a0 Besz\u00e9lni ott, abban\u00a0\u00a0 a\u00a0 templombels\u0151ben,\u00a0 amelyet\u00a0 a helyi\u00a0 k\u00f6t\u0151d\u00e9s\u0171\u00a0 <em>B\u00f3na Kov\u00e1cs K\u00e1roly<\/em>\u00a0 fest\u0151- \u00e9s szobr\u00e1szm\u0171v\u00e9sz\u00a0 fresk\u00f3ja,\u00a0 f\u0151olt\u00e1ra,\u00a0 sz\u00f3sz\u00e9ke \u00e9s a diadal\u00edv\u00a0 Krisztus-fej domborm\u0171ve\u00a0 tesz eleve fennk\u00f6lt, emelkedett hangulat\u00fav\u00e1,\u00a0\u00a0 sz\u00f3ban\u00a0 megnyilv\u00e1nulni\u00a0 akkor, amikor\u00a0 a m\u00e1r elhangzott \u00e9s a m\u00e9g k\u00f6vetkez\u0151\u00a0 <em>Vivaldi,\u00a0 Saint-Saens, Mascagni,\u00a0 Gluck, Bach\u00a0 <\/em>remekm\u0171vei,\u00a0 <em>Wolf\u00a0 P\u00e9ter<\/em> \u201eAve Mari\u00e1\u201d-ja\u00a0 mindenn\u00e9l\u00a0 t\u00f6bbet\u00a0 mondanak\u00a0 a tavaszr\u00f3l,\u00a0 az\u00a0 \u00fcnnepr\u0151l\u00a0 (is),\u00a0 s szabad-e\u00a0 k\u00f6znapi\u00a0 pr\u00f3z\u00e1ban\u00a0 sz\u00f3lni\u00a0 <em>F. Csaba M\u00e1ria<\/em>\u00a0 gy\u00f6ny\u00f6r\u0171 l\u00edrai sorai\u00a0 ut\u00e1n\u00a0 vagy \u00e9ppen <em>S\u00edk S\u00e1ndor<\/em> \u201eTe Deum\u201d-j\u00e1t megel\u0151z\u0151en, amelyeket <em>P. Kerner Edit <\/em>az el\u0151ad\u00f3m\u0171v\u00e9szetet\u00a0 k\u00e9pviselve\u00a0 adott el\u0151 illetve fog tolm\u00e1csolni ?\u00a0 A szavak\u00a0 \u2013 amelyekkel mi\u00a0 \u00e1tlagemberek b\u00edrunk \u2013 b\u00e1rmilyen sok is van bel\u0151l\u00fck,\u00a0 b\u00e1rmennyire\u00a0 is\u00a0 \u00e1rnyaltak,\u00a0 kifejez\u0151ek\u00a0 kiv\u00e1lt a mi csod\u00e1latos anyanyelv\u00fcnk\u00f6n \u2013\u00a0 soha nem vetekedhetnek a sz\u00ednek k\u00e1pr\u00e1zat\u00e1val,\u00a0 a\u00a0 zenesz\u00e1mok,\u00a0 dalok,\u00a0 versek\u00a0 l\u00e9lekind\u00edt\u00f3 hat\u00e1saival.\u00a0\u00a0 Nekem azonban nincs m\u00e1s eszk\u00f6z\u00f6m,\u00a0 \u00e9n csak a sz\u00f3, a sz\u00f6veg erej\u00e9vel vagyok\u00a0 k\u00e9pes itt \u00e9s most (is) megjelen\u00edteni, \u00e9rz\u00e9kelhet\u0151v\u00e9 tenni \u2013 ahogyan el\u0151zetes\u00a0 h\u00edrad\u00e1sokban olvasni lehetett \u2013 \u00fcnnepi gondolataimat.<\/p>\n<p>\u201eL\u00e9lekt\u0151l l\u00e9lekig \u2013 a m\u0171v\u00e9szetek tal\u00e1lkoz\u00e1sa\u201d :\u00a0 ez az \u00f6sszefoglal\u00f3 c\u00edme e p\u00fcnk\u00f6sdi\u00a0 \u00e1hitatnak.\u00a0 Azaz\u00a0 \u2013\u00a0 a\u00a0 szentl\u00e9lek elj\u00f6vetel\u00e9t, meg\u00e9rkezt\u00e9t\u00a0 hirdet\u0151 vall\u00e1si,\u00a0 egyh\u00e1zi hitvall\u00e1son,\u00a0 k\u00fcldet\u00e9sen t\u00fal\u00a0 \u2013 a m\u00fazs\u00e1k\u00a0 testv\u00e9ris\u00e9ge sz\u00f3l\u00edtott,\u00a0 hozott\u00a0 ide\u00a0 valamennyi\u00fcnket.\u00a0\u00a0 Abba\u00a0 a Krisztus kir\u00e1ly nev\u00e9re \u00e9s tisztelet\u00e9re meg\u00e1ldott szent\u00e9lybe,\u00a0 amely a korabeli\u00a0 sajt\u00f3 szerint <em>\u201ea\u00a0 legm\u00e9lyebb istenszeretet \u00e9s a<\/em> <em>legnagyobb \u00e1ldozatk\u00e9szs\u00e9g \u00f6r\u00f6k eml\u00e9ke\u201d<\/em>\u00a0 e sz\u00e9p fekv\u00e9s\u0171 v\u00f6lgyben.\u00a0 A f\u0151\u00edv pill\u00e9rj\u00e9ben elhelyezett\u00a0 irat arr\u00f3l tan\u00faskodik,\u00a0 hogy <em>\u201e\u2026Sz\u00fcl\u0151 \u00e9s Tekint\u00e9ly tiszteletben val\u00f3 meger\u0151s\u00edt\u00e9se \u00e9s nevel\u00e9se \u00e9rdek\u00e9ben hat\u00e1rozta el a baglyasi\u00a0 katolikuss\u00e1g \u00f6sszess\u00e9ge egyhang\u00falag,\u00a0 hogy templomot \u00e9p\u00edt<\/em>.\u201d\u00a0 A nemes egyszer\u0171s\u00e9g\u0171 \u00e9p\u00fclet\u00a0 a b\u00e1nyat\u00e1rsas\u00e1g eln\u00f6ke,\u00a0 <em>dr. Chorin Ferenc<\/em> \u00e9s igazgat\u00f3ja,\u00a0 <em>R\u00f3th Fl\u00f3ris<\/em>\u00a0 t\u00e1mogat\u00e1s\u00e1val,\u00a0\u00a0 <em>Dubovszky Elem\u00e9r<\/em> helyettes b\u00e1nyaigazgat\u00f3 \u00e9s\u00a0 <em>Blankenberg\u00a0 J\u00e1nos <\/em>\u00e9p\u00edt\u00e9sz st\u00edlusos tervei alapj\u00e1n val\u00f3sult meg 1934-ben.\u00a0 A templom \u00e9kess\u00e9ge B\u00f3na Kov\u00e1cs K\u00e1roly\u00a0 m\u00e1r eml\u00edtett\u00a0 fresk\u00f3ja, amelyen\u00a0 az \u00e9gi \u00e9s f\u00f6ldi vil\u00e1g szerepl\u0151it \u2013 a barokkosan\u00a0 lebeg\u0151 angyalokat\u00a0 \u00e9s a realisztikusan\u00a0 megfogalmazott k\u00e9tkezi munk\u00e1sokat \u2013\u00a0 k\u00f6zt\u00fck a vesz\u00e9lyekkel naponta szembe n\u00e9z\u0151 b\u00e1ny\u00e1szokat\u00a0 \u2013 a f\u00e9ny k\u00f6ti \u00f6ssze.\u00a0 A f\u00e9ny,\u00a0 amely r\u00e9v\u00e9n \u2013\u00a0 <em>H. Szilasi \u00c1gota <\/em>\u00a0m\u0171v\u00e9szett\u00f6rt\u00e9n\u00e9sz\u00a0 \u00e9rt\u0151,\u00a0 ihletett megfogalmaz\u00e1sa szerint\u00a0 \u2013 \u201e<em>az isteni j\u00f3s\u00e1gban val\u00f3 bizakod\u00e1s \u00e9s a f\u00e1jdalom,\u00a0 a gy\u00e1sz \u00e1ltali elvisel\u00e9se,\u00a0 megtart\u00f3 rem\u00e9nys\u00e9ge sz\u00f3l az istennel kapcsolatot keres\u0151 h\u00edv\u0151kh\u00f6z.\u201d<\/em>\u00a0\u00a0 \u00c9s tegy\u00fck hozz\u00e1,\u00a0 azokhoz is,\u00a0 akik \u201ecsak\u201d\u00a0 a\u00a0 sz\u00edvet\u00a0 melenget\u0151, a\u00a0 l\u00e9lekhez szel\u00edd\u00fclt anyagban t\u00fcnd\u00f6kl\u0151n\u00a0\u00a0 sug\u00e1rz\u00f3\u00a0 sz\u00e9ps\u00e9get keresik \u00e9s tal\u00e1lj\u00e1k meg a m\u0171v\u00e9szetben.\u00a0 Hiszen kit ne ejtene rabul\u00a0 a\u00a0 S\u00edk S\u00e1ndor Istent dics\u00e9r\u0151 h\u00e1laad\u00e1sa,\u00a0 de az az \u0151szinte hitvall\u00e1s is, amely F.\u00a0 Csaba M\u00e1ria\u00a0 \u2013 aki nem mellesleg a k\u00e9pz\u0151m\u0171v\u00e9szeti\u00a0 \u00e9letben is jegyzi mag\u00e1t \u2013 \u00edgy fejez ki:\u00a0 \u201e<em>E tikok rejtett csendj\u00e9be mer\u00fclten, \/ Ki az Istent m\u00e1r r\u00e9gen nem kerestem, \/ Kezem \u00f6sszekulcsolva, \u00f6nfeledten, \/ Lassan im\u00e1dkozni kezdem.\u201d <\/em>S mindk\u00e9t megk\u00f6zel\u00edt\u00e9sben az az \u00e9letb\u00f6lcsess\u00e9g\u00a0 fogalmaz\u00f3dik\u00a0 meg, hogy mindenben \u00e9szrevegy\u00fck\u00a0 az emberit\u00a0 \u2013 mint <em>Szophokleszt\u0151l\u00a0 <\/em>k\u00e9t \u00e9s f\u00e9l \u00e9vezrede tudjuk \u2013\u00a0 a lehet\u0151 legcsod\u00e1latosabbat.\u00a0 S ehhez seg\u00edt hozz\u00e1 a zene, az \u00e9nekhang\u00a0 semmihez nem\u00a0 m\u00e9rhet\u0151 \u00e9lm\u00e9nye is.\u00a0 J\u00f3 \u00e9rz\u00e9s tudni,\u00a0 hogy nemcsak haz\u00e1nk adott \u00e9s ad\u00a0 manaps\u00e1g\u00a0 is kiv\u00e9teles tehets\u00e9g\u0171\u00a0 komponist\u00e1kat\u00a0 \u00e9s interpret\u00e1torokat,\u00a0 jeles m\u0171v\u00e9szeket,\u00a0 de itt a v\u00e1rosban, sz\u0171kebb\u00a0 k\u00f6rnyezet\u00fcnkben\u00a0 is\u00a0 \u00e9ltek,\u00a0 \u00e9lnek,\u00a0 munk\u00e1lkodnak\u00a0 olyan talentum\u00fa\u00a0 \u00e9s felk\u00e9sz\u00fclts\u00e9g\u0171 muzsikusok,\u00a0 akik reperto\u00e1rjukkal\u00a0 vagy ak\u00e1r\u00a0 egy-egy m\u0171sorsz\u00e1mukkal\u00a0 \u2013 mint egy im\u00e1ds\u00e1g \u2013 beragyogj\u00e1k \u00fcnnep- \u00e9s h\u00e9tk\u00f6znapjainkat.\u00a0\u00a0 Azt olvastam valahol \u00e9s mintegy \u00f6r\u00f6k tanuls\u00e1gk\u00e9nt eszembe is v\u00e9stem,\u00a0 hogy a <em>\u201em\u0171v\u00e9szet var\u00e1zs, amely \u00e1talak\u00edt.\u00a0 A k\u00f6nnycseppet\u00a0 persze\u00a0 gy\u00f6ngyszemm\u00e9 nem.\u00a0 Az embert emberebb\u00e9 azonban igen.\u201d<\/em><\/p>\n<p>S,\u00a0 hogy m\u00e9g a lehet\u0151 legid\u0151szer\u0171bb is legyen a mondand\u00f3m,\u00a0 befejez\u00e9s\u00fcl az egyik legkor\u00e1bbi\u00a0 klasszikus k\u00f6lt\u0151nk \u2013 aki r\u00e1ad\u00e1sul ezernyi m\u00f3don gy\u00f6kerezik N\u00f3gr\u00e1dban\u00a0 \u2013\u00a0 <em>Balassi B\u00e1lint<\/em>\u00a0 \u201eBoriv\u00f3knak val\u00f3\u201d\u00a0 vers\u00e9t\u00a0 id\u00e9zem ide t\u00f6bb mint n\u00e9gysz\u00e1z esztend\u0151 t\u00e1vlat\u00e1b\u00f3l :\u00a0 <em>\u201e\u00c1ldott sz\u00e9p P\u00fcnk\u00f6sdnek gy\u00f6ny\u00f6r\u0171 ideje, \/ Mindent eg\u00e9szs\u00e9ggel l\u00e1togat\u00f3 ege, \/ Hossz\u00fa \u00faton j\u00e1r\u00f3kot k\u00f6nnyebb\u00edt\u0151 szele! \/\u00a0 Te nyitod r\u00f3zs\u00e1kat meg illatoz\u00e1sra, \/ N\u00e9ma f\u00fclemile tork\u00e1t ki\u00e1lt\u00e1sra, \/ F\u00e1kat is te \u00f6lt\u00f6ztetsz soksz\u00edn\u0171 ruh\u00e1kba.\u201d <\/em>\u00a0S, hogy mennyire igazat mondott a mi vit\u00e9z\u00fcnk,\u00a0 el\u00e9g csak k\u00f6r\u00fcln\u00e9zni most is a term\u00e9szetben,\u00a0 amelyet egy 18-19.\u00a0 sz\u00e1zadi n\u00e9met kiv\u00e1l\u00f3s\u00e1g <em>Wolfgang Goethe<\/em> \u201eM\u00e1jus dal\u201d-a\u00a0 <em>Dsida Jen\u0151<\/em> ford\u00edt\u00e1s\u00e1ban\u00a0 im\u00edgyen jellemez: <em>\u201eF\u00f6ld, \u00e1g rakodtan \/ Sz\u00ednes vir\u00e1ggal, \/ Minden bokorban \/ Ezer mad\u00e1rdal. \/ Ezer ki\u00e1lt\u00e1s \/ Visszhangra\u00a0 v\u00e1r:\u00a0 \u00d3, f\u00f6ld,\u00a0 \u00f3, \u00e1ld\u00e1s, \/ \u00d3, napsug\u00e1r!\u201d <\/em><\/p>\n<p>Tisztelt H\u00f6lgyeim \u00e9s Uraim! Kedves \u00dcnnepl\u0151k!\u00a0\u00a0 Halljuk h\u00e1t meg a felsz\u00f3l\u00edt\u00e1st\u00a0 \u00e9s visszhangozzon benn\u00fcnk\u00a0 a t\u00e9rt\u0151l \u00e9s id\u0151t\u0151l f\u00fcggetlen \u00f6sszm\u0171v\u00e9szet\u00a0 minden hum\u00e1nus\u00a0 \u00fczenete,\u00a0 amelynek mi valamennyien \u2013\u00a0 eltekintve nemzetis\u00e9gt\u0151l,\u00a0 nemt\u0151l,\u00a0 b\u0151rsz\u00ednt\u0151l,\u00a0 vil\u00e1gszeml\u00e9lett\u0151l,\u00a0 anyagi helyzett\u0151l\u00a0 \u2013\u00a0 a c\u00edmzettjei vagyunk\u2026<\/p>\n<p>Csongr\u00e1dy B\u00e9la<\/p>\n","protected":false},"excerpt":{"rendered":"<p>P\u00fcnk\u00f6sdi hangverseny\u00fcnkkel imm\u00e1r tizenkilencedik alkalommal k\u00f6sz\u00f6nt\u00f6tt\u00fck az \u00fcnnepet. Az idei a \u201eL\u00e9lekt\u0151l l\u00e9lekig \u2013 a m\u0171v\u00e9szetek tal\u00e1lkoz\u00e1sa\u201d c\u00edmet viselte. \u00dcnnepk\u00f6sz\u00f6nt\u0151, sz\u00e9pen megform\u00e1lt gondolataiban dr. Csongr\u00e1dy B\u00e9la k\u00f6z\u00edr\u00f3, egyes\u00fclet\u00fcnk p\u00e1rtol\u00f3-tagja, arra utalt, hogy a rendezv\u00e9nynek&#46;&#46;&#46;<\/p>\n","protected":false},"author":1,"featured_media":5656,"comment_status":"open","ping_status":"open","sticky":false,"template":"","format":"standard","meta":{"footnotes":""},"categories":[1],"tags":[],"class_list":["post-5654","post","type-post","status-publish","format-standard","has-post-thumbnail","hentry","category-baglyasalja"],"_links":{"self":[{"href":"http:\/\/www.baglyasalja.hu\/baglyas\/index.php?rest_route=\/wp\/v2\/posts\/5654","targetHints":{"allow":["GET"]}}],"collection":[{"href":"http:\/\/www.baglyasalja.hu\/baglyas\/index.php?rest_route=\/wp\/v2\/posts"}],"about":[{"href":"http:\/\/www.baglyasalja.hu\/baglyas\/index.php?rest_route=\/wp\/v2\/types\/post"}],"author":[{"embeddable":true,"href":"http:\/\/www.baglyasalja.hu\/baglyas\/index.php?rest_route=\/wp\/v2\/users\/1"}],"replies":[{"embeddable":true,"href":"http:\/\/www.baglyasalja.hu\/baglyas\/index.php?rest_route=%2Fwp%2Fv2%2Fcomments&post=5654"}],"version-history":[{"count":0,"href":"http:\/\/www.baglyasalja.hu\/baglyas\/index.php?rest_route=\/wp\/v2\/posts\/5654\/revisions"}],"wp:featuredmedia":[{"embeddable":true,"href":"http:\/\/www.baglyasalja.hu\/baglyas\/index.php?rest_route=\/wp\/v2\/media\/5656"}],"wp:attachment":[{"href":"http:\/\/www.baglyasalja.hu\/baglyas\/index.php?rest_route=%2Fwp%2Fv2%2Fmedia&parent=5654"}],"wp:term":[{"taxonomy":"category","embeddable":true,"href":"http:\/\/www.baglyasalja.hu\/baglyas\/index.php?rest_route=%2Fwp%2Fv2%2Fcategories&post=5654"},{"taxonomy":"post_tag","embeddable":true,"href":"http:\/\/www.baglyasalja.hu\/baglyas\/index.php?rest_route=%2Fwp%2Fv2%2Ftags&post=5654"}],"curies":[{"name":"wp","href":"https:\/\/api.w.org\/{rel}","templated":true}]}}