{"id":537,"date":"2009-10-27T11:59:10","date_gmt":"2009-10-27T09:59:10","guid":{"rendered":"http:\/\/www.baglyasalja.hu\/baglyas\/?p=537"},"modified":"2009-10-27T12:00:36","modified_gmt":"2009-10-27T10:00:36","slug":"meghivo-7","status":"publish","type":"post","link":"http:\/\/www.baglyasalja.hu\/baglyas\/?p=537","title":{"rendered":"Megh\u00edv\u00f3"},"content":{"rendered":"<p>Salg\u00f3tarj\u00e1n v\u00e1ross\u00e1 fejl\u0151d\u00e9s\u00e9ben meghat\u00e1roz\u00f3 szerepe volt a k\u00f6rny\u00e9ken beindult sz\u00e9nb\u00e1ny\u00e1szatnak \u00e9s az erre alapoz\u00f3d\u00f3 ipari v\u00e1llalatok l\u00e9trej\u00f6tt\u00e9nek. Mindezekr\u0151l megem-l\u00e9kezt\u00fck az el\u0151z\u0151 \u00e9vben. 2009-ben folytatva a megeml\u00e9kez\u00e9st, most n\u00e9h\u00e1ny olyan szem\u00e9-lyis\u00e9gr\u0151l eml\u00e9kez\u00fcnk meg, akik e folyamatban kiemelked\u0151 szerepet j\u00e1tszottak, akik jelen-t\u0151sen befoly\u00e1solt\u00e1k a fejl\u0151d\u00e9s mik\u00e9ntj\u00e9t, eredm\u00e9nyeit. \u00cdgy ker\u00fcl sor a:<\/p>\n<h2 style=\"text-align: center;\"><strong>II. Salg\u00f3tarj\u00e1ni Ipart\u00f6rt\u00e9neti Eml\u00e9knapra<\/strong><\/h2>\n<p align=\"center\"><strong> <\/strong><\/p>\n<p align=\"center\">2009 okt\u00f3ber 29-n 15 \u00f3rai kezdettel Baglyasalj\u00e1n,<\/p>\n<p align=\"center\">az sz\u00e9nb\u00e1ny\u00e1k volt B\u00e1nyakaszin\u00f3j\u00e1nak \u00e9p\u00fclet\u00e9ben,<\/p>\n<p align=\"center\">(ma a SKAID Di\u00e1kotthona, c\u00edme: Pet\u0151fi \u00fat 96)<\/p>\n<p align=\"center\">(Megk\u00f6zel\u00edthet\u0151 a 4., 14. \u00e9s 46. helyij\u00e1ratokkal)<\/p>\n<p>Program:<\/p>\n<p><strong> <\/strong><strong>1.,<\/strong> <strong>Megnyit\u00f3<\/strong>: Sz\u00e9kyn\u00e9 dr. Sztr\u00e9mi Melinda polg\u00e1rmester<\/p>\n<p><strong> 2., Bevezet\u0151 el\u0151ad\u00e1s: <\/strong>\u201eA vezet\u0151 ipari szakemberek szerepe a v\u00e1ros \u00e1ltal\u00e1nos<\/p>\n<p>fejl\u0151d\u00e9s\u00e9ben.\u201d El\u0151ad\u00f3: Fodor\u00a0 Mikl\u00f3s t\u00f6rt\u00e9n\u00e9sz<strong> <\/strong><\/p>\n<p><strong> 3., Megeml\u00e9kez\u0151 el\u0151ad\u00e1sok<\/strong>:<\/p>\n<p><strong>Borb\u00e9ly Lajosr\u00f3l<\/strong> &#8212;\u00a0\u00a0\u00a0 \u00a0\u00a0Csank Csaba<\/p>\n<p><strong>Gerber Frigyesr\u0151l<\/strong> &#8212;\u00a0\u00a0\u00a0 \u00a0\u00a0J\u00f3zsa S\u00e1ndor<\/p>\n<p><strong>G\u00f6m\u00f6ry S\u00e1ndorr\u00f3l<\/strong> &#8212;\u00a0\u00a0\u00a0 \u00a0\u00a0Liptay P\u00e9ter<\/p>\n<p><strong>Jermendy (Wizinger) K\u00e1rolyr\u00f3l<\/strong> &#8212;\u00a0 \u00a0\u00a0\u00a0\u00a0Marek Alad\u00e1r<\/p>\n<p><strong>J\u00f3n\u00e1sch Antalr\u00f3l<\/strong> &#8212;\u00a0\u00a0\u00a0\u00a0 \u00a0Liptay P\u00e9ter<\/p>\n<p><strong>M\u00e1nczos J\u00f3zsefr\u0151l<\/strong> &#8212;\u00a0\u00a0\u00a0\u00a0 \u00a0Marek Alad\u00e1r<\/p>\n<p><strong>P\u00e1ntyik \u00c1rp\u00e1dr\u00f3l<\/strong> &#8212;\u00a0\u00a0\u00a0\u00a0\u00a0 Liptay P\u00e9ter<\/p>\n<p><strong>R\u00f3th Fl\u00f3risr\u00f3l<\/strong> &#8212;\u00a0\u00a0\u00a0\u00a0\u00a0 Vajda Istv\u00e1n<\/p>\n<p><strong>Sinkovics J\u00e1nosr\u00f3l<\/strong> &#8212;\u00a0\u00a0\u00a0\u00a0\u00a0 Horv\u00e1th L\u00e1szl\u00f3<\/p>\n<p><strong>Stark Ferencr\u0151l<\/strong> &#8212;\u00a0\u00a0\u00a0\u00a0\u00a0 Marek Alad\u00e1r<\/p>\n<p><strong> Zemlinszky Rezs\u0151r\u0151l <\/strong> &#8212;\u00a0\u00a0\u00a0\u00a0\u00a0 Bocsi Ott\u00f3<\/p>\n<p><strong>B\u00f3na Kov\u00e1cs K\u00e1rolyr\u00f3l <\/strong> &#8212;\u00a0\u00a0\u00a0\u00a0\u00a0 Szilasi Andr\u00e1s<\/p>\n<p><strong>4., Az el\u0151ad\u00e1sok ut\u00e1n lehet\u0151s\u00e9g lesz kieg\u00e9sz\u00edt\u00e9sekre, hozz\u00e1sz\u00f3l\u00e1sokra<\/strong><\/p>\n<p><strong> 5., Z\u00e1rsz\u00f3<\/strong><\/p>\n<p>A rendezv\u00e9ny tov\u00e1bbi r\u00e9sz\u00e9ben sz\u0171kebb k\u00f6r\u0171 besz\u00e9lget\u00e9sre, bar\u00e1ti visszaeml\u00e9kez\u00e9sekre ker\u00fcl sor, amelyhez a rendez\u0151k szer\u00e9ny b\u00fcf\u00e9vel v\u00e1rj\u00e1k az eml\u00e9knap r\u00e9sztvev\u0151it.<\/p>\n<p>A fenti rendezv\u00e9nyen sz\u00edvesen l\u00e1tjuk \u00d6nt, t\u00e9m\u00e1nk ir\u00e1nt \u00e9rdekl\u0151d\u0151ket, k\u00fcl\u00f6n\u00f6s \u00f6r\u00f6mmel a vezet\u0151 szakemberek rokonait, bar\u00e1tait, ismer\u0151seit.<\/p>\n<p align=\"center\">Salg\u00f3tarj\u00e1n, 2009 okt\u00f3ber.<\/p>\n<p>Salg\u00f3tarj\u00e1n Megyei Jog\u00fa V\u00e1ros\u00a0\u00a0\u00a0\u00a0\u00a0\u00a0\u00a0\u00a0\u00a0\u00a0\u00a0\u00a0\u00a0\u00a0\u00a0\u00a0\u00a0\u00a0\u00a0 N\u00f3gr\u00e1di T\u00f6rt\u00e9neti M\u00fazeumi<\/p>\n<p>\u00d6nkorm\u00e1nyzata<\/p>\n<p>N\u00f3gr\u00e1d megyei B\u00e1ny\u00e1sz-Koh\u00e1sz\u00a0\u00a0\u00a0\u00a0\u00a0\u00a0\u00a0\u00a0\u00a0\u00a0\u00a0\u00a0\u00a0\u00a0\u00a0\u00a0 Baglyasalja Bar\u00e1tainak K\u00f6re<\/p>\n<p>Hagyom\u00e1ny\u00e1pol\u00f3 Egyes\u00fclet<\/p>\n","protected":false},"excerpt":{"rendered":"<p>Salg\u00f3tarj\u00e1n v\u00e1ross\u00e1 fejl\u0151d\u00e9s\u00e9ben meghat\u00e1roz\u00f3 szerepe volt a k\u00f6rny\u00e9ken beindult sz\u00e9nb\u00e1ny\u00e1szatnak \u00e9s az erre alapoz\u00f3d\u00f3 ipari v\u00e1llalatok l\u00e9trej\u00f6tt\u00e9nek. Mindezekr\u0151l megem-l\u00e9kezt\u00fck az el\u0151z\u0151 \u00e9vben. 2009-ben folytatva a megeml\u00e9kez\u00e9st, most n\u00e9h\u00e1ny olyan szem\u00e9-lyis\u00e9gr\u0151l eml\u00e9kez\u00fcnk meg, akik e&#46;&#46;&#46;<\/p>\n","protected":false},"author":1,"featured_media":0,"comment_status":"open","ping_status":"open","sticky":false,"template":"","format":"standard","meta":{"footnotes":""},"categories":[1],"tags":[],"class_list":["post-537","post","type-post","status-publish","format-standard","hentry","category-baglyasalja"],"_links":{"self":[{"href":"http:\/\/www.baglyasalja.hu\/baglyas\/index.php?rest_route=\/wp\/v2\/posts\/537","targetHints":{"allow":["GET"]}}],"collection":[{"href":"http:\/\/www.baglyasalja.hu\/baglyas\/index.php?rest_route=\/wp\/v2\/posts"}],"about":[{"href":"http:\/\/www.baglyasalja.hu\/baglyas\/index.php?rest_route=\/wp\/v2\/types\/post"}],"author":[{"embeddable":true,"href":"http:\/\/www.baglyasalja.hu\/baglyas\/index.php?rest_route=\/wp\/v2\/users\/1"}],"replies":[{"embeddable":true,"href":"http:\/\/www.baglyasalja.hu\/baglyas\/index.php?rest_route=%2Fwp%2Fv2%2Fcomments&post=537"}],"version-history":[{"count":0,"href":"http:\/\/www.baglyasalja.hu\/baglyas\/index.php?rest_route=\/wp\/v2\/posts\/537\/revisions"}],"wp:attachment":[{"href":"http:\/\/www.baglyasalja.hu\/baglyas\/index.php?rest_route=%2Fwp%2Fv2%2Fmedia&parent=537"}],"wp:term":[{"taxonomy":"category","embeddable":true,"href":"http:\/\/www.baglyasalja.hu\/baglyas\/index.php?rest_route=%2Fwp%2Fv2%2Fcategories&post=537"},{"taxonomy":"post_tag","embeddable":true,"href":"http:\/\/www.baglyasalja.hu\/baglyas\/index.php?rest_route=%2Fwp%2Fv2%2Ftags&post=537"}],"curies":[{"name":"wp","href":"https:\/\/api.w.org\/{rel}","templated":true}]}}