{"id":5019,"date":"2015-03-25T09:49:17","date_gmt":"2015-03-25T07:49:17","guid":{"rendered":"http:\/\/www.baglyasalja.hu\/baglyas\/?p=5019"},"modified":"2015-03-25T09:49:17","modified_gmt":"2015-03-25T07:49:17","slug":"viz-szalad-a-ko-marad","status":"publish","type":"post","link":"http:\/\/www.baglyasalja.hu\/baglyas\/?p=5019","title":{"rendered":"\u201eV\u00edz szalad, a k\u0151 marad&#8221;"},"content":{"rendered":"<p style=\"text-align: justify;\">Dr. Fekete J\u00f3zsef \u2013 t\u00f6bbs\u00e9g\u00e9ben n\u00f3gr\u00e1di t\u00e1jakat, v\u00e1rakat \u00e1br\u00e1zol\u00f3 \u2013 k\u00e9peit bemutat\u00f3 ki\u00e1ll\u00edt\u00e1s ny\u00edlt a Baglyask\u0151 Id\u0151sek Otthon\u00e1ban. Ez a v\u00e1logat\u00e1s imm\u00e1r a 43. a Baglyask\u0151 Gal\u00e9ri\u00e1ban. Szab\u00f3 No\u00e9mi szobr\u00e1szm\u0171v\u00e9sz \u2013 empatikus \u00e9s szak\u00e9rt\u0151 megnyit\u00f3j\u00e1ban \u2013 kiemelte, hogy ilyen k\u00e9pek l\u00e9trehoz\u00e1s\u00e1ra csak olyan ember k\u00e9pes, aki j\u00f3l ismeri, szereti \u00e9s tiszteli az alkot\u00e1s t\u00e1rgy\u00e1t, jelen esetben a term\u00e9szetet.<br \/>\nAz esem\u00e9nyen folytat\u00f3dott a hangszerek bemutat\u00e1sa. Most, a legnagyobb von\u00f3s hangszer, a nagyb\u0151g\u0151 mutatkozott be sz\u00f3l\u00f3ban, Baranyi G\u00e1bor, a Budapesti Bart\u00f3k B\u00e9la Zenem\u0171v\u00e9szeti Szakk\u00f6z\u00e9piskola n\u00f6vend\u00e9k\u00e9nek j\u00e1t\u00e9k\u00e1val, du\u00f3ban \u00e9s a kisebb von\u00f3s hangszerek (heged\u0171, br\u00e1csa) \u201et\u00e1rsas\u00e1g\u00e1ban\u201d.<br \/>\nA k\u00e9peket, m\u00e1jus 25.- ig 10 \u2013 18 \u00f3ra k\u00f6z\u00f6tt, minden nap szabadon megtekinthetik az \u00e9rdekl\u0151d\u0151k.<\/p>\n<p style=\"text-align: justify;\"><img decoding=\"async\" class=\"ngg_displayed_gallery mceItem\" src=\"http:\/\/www.baglyasalja.hu\/baglyas\/index.php\/nextgen-attach_to_post\/preview\/id--5071\" alt=\"\" data-mce-placeholder=\"1\" \/><\/p>\n","protected":false},"excerpt":{"rendered":"<p>Dr. Fekete J\u00f3zsef \u2013 t\u00f6bbs\u00e9g\u00e9ben n\u00f3gr\u00e1di t\u00e1jakat, v\u00e1rakat \u00e1br\u00e1zol\u00f3 \u2013 k\u00e9peit bemutat\u00f3 ki\u00e1ll\u00edt\u00e1s ny\u00edlt a Baglyask\u0151 Id\u0151sek Otthon\u00e1ban. Ez a v\u00e1logat\u00e1s imm\u00e1r a 43. a Baglyask\u0151 Gal\u00e9ri\u00e1ban. Szab\u00f3 No\u00e9mi szobr\u00e1szm\u0171v\u00e9sz \u2013 empatikus \u00e9s szak\u00e9rt\u0151&#46;&#46;&#46;<\/p>\n","protected":false},"author":1,"featured_media":5072,"comment_status":"open","ping_status":"open","sticky":false,"template":"","format":"standard","meta":{"footnotes":""},"categories":[1],"tags":[],"class_list":["post-5019","post","type-post","status-publish","format-standard","has-post-thumbnail","hentry","category-baglyasalja"],"_links":{"self":[{"href":"http:\/\/www.baglyasalja.hu\/baglyas\/index.php?rest_route=\/wp\/v2\/posts\/5019","targetHints":{"allow":["GET"]}}],"collection":[{"href":"http:\/\/www.baglyasalja.hu\/baglyas\/index.php?rest_route=\/wp\/v2\/posts"}],"about":[{"href":"http:\/\/www.baglyasalja.hu\/baglyas\/index.php?rest_route=\/wp\/v2\/types\/post"}],"author":[{"embeddable":true,"href":"http:\/\/www.baglyasalja.hu\/baglyas\/index.php?rest_route=\/wp\/v2\/users\/1"}],"replies":[{"embeddable":true,"href":"http:\/\/www.baglyasalja.hu\/baglyas\/index.php?rest_route=%2Fwp%2Fv2%2Fcomments&post=5019"}],"version-history":[{"count":0,"href":"http:\/\/www.baglyasalja.hu\/baglyas\/index.php?rest_route=\/wp\/v2\/posts\/5019\/revisions"}],"wp:featuredmedia":[{"embeddable":true,"href":"http:\/\/www.baglyasalja.hu\/baglyas\/index.php?rest_route=\/wp\/v2\/media\/5072"}],"wp:attachment":[{"href":"http:\/\/www.baglyasalja.hu\/baglyas\/index.php?rest_route=%2Fwp%2Fv2%2Fmedia&parent=5019"}],"wp:term":[{"taxonomy":"category","embeddable":true,"href":"http:\/\/www.baglyasalja.hu\/baglyas\/index.php?rest_route=%2Fwp%2Fv2%2Fcategories&post=5019"},{"taxonomy":"post_tag","embeddable":true,"href":"http:\/\/www.baglyasalja.hu\/baglyas\/index.php?rest_route=%2Fwp%2Fv2%2Ftags&post=5019"}],"curies":[{"name":"wp","href":"https:\/\/api.w.org\/{rel}","templated":true}]}}