{"id":4527,"date":"2015-02-12T09:12:09","date_gmt":"2015-02-12T07:12:09","guid":{"rendered":"http:\/\/www.baglyasalja.hu\/baglyas\/?p=4527"},"modified":"2015-02-12T09:12:09","modified_gmt":"2015-02-12T07:12:09","slug":"harom-az-egyben","status":"publish","type":"post","link":"http:\/\/www.baglyasalja.hu\/baglyas\/?p=4527","title":{"rendered":"H\u00e1rom az egyben"},"content":{"rendered":"<p>\u201eA hegyek legend\u00e1ja\u201d c\u00edmmel az elm\u00falt szombat d\u00e9lut\u00e1n Dr. F\u00fcst Antal professzor k\u00e9t \u00fajabb k\u00f6nyv\u00e9nek bemutat\u00f3j\u00e1ra \u00e9s egy ki\u00e1ll\u00edt\u00e1s megnyit\u00f3j\u00e1ra ker\u00fclt sor Zagyvar\u00f3n\u00e1n a B\u00e1tki J\u00f3zsef K\u00f6z\u00f6ss\u00e9gi H\u00e1zban. A <em><strong>P\u00e9csk\u0151 a\u00a0rabl\u00f3lovagok<\/strong> <strong>f\u00e9szke<\/strong><\/em> c\u00edm\u0171 reg\u00e9nyr\u0151l dr. Csongr\u00e1dy B\u00e9la k\u00f6z\u00edr\u00f3, a <em><strong>Salg\u00f3 V\u00e1r a felh\u0151k<\/strong><\/em> f\u00f6l\u00f6tt c\u00edm\u0171 k\u00f6tetr\u0151l Szilasi Andr\u00e1s nyugd\u00edjas tan\u00e1r besz\u00e9lgetett a szerz\u0151vel. A k\u00f6nyvek tartalm\u00e1nak megismer\u00e9s\u00e9ben k\u00e9t kisfilm is seg\u00edtette a nagysz\u00e1m\u00fa k\u00f6z\u00f6ns\u00e9get. Ezt k\u00f6vet\u0151en dr. Fekete J\u00f3zsef professzor festm\u00e9nyeit tekintett\u00e9k meg az \u00e9rdekl\u0151d\u0151k. Az \u00fcnnepi hangulathoz hozz\u00e1j\u00e1rultak a helyi n\u00e9pdalk\u00f6r\u00f6k \u00e9s a B\u00e1ny\u00e1sz- Koh\u00e1sz Dalk\u00f6r m\u0171sorai. A program f\u0151szervez\u0151je F\u00f6ldin\u00e9 Patakfalvi Erzs\u00e9bet volt. A rendezv\u00e9ny h\u00e1zigazd\u00e1i Turcs\u00e1ny L\u00e1szl\u00f3, a v\u00e1rosr\u00e9sz \u00f6nkorm\u00e1nyzati k\u00e9pvisel\u0151je \u00e9s God\u00f3 Krisztina, a Zagyvaforr\u00e1s Egyes\u00fclet eln\u00f6ke voltak.<\/p>\n<p style=\"text-align: right;\"><em>Fot\u00f3: P. T\u00f3th L\u00e1szl\u00f3<\/em><\/p>\n<p style=\"text-align: left;\"><img decoding=\"async\" class=\"ngg_displayed_gallery mceItem\" src=\"http:\/\/www.baglyasalja.hu\/baglyas\/index.php\/nextgen-attach_to_post\/preview\/id--4608\" alt=\"\" \/><\/p>\n","protected":false},"excerpt":{"rendered":"<p>\u201eA hegyek legend\u00e1ja\u201d c\u00edmmel az elm\u00falt szombat d\u00e9lut\u00e1n Dr. F\u00fcst Antal professzor k\u00e9t \u00fajabb k\u00f6nyv\u00e9nek bemutat\u00f3j\u00e1ra \u00e9s egy ki\u00e1ll\u00edt\u00e1s megnyit\u00f3j\u00e1ra ker\u00fclt sor Zagyvar\u00f3n\u00e1n a B\u00e1tki J\u00f3zsef K\u00f6z\u00f6ss\u00e9gi H\u00e1zban. A P\u00e9csk\u0151 a\u00a0rabl\u00f3lovagok f\u00e9szke c\u00edm\u0171 reg\u00e9nyr\u0151l&#46;&#46;&#46;<\/p>\n","protected":false},"author":1,"featured_media":4609,"comment_status":"open","ping_status":"open","sticky":false,"template":"","format":"standard","meta":{"footnotes":""},"categories":[1],"tags":[],"class_list":["post-4527","post","type-post","status-publish","format-standard","has-post-thumbnail","hentry","category-baglyasalja"],"_links":{"self":[{"href":"http:\/\/www.baglyasalja.hu\/baglyas\/index.php?rest_route=\/wp\/v2\/posts\/4527","targetHints":{"allow":["GET"]}}],"collection":[{"href":"http:\/\/www.baglyasalja.hu\/baglyas\/index.php?rest_route=\/wp\/v2\/posts"}],"about":[{"href":"http:\/\/www.baglyasalja.hu\/baglyas\/index.php?rest_route=\/wp\/v2\/types\/post"}],"author":[{"embeddable":true,"href":"http:\/\/www.baglyasalja.hu\/baglyas\/index.php?rest_route=\/wp\/v2\/users\/1"}],"replies":[{"embeddable":true,"href":"http:\/\/www.baglyasalja.hu\/baglyas\/index.php?rest_route=%2Fwp%2Fv2%2Fcomments&post=4527"}],"version-history":[{"count":0,"href":"http:\/\/www.baglyasalja.hu\/baglyas\/index.php?rest_route=\/wp\/v2\/posts\/4527\/revisions"}],"wp:featuredmedia":[{"embeddable":true,"href":"http:\/\/www.baglyasalja.hu\/baglyas\/index.php?rest_route=\/wp\/v2\/media\/4609"}],"wp:attachment":[{"href":"http:\/\/www.baglyasalja.hu\/baglyas\/index.php?rest_route=%2Fwp%2Fv2%2Fmedia&parent=4527"}],"wp:term":[{"taxonomy":"category","embeddable":true,"href":"http:\/\/www.baglyasalja.hu\/baglyas\/index.php?rest_route=%2Fwp%2Fv2%2Fcategories&post=4527"},{"taxonomy":"post_tag","embeddable":true,"href":"http:\/\/www.baglyasalja.hu\/baglyas\/index.php?rest_route=%2Fwp%2Fv2%2Ftags&post=4527"}],"curies":[{"name":"wp","href":"https:\/\/api.w.org\/{rel}","templated":true}]}}