{"id":3572,"date":"2014-10-11T12:09:04","date_gmt":"2014-10-11T10:09:04","guid":{"rendered":"http:\/\/www.baglyasalja.hu\/baglyas\/?p=3572"},"modified":"2014-10-25T17:12:41","modified_gmt":"2014-10-25T15:12:41","slug":"a-hala-a-tisztelet-a-szeretet-unnepe-a-baglyasko-idosek-otthonaban","status":"publish","type":"post","link":"http:\/\/www.baglyasalja.hu\/baglyas\/?p=3572","title":{"rendered":"A h\u00e1la, a tisztelet, a szeretet \u00fcnnepe a Baglyask\u0151 Id\u0151sek Otthon\u00e1ban"},"content":{"rendered":"<p>Okt\u00f3ber 1.-j\u00e9t 1991-ben nyilv\u00e1n\u00edtotta az ENSz k\u00f6zgy\u0171l\u00e9se az Id\u0151sek Vil\u00e1gnapj\u00e1v\u00e1. Okt\u00f3ber els\u0151 napjaiban szerte a vil\u00e1gon k\u00f6sz\u00f6ntik az id\u0151s embereket. Az \u00fcnnephez kapcsol\u00f3d\u00f3an okt\u00f3ber 8-\u00e1n d\u00e9lel\u0151tt, ez\u00fcsthaj\u00fa \u00e9s aranysz\u00edv\u0171 otthonlak\u00f3k, k\u00f6zelebbr\u0151l \u00e9s t\u00e1volabbr\u00f3l \u00e9rkezett vend\u00e9gek foglaltak helyet, a Baglyask\u0151 Id\u0151sek Otthona csarnok\u00e1ban, a sz\u00e9ksorokon. A szeretetben a legjobb dolog adni. Az int\u00e9zm\u00e9ny igazgat\u00f3asszonya, Holecz Istv\u00e1nn\u00e9 \u00fcdv\u00f6zl\u0151 szavaib\u00f3l sug\u00e1rzott a szeretet. Sz\u00e9kyn\u00e9 dr. Sztr\u00e9mi Melinda polg\u00e1rmester asszony k\u00f6sz\u00f6nt\u0151j\u00e9hez az \u0151sz gy\u00fcm\u00f6lcseit, alm\u00e1t, k\u00f6rt\u00e9t, sz\u0151l\u0151t hozott aj\u00e1nd\u00e9kba. A fell\u00e9p\u0151k \u2013 baglyasaljai \u00f3vod\u00e1sok, az Arany J\u00e1nos Tagiskola 4. oszt\u00e1lyosai, a Kanizsai Dorottya Eg\u00e9szs\u00e9g\u00fcgyi Szakk\u00f6z\u00e9piskola dalosai, Barna Ter\u00e9zia tan\u00e1rn\u0151 vezet\u00e9s\u00e9vel \u00e9s az Ifj\u00fa N\u00f3gr\u00e1d t\u00e1ncosai, H\u00fasv\u00e9th Csaba ir\u00e1ny\u00edt\u00e1s\u00e1val \u2013 m\u0171sor\u00e1b\u00f3l is a szeretet sug\u00e1rzott. A program cs\u00facspontja a Divertimento Von\u00f3sn\u00e9gyes sz\u00edvet-lelket melenget\u0151 muzsik\u00e1l\u00e1sa volt. M\u0171soruk a sz\u00e9pkor\u00fa hallgat\u00f3s\u00e1g fiatal \u00e9veinek dallamait id\u00e9zte.<\/p>\n<p style=\"text-align: right;\"><em>Fot\u00f3: Ker\u00e9nyi Tam\u00e1s, Vasp\u00e1l D\u00e1vid<\/em><\/p>\n<p style=\"text-align: left;\"><img decoding=\"async\" class=\"ngg_displayed_gallery mceItem\" src=\"http:\/\/www.baglyasalja.hu\/baglyas\/index.php\/nextgen-attach_to_post\/preview\/id--3626\" alt=\"\" \/><\/p>\n","protected":false},"excerpt":{"rendered":"<p>Okt\u00f3ber 1.-j\u00e9t 1991-ben nyilv\u00e1n\u00edtotta az ENSz k\u00f6zgy\u0171l\u00e9se az Id\u0151sek Vil\u00e1gnapj\u00e1v\u00e1. Okt\u00f3ber els\u0151 napjaiban szerte a vil\u00e1gon k\u00f6sz\u00f6ntik az id\u0151s embereket. Az \u00fcnnephez kapcsol\u00f3d\u00f3an okt\u00f3ber 8-\u00e1n d\u00e9lel\u0151tt, ez\u00fcsthaj\u00fa \u00e9s aranysz\u00edv\u0171 otthonlak\u00f3k, k\u00f6zelebbr\u0151l \u00e9s t\u00e1volabbr\u00f3l \u00e9rkezett&#46;&#46;&#46;<\/p>\n","protected":false},"author":1,"featured_media":3757,"comment_status":"open","ping_status":"open","sticky":false,"template":"","format":"standard","meta":{"footnotes":""},"categories":[1],"tags":[],"class_list":["post-3572","post","type-post","status-publish","format-standard","has-post-thumbnail","hentry","category-baglyasalja"],"_links":{"self":[{"href":"http:\/\/www.baglyasalja.hu\/baglyas\/index.php?rest_route=\/wp\/v2\/posts\/3572","targetHints":{"allow":["GET"]}}],"collection":[{"href":"http:\/\/www.baglyasalja.hu\/baglyas\/index.php?rest_route=\/wp\/v2\/posts"}],"about":[{"href":"http:\/\/www.baglyasalja.hu\/baglyas\/index.php?rest_route=\/wp\/v2\/types\/post"}],"author":[{"embeddable":true,"href":"http:\/\/www.baglyasalja.hu\/baglyas\/index.php?rest_route=\/wp\/v2\/users\/1"}],"replies":[{"embeddable":true,"href":"http:\/\/www.baglyasalja.hu\/baglyas\/index.php?rest_route=%2Fwp%2Fv2%2Fcomments&post=3572"}],"version-history":[{"count":0,"href":"http:\/\/www.baglyasalja.hu\/baglyas\/index.php?rest_route=\/wp\/v2\/posts\/3572\/revisions"}],"wp:featuredmedia":[{"embeddable":true,"href":"http:\/\/www.baglyasalja.hu\/baglyas\/index.php?rest_route=\/wp\/v2\/media\/3757"}],"wp:attachment":[{"href":"http:\/\/www.baglyasalja.hu\/baglyas\/index.php?rest_route=%2Fwp%2Fv2%2Fmedia&parent=3572"}],"wp:term":[{"taxonomy":"category","embeddable":true,"href":"http:\/\/www.baglyasalja.hu\/baglyas\/index.php?rest_route=%2Fwp%2Fv2%2Fcategories&post=3572"},{"taxonomy":"post_tag","embeddable":true,"href":"http:\/\/www.baglyasalja.hu\/baglyas\/index.php?rest_route=%2Fwp%2Fv2%2Ftags&post=3572"}],"curies":[{"name":"wp","href":"https:\/\/api.w.org\/{rel}","templated":true}]}}