{"id":3264,"date":"2014-09-08T20:51:41","date_gmt":"2014-09-08T18:51:41","guid":{"rendered":"http:\/\/www.baglyasalja.hu\/baglyas\/?p=3264"},"modified":"2014-09-08T20:52:33","modified_gmt":"2014-09-08T18:52:33","slug":"banyasznapi-megemlekezesek-baglyasaljan","status":"publish","type":"post","link":"http:\/\/www.baglyasalja.hu\/baglyas\/?p=3264","title":{"rendered":"B\u00e1ny\u00e1sznapi megeml\u00e9kez\u00e9sek Baglyasalj\u00e1n"},"content":{"rendered":"<p style=\"text-align: justify;\">A baglyasaljai temet\u0151be, a b\u00e1nyaszerencs\u00e9tlens\u00e9g \u00e1ldozatainak s\u00edrj\u00e1n\u00e1l Felf\u00f6ldi Istv\u00e1n, a valamikori csend\u0151rsort\u0171z \u00e1ldozata Targos Istv\u00e1n eml\u00e9km\u0171n\u00e9l Lonst\u00e1k Vilmos id\u00e9zte a b\u00e1ny\u00e1szm\u00faltat. A Koll\u00e9gium, a volt B\u00e1nyakaszin\u00f3 nagyterm\u00e9ben, Becs\u00f3 Zsolt a Megyei K\u00f6zgy\u0171l\u00e9s eln\u00f6ke, orsz\u00e1ggy\u0171l\u00e9si k\u00e9pvisel\u0151 mondta el eml\u00e9kez\u0151 gondolatait. Felid\u00e9zte azokat az \u00e9vtizedeket, amelyekben Baglyasalj\u00e1n \u00e9s Salg\u00f3tarj\u00e1nban is, a b\u00e1nya, a sz\u00e9n adta a csal\u00e1dok meg\u00e9lhet\u00e9s\u00e9t, l\u00e9tbiztons\u00e1g\u00e1t. \u201eB\u00e1ny\u00e1sznak lenni nem \u00fari betegs\u00e9g,\u2026 Aki egyszer lesz\u00e1ll a f\u00f6ld al\u00e1 \u2026 meg\u00e9rezte h\u00e1t\u00e1n, ahogy a verejt\u00e9kcseppek patakokba rendez\u0151dnek, azt sohasem felejti el.\u201d \u201eCsod\u00e1latos dolog, hogy a naponta kock\u00e1ra tett \u00e9let, egyenes gerinccel, kiv\u00e9teles jellemmel p\u00e1rosult.\u201d \u201eMegtanulhattuk t\u0151l\u00fck a felt\u00e9tlen szolidarit\u00e1st, a kisz\u00e1m\u00edthat\u00f3 fegyelmet \u00e9s a m\u00e1sokra is kiterjed\u0151 figyelmet. P\u00e9ld\u00e1t mutattak az \u00e9rt\u00e9kteremt\u00e9sb\u0151l \u00e9s az \u00f6sszehangolt csapatmunk\u00e1b\u00f3l.\u201d \u201eAz \u00e9let eg\u00e9sze ellent\u00e9tp\u00e1rokra \u00e9p\u00fcl, \u2026 A b\u00e1ny\u00e1sz\u00e9lethez is hozz\u00e1tartozik a lent \u00e9s fent, a s\u00f6t\u00e9ts\u00e9g \u00e9s a m\u00e9csvil\u00e1g, a bez\u00e1rts\u00e1g \u00e9s a szabads\u00e1g, a f\u00e9lhom\u00e1ly \u00e9s a Nap f\u00e9nyess\u00e9ge \u2026 \u201eMost olyan id\u0151szakot \u00e9l\u00fcnk, amikor \u00fajra d\u00f6nt\u00e9seket kell hoznunk, hogy megold\u00e1st tal\u00e1ljunk r\u00e9gi probl\u00e9m\u00e1inkra. \u2026 a hazai b\u00e1ny\u00e1szat napj\u00e1nak felkelt\u00e9s\u00e9re is. Ehhez gy\u0171jts\u00fcnk er\u0151t a b\u00e1ny\u00e1sznap esem\u00e9nyein!\u201d<br \/>\nK\u00fcl\u00f6nleges \u00e9lm\u00e9ny volt hallgatni a B\u00e1ny\u00e1szhimnuszt az \u00d3ranai Ifj\u00fas\u00e1gi B\u00e1ny\u00e1sz F\u00fav\u00f3szenekar, Dzsida J\u00f3zsef vers\u00e9t Juh\u00e1sz Istv\u00e1nn\u00e9 ihletett el\u0151ad\u00e1s\u00e1ban. A rendezv\u00e9ny befejez\u00e9sek\u00e9nt az \u00fcnnepl\u0151k elhelyezt\u00e9k a tisztelet, az eml\u00e9kez\u00e9s koszor\u00fait a B\u00f3na Kov\u00e1cs K\u00e1roly alkot\u00e1s\u00e1n\u00e1l, a b\u00e1ny\u00e1szszoborn\u00e1l.<\/p>\n<p style=\"text-align: right;\"><em>Fot\u00f3: Kupcsulik J\u00f3zsef, Vasp\u00e1l D\u00e1vid<\/em><\/p>\n<p style=\"text-align: left;\"><img decoding=\"async\" class=\"ngg_displayed_gallery mceItem\" src=\"http:\/\/www.baglyasalja.hu\/baglyas\/index.php\/nextgen-attach_to_post\/preview\/id--3327\" alt=\"\" \/><\/p>\n","protected":false},"excerpt":{"rendered":"<p>A baglyasaljai temet\u0151be, a b\u00e1nyaszerencs\u00e9tlens\u00e9g \u00e1ldozatainak s\u00edrj\u00e1n\u00e1l Felf\u00f6ldi Istv\u00e1n, a valamikori csend\u0151rsort\u0171z \u00e1ldozata Targos Istv\u00e1n eml\u00e9km\u0171n\u00e9l Lonst\u00e1k Vilmos id\u00e9zte a b\u00e1ny\u00e1szm\u00faltat. A Koll\u00e9gium, a volt B\u00e1nyakaszin\u00f3 nagyterm\u00e9ben, Becs\u00f3 Zsolt a Megyei K\u00f6zgy\u0171l\u00e9s eln\u00f6ke, orsz\u00e1ggy\u0171l\u00e9si&#46;&#46;&#46;<\/p>\n","protected":false},"author":1,"featured_media":0,"comment_status":"open","ping_status":"open","sticky":false,"template":"","format":"standard","meta":{"footnotes":""},"categories":[1],"tags":[],"class_list":["post-3264","post","type-post","status-publish","format-standard","hentry","category-baglyasalja"],"_links":{"self":[{"href":"http:\/\/www.baglyasalja.hu\/baglyas\/index.php?rest_route=\/wp\/v2\/posts\/3264","targetHints":{"allow":["GET"]}}],"collection":[{"href":"http:\/\/www.baglyasalja.hu\/baglyas\/index.php?rest_route=\/wp\/v2\/posts"}],"about":[{"href":"http:\/\/www.baglyasalja.hu\/baglyas\/index.php?rest_route=\/wp\/v2\/types\/post"}],"author":[{"embeddable":true,"href":"http:\/\/www.baglyasalja.hu\/baglyas\/index.php?rest_route=\/wp\/v2\/users\/1"}],"replies":[{"embeddable":true,"href":"http:\/\/www.baglyasalja.hu\/baglyas\/index.php?rest_route=%2Fwp%2Fv2%2Fcomments&post=3264"}],"version-history":[{"count":0,"href":"http:\/\/www.baglyasalja.hu\/baglyas\/index.php?rest_route=\/wp\/v2\/posts\/3264\/revisions"}],"wp:attachment":[{"href":"http:\/\/www.baglyasalja.hu\/baglyas\/index.php?rest_route=%2Fwp%2Fv2%2Fmedia&parent=3264"}],"wp:term":[{"taxonomy":"category","embeddable":true,"href":"http:\/\/www.baglyasalja.hu\/baglyas\/index.php?rest_route=%2Fwp%2Fv2%2Fcategories&post=3264"},{"taxonomy":"post_tag","embeddable":true,"href":"http:\/\/www.baglyasalja.hu\/baglyas\/index.php?rest_route=%2Fwp%2Fv2%2Ftags&post=3264"}],"curies":[{"name":"wp","href":"https:\/\/api.w.org\/{rel}","templated":true}]}}