{"id":223,"date":"2008-10-10T09:25:10","date_gmt":"2008-10-10T07:25:10","guid":{"rendered":"http:\/\/www.baglyasalja.hu\/baglyas\/?p=223"},"modified":"2008-10-10T09:25:10","modified_gmt":"2008-10-10T07:25:10","slug":"foldi-gergely-kiallitasa","status":"publish","type":"post","link":"http:\/\/www.baglyasalja.hu\/baglyas\/?p=223","title":{"rendered":"F\u00f6ldi Gergely ki\u00e1ll\u00edt\u00e1sa"},"content":{"rendered":"<p>&nbsp;<\/p>\n<p>Baglyasalj&aacute;n a<a href=\"http:\/\/www.bonaiskola.hu\/\"> SK&Aacute;ID B&oacute;na Kov&aacute;cs K&aacute;roly Tagiskol&aacute;ban<\/a>&nbsp; megny&iacute;lt F&ouml;ldi Gergely m\u0171v&eacute;sz-tan&aacute;r ki&aacute;ll&iacute;t&aacute;sa.<\/p>\n<p>A k&eacute;peket Csala Katalin tagint&eacute;zm&eacute;ny-vezet\u0151 aj&aacute;nlotta az&eacute;rdekl\u0151d\u0151k&nbsp; figyelm&eacute;be.&nbsp; A t&aacute;rlat december elej&eacute;ig tekinthet\u0151 meg tan&iacute;t&aacute;si id\u0151ben.<\/p>\n<p>&nbsp;<\/p>\n<p><img decoding=\"async\" alt=\"\" src=\"http:\/\/www.baglyasalja.hu\/baglyas\/wp-content\/gallery\/081109\/081109_01.jpg\" \/><\/p>\n<p><img decoding=\"async\" alt=\"\" src=\"http:\/\/www.baglyasalja.hu\/baglyas\/wp-content\/gallery\/081109\/081109_02.jpg\" \/><\/p>\n<p><img decoding=\"async\" alt=\"\" src=\"http:\/\/www.baglyasalja.hu\/baglyas\/wp-content\/gallery\/081109\/081109_03.jpg\" \/><\/p>\n<p><img decoding=\"async\" alt=\"\" src=\"http:\/\/www.baglyasalja.hu\/baglyas\/wp-content\/gallery\/081109\/081109_04.jpg\" \/><\/p>\n<p><img decoding=\"async\" alt=\"\" src=\"http:\/\/www.baglyasalja.hu\/baglyas\/wp-content\/gallery\/081109\/081109_05.jpg\" \/><\/p>\n<p><img decoding=\"async\" alt=\"\" src=\"http:\/\/www.baglyasalja.hu\/baglyas\/wp-content\/gallery\/081109\/081109_06.jpg\" \/><\/p>\n<p><img decoding=\"async\" alt=\"\" src=\"http:\/\/www.baglyasalja.hu\/baglyas\/wp-content\/gallery\/081109\/081109_07.jpg\" \/><\/p>\n<p><img decoding=\"async\" alt=\"\" src=\"http:\/\/www.baglyasalja.hu\/baglyas\/wp-content\/gallery\/081109\/081109_08.jpg\" \/><\/p>\n<p><img decoding=\"async\" alt=\"\" src=\"http:\/\/www.baglyasalja.hu\/baglyas\/wp-content\/gallery\/081109\/081109_09.jpg\" \/><\/p>\n<p><img decoding=\"async\" alt=\"\" src=\"http:\/\/www.baglyasalja.hu\/baglyas\/wp-content\/gallery\/081109\/081109_10.jpg\" \/><\/p>\n<p><img decoding=\"async\" alt=\"\" src=\"http:\/\/www.baglyasalja.hu\/baglyas\/wp-content\/gallery\/081109\/081109_11.jpg\" \/><\/p>\n<p><img decoding=\"async\" alt=\"\" src=\"http:\/\/www.baglyasalja.hu\/baglyas\/wp-content\/gallery\/081109\/081109_12.jpg\" \/><\/p>\n<p><img decoding=\"async\" alt=\"\" src=\"http:\/\/www.baglyasalja.hu\/baglyas\/wp-content\/gallery\/081109\/081109_13.jpg\" \/><\/p>\n<p><img decoding=\"async\" alt=\"\" src=\"http:\/\/www.baglyasalja.hu\/baglyas\/wp-content\/gallery\/081109\/081109_14.jpg\" \/><\/p>\n<p>&nbsp;<\/p>\n","protected":false},"excerpt":{"rendered":"<p>&nbsp; Baglyasalj&aacute;n a SK&Aacute;ID B&oacute;na Kov&aacute;cs K&aacute;roly Tagiskol&aacute;ban&nbsp; megny&iacute;lt F&ouml;ldi Gergely m\u0171v&eacute;sz-tan&aacute;r ki&aacute;ll&iacute;t&aacute;sa. A k&eacute;peket Csala Katalin tagint&eacute;zm&eacute;ny-vezet\u0151 aj&aacute;nlotta az&eacute;rdekl\u0151d\u0151k&nbsp; figyelm&eacute;be.&nbsp; A t&aacute;rlat december elej&eacute;ig tekinthet\u0151 meg tan&iacute;t&aacute;si id\u0151ben. &nbsp; &nbsp;<\/p>\n","protected":false},"author":1,"featured_media":0,"comment_status":"open","ping_status":"open","sticky":false,"template":"","format":"standard","meta":{"footnotes":""},"categories":[1],"tags":[],"class_list":["post-223","post","type-post","status-publish","format-standard","hentry","category-baglyasalja"],"_links":{"self":[{"href":"http:\/\/www.baglyasalja.hu\/baglyas\/index.php?rest_route=\/wp\/v2\/posts\/223","targetHints":{"allow":["GET"]}}],"collection":[{"href":"http:\/\/www.baglyasalja.hu\/baglyas\/index.php?rest_route=\/wp\/v2\/posts"}],"about":[{"href":"http:\/\/www.baglyasalja.hu\/baglyas\/index.php?rest_route=\/wp\/v2\/types\/post"}],"author":[{"embeddable":true,"href":"http:\/\/www.baglyasalja.hu\/baglyas\/index.php?rest_route=\/wp\/v2\/users\/1"}],"replies":[{"embeddable":true,"href":"http:\/\/www.baglyasalja.hu\/baglyas\/index.php?rest_route=%2Fwp%2Fv2%2Fcomments&post=223"}],"version-history":[{"count":0,"href":"http:\/\/www.baglyasalja.hu\/baglyas\/index.php?rest_route=\/wp\/v2\/posts\/223\/revisions"}],"wp:attachment":[{"href":"http:\/\/www.baglyasalja.hu\/baglyas\/index.php?rest_route=%2Fwp%2Fv2%2Fmedia&parent=223"}],"wp:term":[{"taxonomy":"category","embeddable":true,"href":"http:\/\/www.baglyasalja.hu\/baglyas\/index.php?rest_route=%2Fwp%2Fv2%2Fcategories&post=223"},{"taxonomy":"post_tag","embeddable":true,"href":"http:\/\/www.baglyasalja.hu\/baglyas\/index.php?rest_route=%2Fwp%2Fv2%2Ftags&post=223"}],"curies":[{"name":"wp","href":"https:\/\/api.w.org\/{rel}","templated":true}]}}