{"id":207,"date":"2008-10-08T13:34:38","date_gmt":"2008-10-08T11:34:38","guid":{"rendered":"http:\/\/www.baglyasalja.hu\/baglyas\/?p=207"},"modified":"2008-10-08T13:52:27","modified_gmt":"2008-10-08T11:52:27","slug":"ovari-janos-kiallitasa","status":"publish","type":"post","link":"http:\/\/www.baglyasalja.hu\/baglyas\/?p=207","title":{"rendered":"\u00d3v\u00e1ri J\u00e1nos ki\u00e1ll\u00edt\u00e1sa"},"content":{"rendered":"<p>&nbsp;<\/p>\n<p>A Balassi B&aacute;lint Megyei K&ouml;nyvt&aacute;rban 2008.okt&oacute;ber v&eacute;g&eacute;ig tekinthet\u0151 meg &Oacute;v&aacute;ri J&aacute;nos fest\u0151 ki&aacute;ll&iacute;t&aacute;sa<\/p>\n<p><img decoding=\"async\" src=\"http:\/\/www.baglyasalja.hu\/baglyas\/wp-content\/gallery\/081107\/081107_01.jpg\" alt=\"&Oacute;v&aacute;ri J&aacute;nos\" \/><\/p>\n<p><img decoding=\"async\" src=\"http:\/\/www.baglyasalja.hu\/baglyas\/wp-content\/gallery\/081107\/081107_09.jpg\" alt=\"&Oacute;v&aacute;ri J&aacute;nos\" \/><\/p>\n<p><img decoding=\"async\" src=\"http:\/\/www.baglyasalja.hu\/baglyas\/wp-content\/gallery\/081107\/081107_11.jpg\" alt=\"&Oacute;v&aacute;ri J&aacute;nos\" \/><\/p>\n<p><img decoding=\"async\" src=\"http:\/\/www.baglyasalja.hu\/baglyas\/wp-content\/gallery\/081107\/081107_22.jpg\" alt=\"&Oacute;v&aacute;ri J&aacute;nos\" \/><\/p>\n<p><img decoding=\"async\" src=\"http:\/\/www.baglyasalja.hu\/baglyas\/wp-content\/gallery\/081107\/081107_25.jpg\" alt=\"&Oacute;v&aacute;ri J&aacute;nos\" \/><\/p>\n<p><img decoding=\"async\" src=\"http:\/\/www.baglyasalja.hu\/baglyas\/wp-content\/gallery\/081107\/081107_40.jpg\" alt=\"&Oacute;v&aacute;ri J&aacute;nos\" \/><\/p>\n<p><img decoding=\"async\" src=\"http:\/\/www.baglyasalja.hu\/baglyas\/wp-content\/gallery\/081107\/081107_46.jpg\" alt=\"&Oacute;v&aacute;ri J&aacute;nos\" \/><\/p>\n<p><strong>&nbsp;<\/strong><\/p>\n<p><strong>Tov&aacute;bbi k&eacute;pek:<\/strong><\/p>\n<p>&nbsp;<\/p>\n<p>&nbsp;<\/p>\n\n<p>&nbsp;<\/p>\n","protected":false},"excerpt":{"rendered":"<p>&nbsp; A Balassi B&aacute;lint Megyei K&ouml;nyvt&aacute;rban 2008.okt&oacute;ber v&eacute;g&eacute;ig tekinthet\u0151 meg &Oacute;v&aacute;ri J&aacute;nos fest\u0151 ki&aacute;ll&iacute;t&aacute;sa &nbsp; Tov&aacute;bbi k&eacute;pek: &nbsp; &nbsp; &nbsp;<\/p>\n","protected":false},"author":1,"featured_media":0,"comment_status":"open","ping_status":"open","sticky":false,"template":"","format":"standard","meta":{"footnotes":""},"categories":[1],"tags":[],"class_list":["post-207","post","type-post","status-publish","format-standard","hentry","category-baglyasalja"],"_links":{"self":[{"href":"http:\/\/www.baglyasalja.hu\/baglyas\/index.php?rest_route=\/wp\/v2\/posts\/207","targetHints":{"allow":["GET"]}}],"collection":[{"href":"http:\/\/www.baglyasalja.hu\/baglyas\/index.php?rest_route=\/wp\/v2\/posts"}],"about":[{"href":"http:\/\/www.baglyasalja.hu\/baglyas\/index.php?rest_route=\/wp\/v2\/types\/post"}],"author":[{"embeddable":true,"href":"http:\/\/www.baglyasalja.hu\/baglyas\/index.php?rest_route=\/wp\/v2\/users\/1"}],"replies":[{"embeddable":true,"href":"http:\/\/www.baglyasalja.hu\/baglyas\/index.php?rest_route=%2Fwp%2Fv2%2Fcomments&post=207"}],"version-history":[{"count":0,"href":"http:\/\/www.baglyasalja.hu\/baglyas\/index.php?rest_route=\/wp\/v2\/posts\/207\/revisions"}],"wp:attachment":[{"href":"http:\/\/www.baglyasalja.hu\/baglyas\/index.php?rest_route=%2Fwp%2Fv2%2Fmedia&parent=207"}],"wp:term":[{"taxonomy":"category","embeddable":true,"href":"http:\/\/www.baglyasalja.hu\/baglyas\/index.php?rest_route=%2Fwp%2Fv2%2Fcategories&post=207"},{"taxonomy":"post_tag","embeddable":true,"href":"http:\/\/www.baglyasalja.hu\/baglyas\/index.php?rest_route=%2Fwp%2Fv2%2Ftags&post=207"}],"curies":[{"name":"wp","href":"https:\/\/api.w.org\/{rel}","templated":true}]}}