{"id":1808,"date":"2013-02-22T09:02:22","date_gmt":"2013-02-22T07:02:22","guid":{"rendered":"http:\/\/www.baglyasalja.hu\/baglyas\/?p=1808"},"modified":"2013-03-11T15:01:34","modified_gmt":"2013-03-11T13:01:34","slug":"a-barati-kor-kozgyulese-2013","status":"publish","type":"post","link":"http:\/\/www.baglyasalja.hu\/baglyas\/?p=1808","title":{"rendered":"A Bar\u00e1ti K\u00f6r k\u00f6zgy\u0171l\u00e9se 2013."},"content":{"rendered":"<p>Baglyasalja Bar\u00e1tainak K\u00f6re 2013. febru\u00e1r 18-\u00e1n tartotta \u00e9ves k\u00f6zgy\u0171l\u00e9s\u00e9t.<br \/>\nA megjelenteket Feh\u00e9r Martin dallal k\u00f6sz\u00f6nt\u00f6tte.<\/p>\n<p><img decoding=\"async\" class=\"alignnone\" alt=\"\" src=\"http:\/\/www.baglyasalja.hu\/baglyas\/wp-content\/gallery\/130218\/130218_01.jpg\" \/><!--more--><\/p>\n<p><img decoding=\"async\" class=\"alignnone\" alt=\"\" src=\"http:\/\/www.baglyasalja.hu\/baglyas\/wp-content\/gallery\/130218\/130218_02.jpg\" \/><\/p>\n<p><img decoding=\"async\" class=\"alignnone\" alt=\"\" src=\"http:\/\/www.baglyasalja.hu\/baglyas\/wp-content\/gallery\/130218\/130218_03.jpg\" \/><\/p>\n<p>A Bar\u00e1ti K\u00f6r tagjai, p\u00e1rtol\u00f3 tagjai \u00e9s a partnerszervezetek k\u00e9pvisel\u0151i \u00e9rdekl\u0151d\u00e9ssel hallgatt\u00e1k B\u00e1ti J\u00e1nosn\u00e9 eln\u00f6k, P\u00e1d\u00e1r Zolt\u00e1nn\u00e9 gazdas\u00e1gvezet\u0151 \u00e9s Bart\u00e1n\u00e9 Visnovszky Zsuzsanna az Ellen\u0151rz\u0151 Bizotts\u00e1g eln\u00f6k\u00e9nek besz\u00e1mol\u00f3j\u00e1t. Az elm\u00falt \u00e9v legszebb, leg\u00e9rdekesebb esem\u00e9nyeit vet\u00edtett k\u00e9pekkel is felid\u00e9zt\u00e9k.<\/p>\n<p><img decoding=\"async\" class=\"alignnone\" alt=\"\" src=\"http:\/\/www.baglyasalja.hu\/baglyas\/wp-content\/gallery\/130218\/130218_04.jpg\" \/><\/p>\n<p><img decoding=\"async\" class=\"alignnone\" alt=\"\" src=\"http:\/\/www.baglyasalja.hu\/baglyas\/wp-content\/gallery\/130218\/130218_06.jpg\" \/><\/p>\n<p><img decoding=\"async\" class=\"alignnone\" alt=\"\" src=\"http:\/\/www.baglyasalja.hu\/baglyas\/wp-content\/gallery\/130218\/130218_07.jpg\" \/><\/p>\n<p><img decoding=\"async\" class=\"alignnone\" alt=\"\" src=\"http:\/\/www.baglyasalja.hu\/baglyas\/wp-content\/gallery\/130218\/130218_08.jpg\" \/><\/p>\n<p><img decoding=\"async\" class=\"alignnone\" alt=\"\" src=\"http:\/\/www.baglyasalja.hu\/baglyas\/wp-content\/gallery\/130218\/130218_09.jpg\" \/><\/p>\n<p><img decoding=\"async\" class=\"alignnone\" alt=\"\" src=\"http:\/\/www.baglyasalja.hu\/baglyas\/wp-content\/gallery\/130218\/130218_10.jpg\" \/><\/p>\n<p><img decoding=\"async\" class=\"alignnone\" alt=\"\" src=\"http:\/\/www.baglyasalja.hu\/baglyas\/wp-content\/gallery\/130218\/130218_11.jpg\" \/><\/p>\n<p><img decoding=\"async\" class=\"alignnone\" alt=\"\" src=\"http:\/\/www.baglyasalja.hu\/baglyas\/wp-content\/gallery\/130218\/130218_12.jpg\" \/><\/p>\n<p><img decoding=\"async\" class=\"alignnone\" alt=\"\" src=\"http:\/\/www.baglyasalja.hu\/baglyas\/wp-content\/gallery\/130218\/130218_13.jpg\" \/><\/p>\n<p>Az elhangzottakhoz \u00e9s l\u00e1tottakhoz a vend\u00e9gek k\u00f6z\u00fcl Dr. Di\u00f3sin\u00e9 Taracs\u00e1k Judit a Salg\u00f3tarj\u00e1ni Civilek\u00e9rt K\u00f6zhaszn\u00fa Alap\u00edtv\u00e1ny kurat\u00f3rium\u00e1nak eln\u00f6ke, Koronczy Korn\u00e9lia a Salg\u00f3tarj\u00e1ni T\u00e1jak, Korok, M\u00fazeumok Klub Egyes\u00fclete vezet\u0151s\u00e9g\u00e9nek tagja, Homoga J\u00f3zsef a N\u00f3gr\u00e1d Megyei Fot\u00f3klub Egyes\u00fclet eln\u00f6ke mondta el gondolatait.<\/p>\n<p><img decoding=\"async\" class=\"alignnone\" alt=\"\" src=\"http:\/\/www.baglyasalja.hu\/baglyas\/wp-content\/gallery\/130218\/130218_14.jpg\" \/><\/p>\n<p>D\u00edjazt\u00e1k a \u201eTiszta, Vir\u00e1gos Baglyas\u00e9rt\u201d akci\u00f3 legjobbjait:<br \/>\nDemeter Di\u00e1na \u00e9s Ol\u00e1h D\u00e1niel h\u00e1zasp\u00e1r Pet\u0151fi S. \u00fat 95\/4.<br \/>\nDr. Simonyi S\u00e1ndor Pet\u0151fi S. \u00fat 59.<br \/>\nMosonyin\u00e9 Rajnoki Zsuzsanna Temet\u0151 \u00fat 15\/b.<br \/>\nSzab\u00f3 P\u00e1l Erkel F. \u00fat 54. port\u00e1j\u00e1t.<\/p>\n<p><img decoding=\"async\" class=\"alignnone\" alt=\"\" src=\"http:\/\/www.baglyasalja.hu\/baglyas\/wp-content\/gallery\/130218\/130218_15.jpg\" \/><\/p>\n<p>A k\u00f6zgy\u0171l\u00e9s, Kiss Ildik\u00f3t k\u00e9r\u00e9s\u00e9re felmentette vezet\u0151s\u00e9gi tags\u00e1ga al\u00f3l.<br \/>\nUt\u00f3da Eged Ferencn\u00e9 lett.<\/p>\n<p><img decoding=\"async\" class=\"alignnone\" alt=\"\" src=\"http:\/\/www.baglyasalja.hu\/baglyas\/wp-content\/gallery\/130218\/130218_16.jpg\" \/><\/p>\n<p><img decoding=\"async\" class=\"alignnone\" alt=\"\" src=\"http:\/\/www.baglyasalja.hu\/baglyas\/wp-content\/gallery\/130218\/130218_17.jpg\" \/><\/p>\n","protected":false},"excerpt":{"rendered":"<p>Baglyasalja Bar\u00e1tainak K\u00f6re 2013. febru\u00e1r 18-\u00e1n tartotta \u00e9ves k\u00f6zgy\u0171l\u00e9s\u00e9t. A megjelenteket Feh\u00e9r Martin dallal k\u00f6sz\u00f6nt\u00f6tte.<\/p>\n","protected":false},"author":1,"featured_media":0,"comment_status":"open","ping_status":"open","sticky":false,"template":"","format":"standard","meta":{"footnotes":""},"categories":[1],"tags":[],"class_list":["post-1808","post","type-post","status-publish","format-standard","hentry","category-baglyasalja"],"_links":{"self":[{"href":"http:\/\/www.baglyasalja.hu\/baglyas\/index.php?rest_route=\/wp\/v2\/posts\/1808","targetHints":{"allow":["GET"]}}],"collection":[{"href":"http:\/\/www.baglyasalja.hu\/baglyas\/index.php?rest_route=\/wp\/v2\/posts"}],"about":[{"href":"http:\/\/www.baglyasalja.hu\/baglyas\/index.php?rest_route=\/wp\/v2\/types\/post"}],"author":[{"embeddable":true,"href":"http:\/\/www.baglyasalja.hu\/baglyas\/index.php?rest_route=\/wp\/v2\/users\/1"}],"replies":[{"embeddable":true,"href":"http:\/\/www.baglyasalja.hu\/baglyas\/index.php?rest_route=%2Fwp%2Fv2%2Fcomments&post=1808"}],"version-history":[{"count":0,"href":"http:\/\/www.baglyasalja.hu\/baglyas\/index.php?rest_route=\/wp\/v2\/posts\/1808\/revisions"}],"wp:attachment":[{"href":"http:\/\/www.baglyasalja.hu\/baglyas\/index.php?rest_route=%2Fwp%2Fv2%2Fmedia&parent=1808"}],"wp:term":[{"taxonomy":"category","embeddable":true,"href":"http:\/\/www.baglyasalja.hu\/baglyas\/index.php?rest_route=%2Fwp%2Fv2%2Fcategories&post=1808"},{"taxonomy":"post_tag","embeddable":true,"href":"http:\/\/www.baglyasalja.hu\/baglyas\/index.php?rest_route=%2Fwp%2Fv2%2Ftags&post=1808"}],"curies":[{"name":"wp","href":"https:\/\/api.w.org\/{rel}","templated":true}]}}