{"id":1591,"date":"2012-05-30T14:01:23","date_gmt":"2012-05-30T12:01:23","guid":{"rendered":"http:\/\/www.baglyasalja.hu\/baglyas\/?p=1591"},"modified":"2012-06-02T08:15:43","modified_gmt":"2012-06-02T06:15:43","slug":"punkosdi-koncert-3","status":"publish","type":"post","link":"http:\/\/www.baglyasalja.hu\/baglyas\/?p=1591","title":{"rendered":"P\u00fcnk\u00f6sdi Koncert"},"content":{"rendered":"<p>Ablonczy Keve klarin\u00e9tm\u0171v\u00e9sz, F\u00e9legyh\u00e1zi Bence trombitam\u0171v\u00e9sz \u00e9s F\u00e9legyh\u00e1zi K\u00e1roly zongoram\u0171v\u00e9sz p\u00fcnk\u00f6sdk\u00f6sz\u00f6nt\u0151 hangverseny\u00e9n megteltek a Baglyasaljai Krisztus Kir\u00e1ly R\u00f3mai Katolikus Templom padsorai. Az \u00fcnnepet Kozsuch Zsolt k\u00e1pl\u00e1n \u00far k\u00f6sz\u00f6nt\u00f6tte.<\/p>\n<p>A koncertr\u0151l k\u00e9sz\u00fclt filmet itt tekinthetik meg az \u00e9rdekl\u0151d\u0151k. K\u00f6sz\u00f6nj\u00fck \u00a0Shah Timor munk\u00e1j\u00e1t!<\/p>\n<p><object width=\"560\" height=\"315\" classid=\"clsid:d27cdb6e-ae6d-11cf-96b8-444553540000\" codebase=\"http:\/\/download.macromedia.com\/pub\/shockwave\/cabs\/flash\/swflash.cab#version=6,0,40,0\"><param name=\"allowFullScreen\" value=\"true\" \/><param name=\"allowscriptaccess\" value=\"always\" \/><param name=\"src\" value=\"http:\/\/www.youtube.com\/v\/KX58OXMVBno?version=3&amp;hl=hu_HU\" \/><param name=\"allowfullscreen\" value=\"true\" \/><embed width=\"560\" height=\"315\" type=\"application\/x-shockwave-flash\" src=\"http:\/\/www.youtube.com\/v\/KX58OXMVBno?version=3&amp;hl=hu_HU\" allowFullScreen=\"true\" allowscriptaccess=\"always\" allowfullscreen=\"true\" \/><\/object><\/p>\n<p><img decoding=\"async\" class=\"alignnone\" src=\"http:\/\/www.baglyasalja.hu\/baglyas\/wp-content\/gallery\/120527\/120527_01.jpg\" alt=\"\" \/><\/p>\n<p><img decoding=\"async\" class=\"alignnone\" src=\"http:\/\/www.baglyasalja.hu\/baglyas\/wp-content\/gallery\/120527\/120527_04.jpg\" alt=\"\" \/><\/p>\n<p><img decoding=\"async\" class=\"alignnone\" src=\"http:\/\/www.baglyasalja.hu\/baglyas\/wp-content\/gallery\/120527\/120527_07.jpg\" alt=\"\" \/><\/p>\n<p><img decoding=\"async\" class=\"alignnone\" src=\"http:\/\/www.baglyasalja.hu\/baglyas\/wp-content\/gallery\/120527\/120527_09.jpg\" alt=\"\" \/><\/p>\n<p><img decoding=\"async\" class=\"alignnone\" src=\"http:\/\/www.baglyasalja.hu\/baglyas\/wp-content\/gallery\/120527\/120527_16.jpg\" alt=\"\" \/><\/p>\n<p>Koncerten k\u00edv\u00fcl \ud83d\ude42<\/p>\n<p><img decoding=\"async\" class=\"alignnone\" src=\"http:\/\/www.baglyasalja.hu\/baglyas\/wp-content\/gallery\/120527\/120527_26.jpg\" alt=\"\" \/><\/p>\n<p><strong>\u00a0Tov\u00e1bbi k\u00e9pek:<\/strong><\/p>\n<p>[nggallery id=130]<\/p>\n<p><strong>Az el\u0151ad\u00f3 m\u0171v\u00e9szekr\u0151l:<\/strong><\/p>\n<p><strong>Ablonczi Keve klarin\u00e9tm\u0171v\u00e9sz<\/strong><\/p>\n<p>1978-ban sz\u00fcletett Orosh\u00e1z\u00e1n, sz\u00fcleivel 1979-ben k\u00f6lt\u00f6ztek Salg\u00f3tarj\u00e1nba.<br \/>\nZenei tanulm\u00e1nyait a Salg\u00f3tarj\u00e1ni Zeneiskol\u00e1ban kezdte Becze Lajos n\u00f6vend\u00e9kek\u00e9nt, majd 1993-ban felv\u00e9telt nyert a budapesti Bart\u00f3k B\u00e9la Konzervat\u00f3riumba. Ezt k\u00f6vet\u0151en tanulm\u00e1nyait a Zeneakad\u00e9mi\u00e1n folytatta, mestere Kov\u00e1cs B\u00e9la volt.<br \/>\n1997-ben m\u00e1sodik d\u00edjat nyert a Klarin\u00e9tos Vil\u00e1gsz\u00f6vets\u00e9g \u00e1ltal rendezett nemzetk\u00f6zi k\u00f6z\u00e9piskolai klarin\u00e9tversenyen.<br \/>\nDiplom\u00e1ja megszerz\u00e9se \u00f3ta sz\u00e1mos sz\u00ednh\u00e1z el\u0151ad\u00e1sainak (V\u00edgsz\u00ednh\u00e1z, B\u00e1rka Sz\u00ednh\u00e1z, Szolnoki Szigligeti Sz\u00ednh\u00e1z, Nemzeti Sz\u00ednh\u00e1z), illetve szimfonikus zenekarok (Danubia Szimfonikus Zenekar, Concerto Budapest, MR Szimfonikusok, Qatar Philharmonic Orchestra) k\u00f6zrem\u0171k\u00f6d\u0151je.<br \/>\nF\u0151 hangszere a klarin\u00e9t mellett basszusklarin\u00e9ton, \u00e9s a szaxofon-csal\u00e1d minden tagj\u00e1n j\u00e1tszik.<br \/>\nJelenleg a 17. ker\u00fcleti Bart\u00f3k B\u00e9la m\u0171v\u00e9szetei iskola klarin\u00e9t-szaxofon tan\u00e1ra.<\/p>\n<p><strong>F\u00e9legyh\u00e1zi Bence trombitam\u0171v\u00e9sz<\/strong><\/p>\n<p>1974-ben sz\u00fcletett Budapesten. P\u00e1r \u00e9v zongor\u00e1z\u00e1s ut\u00e1n 13 \u00e9vesen kezdett trombit\u00e1n tanulni. A kispesti, majd a zugl\u00f3i zeneiskol\u00e1ba, ezut\u00e1n a Szent Istv\u00e1n Konzervat\u00f3riumba j\u00e1rt. Diplom\u00e1j\u00e1t 2000-ben Geiger Gy\u00f6rgy tan\u00edtv\u00e1nyak\u00e9nt szerezte a Liszt Ferenc Zenem\u0171v\u00e9szeti F\u0151iskol\u00e1n. Az\u00f3ta tan\u00edt a budapesti T\u00f3th Alad\u00e1r \u00e9s 2005 \u00f3ta a Dohn\u00e1nyi Ern\u0151 zeneiskol\u00e1ban. Szabadfoglalkoz\u00e1s\u00fa zen\u00e9szk\u00e9nt itthon \u00e9s Eur\u00f3p\u00e1ban k\u00fcl\u00f6nb\u00f6z\u0151 kamarazenei \u00e9s zenekari form\u00e1ci\u00f3kban m\u0171k\u00f6dik k\u00f6zre. A modern trombit\u00e1k mellett barokk trombit\u00e1n \u00e9s alkalmank\u00e9nt cornetton j\u00e1tszik. Csal\u00e1dj\u00e1val Dunabogd\u00e1nyban \u00e9l.<\/p>\n<p><strong>F\u00e9legyh\u00e1zi K\u00e1roly zongoram\u0171v\u00e9sz<\/strong><\/p>\n<p>33 \u00e9ves zongoram\u0171v\u00e9sz, zenetan\u00e1r, \u0151stermel\u0151.<br \/>\nA kispesti zeneiskola ut\u00e1n a Bart\u00f3k B\u00e9la Zenem\u0171v\u00e9szeti Szakiskol\u00e1ban, majd a Zeneakad\u00e9mia zongora szak\u00e1n v\u00e9gezte tanulm\u00e1nyait.<br \/>\n2005 \u00f3ta a Bart\u00f3k B\u00e9la Konzervat\u00f3riumban tan\u00edt kamarazen\u00e9t \u00e9s zongor\u00e1t.<br \/>\nE mellett egy Szatymaz melletti tany\u00e1n folytat biogazd\u00e1lkod\u00e1st.<\/p>\n<p><em>A F\u00e9legyh\u00e1zi fiv\u00e9rek annak a F\u00e9legyh\u00e1zi Andr\u00e1snak a d\u00e9dunok\u00e1i, aki templomunk vil\u00e1g\u00edt\u00f3testjeit (csill\u00e1r, falikarok) k\u00e9sz\u00edtette. \u00c9desapjuk F\u00e9legyh\u00e1zi K\u00e1roly f\u00e9mm\u0171ves iparm\u0171v\u00e9sz. Harmadik testv\u00e9r\u00fck F\u00e9legyh\u00e1zi Andr\u00e1s \u00e9p\u00edt\u00e9sz, Visegr\u00e1d jelenlegi polg\u00e1rmestere.<\/em><\/p>\n","protected":false},"excerpt":{"rendered":"<p>Ablonczy Keve klarin\u00e9tm\u0171v\u00e9sz, F\u00e9legyh\u00e1zi Bence trombitam\u0171v\u00e9sz \u00e9s F\u00e9legyh\u00e1zi K\u00e1roly zongoram\u0171v\u00e9sz p\u00fcnk\u00f6sdk\u00f6sz\u00f6nt\u0151 hangverseny\u00e9n megteltek a Baglyasaljai Krisztus Kir\u00e1ly R\u00f3mai Katolikus Templom padsorai. Az \u00fcnnepet Kozsuch Zsolt k\u00e1pl\u00e1n \u00far k\u00f6sz\u00f6nt\u00f6tte. A koncertr\u0151l k\u00e9sz\u00fclt filmet itt tekinthetik&#46;&#46;&#46;<\/p>\n","protected":false},"author":1,"featured_media":0,"comment_status":"open","ping_status":"open","sticky":false,"template":"","format":"standard","meta":{"footnotes":""},"categories":[1],"tags":[],"class_list":["post-1591","post","type-post","status-publish","format-standard","hentry","category-baglyasalja"],"_links":{"self":[{"href":"http:\/\/www.baglyasalja.hu\/baglyas\/index.php?rest_route=\/wp\/v2\/posts\/1591","targetHints":{"allow":["GET"]}}],"collection":[{"href":"http:\/\/www.baglyasalja.hu\/baglyas\/index.php?rest_route=\/wp\/v2\/posts"}],"about":[{"href":"http:\/\/www.baglyasalja.hu\/baglyas\/index.php?rest_route=\/wp\/v2\/types\/post"}],"author":[{"embeddable":true,"href":"http:\/\/www.baglyasalja.hu\/baglyas\/index.php?rest_route=\/wp\/v2\/users\/1"}],"replies":[{"embeddable":true,"href":"http:\/\/www.baglyasalja.hu\/baglyas\/index.php?rest_route=%2Fwp%2Fv2%2Fcomments&post=1591"}],"version-history":[{"count":0,"href":"http:\/\/www.baglyasalja.hu\/baglyas\/index.php?rest_route=\/wp\/v2\/posts\/1591\/revisions"}],"wp:attachment":[{"href":"http:\/\/www.baglyasalja.hu\/baglyas\/index.php?rest_route=%2Fwp%2Fv2%2Fmedia&parent=1591"}],"wp:term":[{"taxonomy":"category","embeddable":true,"href":"http:\/\/www.baglyasalja.hu\/baglyas\/index.php?rest_route=%2Fwp%2Fv2%2Fcategories&post=1591"},{"taxonomy":"post_tag","embeddable":true,"href":"http:\/\/www.baglyasalja.hu\/baglyas\/index.php?rest_route=%2Fwp%2Fv2%2Ftags&post=1591"}],"curies":[{"name":"wp","href":"https:\/\/api.w.org\/{rel}","templated":true}]}}