{"id":1497,"date":"2012-01-28T16:09:39","date_gmt":"2012-01-28T14:09:39","guid":{"rendered":"http:\/\/www.baglyasalja.hu\/baglyas\/?p=1497"},"modified":"2012-01-28T16:09:39","modified_gmt":"2012-01-28T14:09:39","slug":"salgotarjanert-kitunteto-emlekerem","status":"publish","type":"post","link":"http:\/\/www.baglyasalja.hu\/baglyas\/?p=1497","title":{"rendered":"Salg\u00f3tarj\u00e1n\u00e9rt kit\u00fcntet\u0151 eml\u00e9k\u00e9rem"},"content":{"rendered":"<p>Salg\u00f3tarj\u00e1n \u00d6nkorm\u00e1nyzata kit\u00fcntet\u0151 c\u00edmeket, kit\u00fcntet\u0151 eml\u00e9k\u00e9rmeket \u00e9s d\u00edjakat adott \u00e1t 2012. janu\u00e1r 27-\u00e9n, a Magyar Kult\u00fara Napja \u00e9s Salg\u00f3tarj\u00e1n v\u00e1ross\u00e1 nyilv\u00e1n\u00edt\u00e1s\u00e1nak 90. \u00e9vfordul\u00f3ja tisztelet\u00e9re rendezett v\u00e1rosi \u00fcnneps\u00e9gen.<br \/>\nA kit\u00fcntetettek szem\u00e9ly\u00e9re javaslatok \u00e9s v\u00e9lem\u00e9nyek \u00e9rkeztek a polg\u00e1rmestert\u0151l, a jegyz\u0151t\u0151l, az \u00f6nkorm\u00e1nyzat bizotts\u00e1gait\u00f3l, a telep\u00fcl\u00e9si k\u00e9pvisel\u0151kt\u0151l, a frakci\u00f3vezet\u0151kt\u0151l, az \u00f6nkorm\u00e1nyzati t\u00f6bbs\u00e9gi tulajdon\u00fa gazd\u00e1lkod\u00f3 szervezetek vezet\u0151it\u0151l, a k\u00f6lts\u00e9gvet\u00e9si szervek vezet\u0151it\u0151l, a k\u00f6zoktat\u00e1si int\u00e9zm\u00e9nyek vezet\u0151it\u0151l, a civil szervezetekt\u0151l \u00e9s a \u201eSalg\u00f3tarj\u00e1n 90 \u00e9ve v\u00e1ros&#8221; eml\u00e9kbizotts\u00e1g tagjait\u00f3l.<\/p>\n<p>Ezek alapj\u00e1n a K\u00f6zgy\u0171l\u00e9s<\/p>\n<p style=\"text-align: center;\"><strong>SALG\u00d3TARJ\u00c1N\u00c9RT<\/strong><\/p>\n<p style=\"text-align: center;\"><strong>kit\u00fcntet\u0151 eml\u00e9k\u00e9rmet<\/strong><\/p>\n<p style=\"text-align: center;\">adom\u00e1nyozott<br \/>\na<strong> Baglyasalja Bar\u00e1tainak K\u00f6re<\/strong> egyes\u00fclet<br \/>\nr\u00e9sz\u00e9re.<\/p>\n<blockquote>\n<p style=\"text-align: justify;\"><em>Az 1996-ban alap\u00edtott Baglyasalja Bar\u00e1tainak K\u00f6re egyes\u00fclet Salg\u00f3tarj\u00e1n Baglyasalja v\u00e1rosr\u00e9sz\u00e9nek egyik legakt\u00edvabb \u00e9s legeredm\u00e9nyesebb civil szervezete. Legfontosabb feladatuknak tekintik a v\u00e1rosr\u00e9sz k\u00f6z\u00f6ss\u00e9gi \u00e9s kultur\u00e1lis m\u00faltj\u00e1nak felt\u00e1r\u00e1s\u00e1t, tov\u00e1bbad\u00e1s\u00e1t, az \u00e9rt\u00e9kek meg\u0151rz\u00e9s\u00e9t, gyarap\u00edt\u00e1s\u00e1t. Tev\u00e9kenys\u00e9geik sor\u00e1n \u00e9vek \u00f3ta bizony\u00edtj\u00e1k, hogy nyitotts\u00e1ggal, partners\u00e9ggel, eredm\u00e9nyes munk\u00e1t lehet v\u00e9gezni.<\/em><br \/>\n<em> Kiadv\u00e1nyokkal, CD-kel, DVD-kel, helyi \u00fajs\u00e1g megjelentet\u00e9s\u00e9vel, rendezv\u00e9nyek, konferenci\u00e1k, f\u00f3rumok szervez\u00e9s\u00e9vel teljes\u00edtik v\u00e1llal\u00e1saikat. A Baglyasi F\u00fczetekben feldolgozt\u00e1k \u00e9s k\u00f6zz\u00e9tett\u00e9k telep\u00fcl\u00e9s\u00fcnk t\u00f6rt\u00e9net\u00e9t, a Baglyasi Mes\u00e9l\u0151 elnevez\u00e9s\u0171 sorozatban r\u00f6vid, n\u00e9pszer\u0171 form\u00e1ban villantj\u00e1k fel a m\u00falt egyes kiemelked\u0151 esem\u00e9ny\u00e9t, szem\u00e9lyis\u00e9g\u00e9t. A Balassi B\u00e1lint Megyei\u00a0K\u00f6nyvt\u00e1rral egy\u00fcttm\u0171k\u00f6dve kiadt\u00e1k B\u00f3na Kov\u00e1cs K\u00e1roly \u00e9let\u00e9t \u00e9s m\u0171v\u00e9szi hagyat\u00e9k\u00e1t bemutat\u00f3 k\u00f6tetet. Negyed\u00e9venk\u00e9nt megjelentetik a Baglyasi H\u00edrmond\u00f3 c. helyi \u00fajs\u00e1got, amely jelenleg a XI. \u00e9vfolyamn\u00e1l tart.<\/em><br \/>\n<em> Legjelent\u0151sebb rendezv\u00e9ny\u00fck a Baglyasi Napok elnevez\u00e9s\u0171 programsorozat, melyet imm\u00e1r XIV alkalommal rendeztek meg. Ki\u00e1ll\u00edt\u00e1sok, el\u0151ad\u00e1sok, hangversenyek, m\u0171v\u00e9szeti bemutat\u00f3k, k\u00f6z\u00e9rdek\u0171 t\u00e1j\u00e9koztat\u00f3k, stb. v\u00e1rj\u00e1k az \u00e9rdekl\u0151d\u0151ket, vend\u00e9geket.<\/em><br \/>\n<em> Rendszeresen seg\u00edtik az \u00f3voda, a di\u00e1kotthon, az iskola pedag\u00f3giai munk\u00e1j\u00e1t.<\/em><br \/>\n<em> Kiemelt feladatuk a telep\u00fcl\u00e9sr\u00e9sz sz\u00fcl\u00f6ttj\u00e9nek, B\u00f3na Kov\u00e1cs K\u00e1roly fest\u0151m\u0171v\u00e9sz hagyat\u00e9k\u00e1nak \u00e1pol\u00e1sa. Saj\u00e1t honlapjukon teszik k\u00f6zkinccs\u00e9 tapasztalataikat, eredm\u00e9nyeiket.<\/em><br \/>\n<em> 2001 \u00f3ta a kiemelked\u0151 munk\u00e1t v\u00e9gz\u0151 tagjaik, t\u00e1mogat\u00f3ik munk\u00e1j\u00e1t saj\u00e1t maguk \u00e1ltal alap\u00edtott d\u00edjjal ismerik el &#8211; \u201eBaglyasalj\u00e1\u00e9rt&#8221;-d\u00edj.<\/em><br \/>\n<em> Helyt\u00f6rt\u00e9neti kutat\u00e1saik kapcs\u00e1n szoros munkakapcsolatot alak\u00edtottak ki a v\u00e1ros oktat\u00e1si, k\u00f6zm\u0171vel\u0151d\u00e9si \u00e9s k\u00f6zgy\u0171jtem\u00e9nyi int\u00e9zm\u00e9nyeivel, a Civil H\u00e1zzal, t\u00f6bb szakmai- \u00e9s civil szervezettel, az \u00edrott \u00e9s az elektronikus sajt\u00f3val, szakemberekkel, telep\u00fcl\u00e9s\u00fcnkr\u0151l elsz\u00e1rmazott neves szem\u00e9lyis\u00e9gekkel, t\u00e1mogat\u00f3inkkal.<\/em><br \/>\n<em> Baglyasalja Bar\u00e1tainak K\u00f6re tev\u00e9kenys\u00e9geivel hi\u00e1nyp\u00f3tl\u00f3 szerepet t\u00f6lt be Salg\u00f3tarj\u00e1n kultur\u00e1lis \u00e9let\u00e9ben. K\u00fcl\u00f6n\u00f6sen kiemelked\u0151 az a szervez\u0151, mozg\u00f3s\u00edt\u00f3 munka, amelyet a telep\u00fcl\u00e9s 700 \u00e9ves l\u00e9trej\u00f6tt\u00e9hez kapcsol\u00f3d\u00f3 \u201eEml\u00e9k\u00e9v&#8221; el\u0151k\u00e9sz\u00edt\u00e9s\u00e9ben, programjainak lebonyol\u00edt\u00e1s\u00e1ban v\u00e9geztek.<\/em><\/p>\n<\/blockquote>\n<p><img decoding=\"async\" class=\"alignnone\" src=\"http:\/\/www.baglyasalja.hu\/baglyas\/wp-content\/gallery\/120127\/120127_01.jpg\" alt=\"\" \/><\/p>\n<p><img decoding=\"async\" class=\"alignnone\" src=\"http:\/\/www.baglyasalja.hu\/baglyas\/wp-content\/gallery\/120127\/120127_07.jpg\" alt=\"\" \/><\/p>\n<p><img decoding=\"async\" class=\"alignnone\" src=\"http:\/\/www.baglyasalja.hu\/baglyas\/wp-content\/gallery\/120127\/120127_09.jpg\" alt=\"\" \/><\/p>\n<p><img decoding=\"async\" class=\"alignnone\" src=\"http:\/\/www.baglyasalja.hu\/baglyas\/wp-content\/gallery\/120127\/120127_26.jpg\" alt=\"\" \/><\/p>\n<p><img decoding=\"async\" class=\"alignnone\" src=\"http:\/\/www.baglyasalja.hu\/baglyas\/wp-content\/gallery\/120127\/120127_27.jpg\" alt=\"\" \/><\/p>\n<p><img decoding=\"async\" class=\"alignnone\" src=\"http:\/\/www.baglyasalja.hu\/baglyas\/wp-content\/gallery\/120127\/120127_28.jpg\" alt=\"\" \/><\/p>\n<p><img decoding=\"async\" class=\"alignnone\" src=\"http:\/\/www.baglyasalja.hu\/baglyas\/wp-content\/gallery\/120127\/120127_29.jpg\" alt=\"\" \/><\/p>\n<p>&nbsp;<\/p>\n<h3>A K\u00f6zgy\u0171l\u00e9s \u00e1ltal d\u00edjazottak:<\/h3>\n<p>Salg\u00f3tarj\u00e1n D\u00edszpolg\u00e1ra &#8211; Al Ghaoui Hesna<\/p>\n<p>Pro Urbe eml\u00e9k\u00e9rem &#8211; Luda L\u00e1szl\u00f3<\/p>\n<p>Pro Arte m\u0171v\u00e9szeti d\u00edj &#8211; Molek Csaba<\/p>\n<p>Kult\u00far\u00e1\u00e9rt d\u00edj &#8211; Patakin\u00e9 Kerner Edit<\/p>\n<p>Eg\u00e9szs\u00e9g\u00fcgy\u00e9rt d\u00edj &#8211; Dr. Saada Eyad<\/p>\n<p>Salg\u00f3tarj\u00e1n sportj\u00e1\u00e9rt d\u00edj &#8211; Papp Zolt\u00e1n<\/p>\n<p>Salg\u00f3tarj\u00e1n K\u00f6zszolg\u00e1lat\u00e1\u00e9rt d\u00edj &#8211; Filkorn\u00e9 Hollandi Erzs\u00e9bet<\/p>\n<p>Salg\u00f3tarj\u00e1n Gyermekei\u00e9rt \u00e9s Ifj\u00fas\u00e1g\u00e1\u00e9rt d\u00edj &#8211; Barna P\u00e9ter<\/p>\n<p>Szoci\u00e1lpolitik\u00e1\u00e9rt d\u00edj &#8211; N\u00f3gr\u00e1d Megyei Ifj\u00fas\u00e1gi V\u00f6r\u00f6skereszt<\/p>\n<p>Salg\u00f3tarj\u00e1n K\u00f6zoktat\u00e1s\u00e1\u00e9rt d\u00edj &#8211; And\u00f3n\u00e9 Angyal M\u00e1ria<\/p>\n<p>Salg\u00f3tarj\u00e1n K\u00f6zbiztons\u00e1g\u00e1\u00e9rt d\u00edj &#8211; Garami Istv\u00e1n t\u0171zolt\u00f3 ezredes<\/p>\n<p>Nemzetis\u00e9g\u00e9rt \u00e9s kisebbs\u00e9g\u00e9rt d\u00edj &#8211; Nyitnik\u00e9k Tag\u00f3voda dolgoz\u00f3i k\u00f6z\u00f6ss\u00e9ge<\/p>\n<p>Kult\u00fara-mec\u00e9n\u00e1sa d\u00edj &#8211; FA-H\u00c9J Faipari \u00e9s Kereskedelmi Kft.<\/p>\n<p>&nbsp;<\/p>\n<p>GRATUL\u00c1LUNK A D\u00cdJAZOTTAKNAK!<\/p>\n<p style=\"text-align: justify;\"><span style=\"text-decoration: underline;\"><strong>Tov\u00e1bbi k\u00e9pek a d\u00edj\u00e1tad\u00f3r\u00f3l \u00e9s a v\u00e1rosi \u00fcnneps\u00e9g m\u0171sor\u00e1b\u00f3l:<\/strong><\/span><\/p>\n<p style=\"text-align: justify;\">[nggallery id=122]<\/p>\n","protected":false},"excerpt":{"rendered":"<p>Salg\u00f3tarj\u00e1n \u00d6nkorm\u00e1nyzata kit\u00fcntet\u0151 c\u00edmeket, kit\u00fcntet\u0151 eml\u00e9k\u00e9rmeket \u00e9s d\u00edjakat adott \u00e1t 2012. janu\u00e1r 27-\u00e9n, a Magyar Kult\u00fara Napja \u00e9s Salg\u00f3tarj\u00e1n v\u00e1ross\u00e1 nyilv\u00e1n\u00edt\u00e1s\u00e1nak 90. \u00e9vfordul\u00f3ja tisztelet\u00e9re rendezett v\u00e1rosi \u00fcnneps\u00e9gen. A kit\u00fcntetettek szem\u00e9ly\u00e9re javaslatok \u00e9s v\u00e9lem\u00e9nyek \u00e9rkeztek&#46;&#46;&#46;<\/p>\n","protected":false},"author":1,"featured_media":0,"comment_status":"open","ping_status":"open","sticky":false,"template":"","format":"standard","meta":{"footnotes":""},"categories":[1],"tags":[],"class_list":["post-1497","post","type-post","status-publish","format-standard","hentry","category-baglyasalja"],"_links":{"self":[{"href":"http:\/\/www.baglyasalja.hu\/baglyas\/index.php?rest_route=\/wp\/v2\/posts\/1497","targetHints":{"allow":["GET"]}}],"collection":[{"href":"http:\/\/www.baglyasalja.hu\/baglyas\/index.php?rest_route=\/wp\/v2\/posts"}],"about":[{"href":"http:\/\/www.baglyasalja.hu\/baglyas\/index.php?rest_route=\/wp\/v2\/types\/post"}],"author":[{"embeddable":true,"href":"http:\/\/www.baglyasalja.hu\/baglyas\/index.php?rest_route=\/wp\/v2\/users\/1"}],"replies":[{"embeddable":true,"href":"http:\/\/www.baglyasalja.hu\/baglyas\/index.php?rest_route=%2Fwp%2Fv2%2Fcomments&post=1497"}],"version-history":[{"count":0,"href":"http:\/\/www.baglyasalja.hu\/baglyas\/index.php?rest_route=\/wp\/v2\/posts\/1497\/revisions"}],"wp:attachment":[{"href":"http:\/\/www.baglyasalja.hu\/baglyas\/index.php?rest_route=%2Fwp%2Fv2%2Fmedia&parent=1497"}],"wp:term":[{"taxonomy":"category","embeddable":true,"href":"http:\/\/www.baglyasalja.hu\/baglyas\/index.php?rest_route=%2Fwp%2Fv2%2Fcategories&post=1497"},{"taxonomy":"post_tag","embeddable":true,"href":"http:\/\/www.baglyasalja.hu\/baglyas\/index.php?rest_route=%2Fwp%2Fv2%2Ftags&post=1497"}],"curies":[{"name":"wp","href":"https:\/\/api.w.org\/{rel}","templated":true}]}}