{"id":1289,"date":"2011-06-10T10:18:21","date_gmt":"2011-06-10T08:18:21","guid":{"rendered":"http:\/\/www.baglyasalja.hu\/?p=1289"},"modified":"2011-06-10T10:18:21","modified_gmt":"2011-06-10T08:18:21","slug":"700-ev-magyar-zeneje-galakoncert","status":"publish","type":"post","link":"http:\/\/www.baglyasalja.hu\/baglyas\/?p=1289","title":{"rendered":"&#8222;700 \u00e9v magyar zen\u00e9je&#8221; G\u00e1lakoncert"},"content":{"rendered":"<p>A &#8222;700 \u00e9ves Baglyask\u0151 v\u00e1ra &#8211; Salg\u00f3tarj\u00e1n&#8221; eml\u00e9k\u00e9vet a V\u00e1czi Gyula Alapfok\u00fa M\u0171v\u00e9szetoktat\u00e1si Int\u00e9zm\u00e9ny tan\u00e1rainak \u00e9s di\u00e1kjainak sz\u00ednvonalas g\u00e1lakoncertje z\u00e1rta.<\/p>\n<p><img decoding=\"async\" class=\"alignnone\" src=\"http:\/\/www.baglyasalja.hu\/baglyas\/wp-content\/gallery\/110609A\/110609A_01.jpg\" alt=\"\" \/><\/p>\n<p><img decoding=\"async\" class=\"alignnone\" src=\"http:\/\/www.baglyasalja.hu\/baglyas\/wp-content\/gallery\/110609A\/110609A_03.jpg\" alt=\"\" \/><\/p>\n<p><img decoding=\"async\" class=\"alignnone\" src=\"http:\/\/www.baglyasalja.hu\/baglyas\/wp-content\/gallery\/110609A\/110609A_04.jpg\" alt=\"\" \/><\/p>\n<p><img decoding=\"async\" class=\"alignnone\" src=\"http:\/\/www.baglyasalja.hu\/baglyas\/wp-content\/gallery\/110609A\/110609A_13.jpg\" alt=\"\" \/><\/p>\n<p><img decoding=\"async\" class=\"alignnone\" src=\"http:\/\/www.baglyasalja.hu\/baglyas\/wp-content\/gallery\/110609A\/110609A_14.jpg\" alt=\"\" \/><\/p>\n<p><img decoding=\"async\" class=\"alignnone\" src=\"http:\/\/www.baglyasalja.hu\/baglyas\/wp-content\/gallery\/110609A\/110609A_24.jpg\" alt=\"\" \/><\/p>\n<p><img decoding=\"async\" class=\"alignnone\" src=\"http:\/\/www.baglyasalja.hu\/baglyas\/wp-content\/gallery\/110609A\/110609A_27.jpg\" alt=\"\" \/><\/p>\n<p><img decoding=\"async\" class=\"alignnone\" src=\"http:\/\/www.baglyasalja.hu\/baglyas\/wp-content\/gallery\/110609A\/110609A_29.jpg\" alt=\"\" \/><\/p>\n<p><em>A k\u00e9pek nagy\u00edt\u00e1sa \u00a0kattint\u00e1ssal!<\/em><\/p>\n<p><a href=\"http:\/\/www.baglyasalja.hu\/baglyas\/wp-content\/gallery\/110609A\/zenekar1.jpg\"><img decoding=\"async\" class=\"alignnone\" src=\"http:\/\/www.baglyasalja.hu\/baglyas\/wp-content\/gallery\/110609A\/zenekar1k.jpg\" alt=\"\" width=\"600\" \/><\/a><\/p>\n<p><a href=\"http:\/\/www.baglyasalja.hu\/baglyas\/wp-content\/gallery\/110609A\/zenekar2.jpg\"><img decoding=\"async\" class=\"alignnone\" src=\"http:\/\/www.baglyasalja.hu\/baglyas\/wp-content\/gallery\/110609A\/zenekar2k.jpg\" alt=\"\" width=\"600\" \/><\/a><\/p>\n<p><a href=\"http:\/\/www.baglyasalja.hu\/baglyas\/wp-content\/gallery\/110609A\/zenekar3.jpg\"><img decoding=\"async\" class=\"alignnone\" src=\"http:\/\/www.baglyasalja.hu\/baglyas\/wp-content\/gallery\/110609A\/zenekar3k.jpg\" alt=\"\" width=\"600\" \/><\/a><\/p>\n<p><a href=\"http:\/\/www.baglyasalja.hu\/baglyas\/wp-content\/gallery\/110609A\/zenekar4.jpg\"><img decoding=\"async\" class=\"alignnone\" src=\"http:\/\/www.baglyasalja.hu\/baglyas\/wp-content\/gallery\/110609A\/zenekar4k.jpg\" alt=\"\" width=\"600\" \/><\/a><\/p>\n<p><a href=\"http:\/\/www.baglyasalja.hu\/baglyas\/wp-content\/gallery\/110609A\/zenekar5.jpg\"><img decoding=\"async\" class=\"alignnone\" src=\"http:\/\/www.baglyasalja.hu\/baglyas\/wp-content\/gallery\/110609A\/zenekar5k.jpg\" alt=\"\" width=\"600\" \/><\/a><\/p>\n<p><a href=\"http:\/\/www.baglyasalja.hu\/baglyas\/wp-content\/gallery\/110609A\/zenekar6.jpg\"><img decoding=\"async\" class=\"alignnone\" src=\"http:\/\/www.baglyasalja.hu\/baglyas\/wp-content\/gallery\/110609A\/zenekar6k.jpg\" alt=\"\" width=\"600\" \/><\/a><\/p>\n<p><strong>Tov\u00e1bbi k\u00e9pek:<\/strong><\/p>\n<p>[nggallery id=113]<\/p>\n<p>&nbsp;<\/p>\n","protected":false},"excerpt":{"rendered":"<p>A &#8222;700 \u00e9ves Baglyask\u0151 v\u00e1ra &#8211; Salg\u00f3tarj\u00e1n&#8221; eml\u00e9k\u00e9vet a V\u00e1czi Gyula Alapfok\u00fa M\u0171v\u00e9szetoktat\u00e1si Int\u00e9zm\u00e9ny tan\u00e1rainak \u00e9s di\u00e1kjainak sz\u00ednvonalas g\u00e1lakoncertje z\u00e1rta. A k\u00e9pek nagy\u00edt\u00e1sa \u00a0kattint\u00e1ssal! Tov\u00e1bbi k\u00e9pek: [nggallery id=113] &nbsp;<\/p>\n","protected":false},"author":1,"featured_media":0,"comment_status":"open","ping_status":"open","sticky":false,"template":"","format":"standard","meta":{"footnotes":""},"categories":[1],"tags":[],"class_list":["post-1289","post","type-post","status-publish","format-standard","hentry","category-baglyasalja"],"_links":{"self":[{"href":"http:\/\/www.baglyasalja.hu\/baglyas\/index.php?rest_route=\/wp\/v2\/posts\/1289","targetHints":{"allow":["GET"]}}],"collection":[{"href":"http:\/\/www.baglyasalja.hu\/baglyas\/index.php?rest_route=\/wp\/v2\/posts"}],"about":[{"href":"http:\/\/www.baglyasalja.hu\/baglyas\/index.php?rest_route=\/wp\/v2\/types\/post"}],"author":[{"embeddable":true,"href":"http:\/\/www.baglyasalja.hu\/baglyas\/index.php?rest_route=\/wp\/v2\/users\/1"}],"replies":[{"embeddable":true,"href":"http:\/\/www.baglyasalja.hu\/baglyas\/index.php?rest_route=%2Fwp%2Fv2%2Fcomments&post=1289"}],"version-history":[{"count":0,"href":"http:\/\/www.baglyasalja.hu\/baglyas\/index.php?rest_route=\/wp\/v2\/posts\/1289\/revisions"}],"wp:attachment":[{"href":"http:\/\/www.baglyasalja.hu\/baglyas\/index.php?rest_route=%2Fwp%2Fv2%2Fmedia&parent=1289"}],"wp:term":[{"taxonomy":"category","embeddable":true,"href":"http:\/\/www.baglyasalja.hu\/baglyas\/index.php?rest_route=%2Fwp%2Fv2%2Fcategories&post=1289"},{"taxonomy":"post_tag","embeddable":true,"href":"http:\/\/www.baglyasalja.hu\/baglyas\/index.php?rest_route=%2Fwp%2Fv2%2Ftags&post=1289"}],"curies":[{"name":"wp","href":"https:\/\/api.w.org\/{rel}","templated":true}]}}