{"id":11092,"date":"2023-04-29T17:41:00","date_gmt":"2023-04-29T15:41:00","guid":{"rendered":"https:\/\/www.baglyasalja.hu\/baglyas\/?p=11092"},"modified":"2023-10-14T17:47:30","modified_gmt":"2023-10-14T15:47:30","slug":"asztaltarsasag-marcius-aprilis","status":"publish","type":"post","link":"http:\/\/www.baglyasalja.hu\/baglyas\/?p=11092","title":{"rendered":"Asztalt\u00e1rsas\u00e1g (m\u00e1rcius, \u00e1prilis)"},"content":{"rendered":"\n<p>A Hagyom\u00e1ny\u0151rz\u0151 Asztalt\u00e1rsas\u00e1g tagjai id\u00e9n m\u00e1rciusba tal\u00e1lkoztak el\u0151sz\u00f6r a t\u00e9li kihagy\u00e1s ut\u00e1n. Mindennek ellen\u00e9re vagy \u00e9ppen ez\u00e9rt nagyon tartalmas, \u00e9rdekes besz\u00e9lget\u00e9ssel telt a tal\u00e1lkoz\u00f3. <\/p>\n\n\n\n<p>Gyimesi Tibor saj\u00e1t verseit olvasta fel nek\u00fcnk melyek meghat\u00f3ak, \u00e9rzelemmel \u00e1tsz\u0151ttek az \u00e9let\u00e9r\u0151l sz\u00f3lnak. K\u00fcl\u00f6nb\u00f6z\u0151 \u00e9rz\u00e9seket, \u00e9rzelmeket v\u00e1ltott ki a jelenl\u00e9v\u0151kb\u0151l. A k\u00f6vetkez\u0151 tal\u00e1lkoz\u00f3n filmvet\u00edt\u00e9s volt a program.<\/p>\n\n\n\n<figure class=\"wp-block-image size-full\"><a href=\"https:\/\/www.baglyasalja.hu\/baglyas\/wp-content\/feltolt\/2023\/10\/002.jpg\"><img loading=\"lazy\" decoding=\"async\" width=\"800\" height=\"600\" src=\"https:\/\/www.baglyasalja.hu\/baglyas\/wp-content\/feltolt\/2023\/10\/002.jpg\" alt=\"\" class=\"wp-image-11094\" srcset=\"http:\/\/www.baglyasalja.hu\/baglyas\/wp-content\/feltolt\/2023\/10\/002.jpg 800w, http:\/\/www.baglyasalja.hu\/baglyas\/wp-content\/feltolt\/2023\/10\/002-300x225.jpg 300w, http:\/\/www.baglyasalja.hu\/baglyas\/wp-content\/feltolt\/2023\/10\/002-768x576.jpg 768w\" sizes=\"auto, (max-width: 800px) 100vw, 800px\" \/><\/a><\/figure>\n\n\n\n<p class=\"has-text-align-right\">H.H.A.<\/p>\n","protected":false},"excerpt":{"rendered":"<p>A Hagyom\u00e1ny\u0151rz\u0151 Asztalt\u00e1rsas\u00e1g tagjai id\u00e9n m\u00e1rciusba tal\u00e1lkoztak el\u0151sz\u00f6r a t\u00e9li kihagy\u00e1s ut\u00e1n. Mindennek ellen\u00e9re vagy \u00e9ppen ez\u00e9rt nagyon tartalmas, \u00e9rdekes besz\u00e9lget\u00e9ssel telt a tal\u00e1lkoz\u00f3. Gyimesi Tibor saj\u00e1t verseit olvasta fel nek\u00fcnk melyek meghat\u00f3ak, \u00e9rzelemmel&#46;&#46;&#46;<\/p>\n","protected":false},"author":4,"featured_media":11094,"comment_status":"open","ping_status":"open","sticky":false,"template":"","format":"standard","meta":{"footnotes":""},"categories":[1],"tags":[],"class_list":["post-11092","post","type-post","status-publish","format-standard","has-post-thumbnail","hentry","category-baglyasalja"],"_links":{"self":[{"href":"http:\/\/www.baglyasalja.hu\/baglyas\/index.php?rest_route=\/wp\/v2\/posts\/11092","targetHints":{"allow":["GET"]}}],"collection":[{"href":"http:\/\/www.baglyasalja.hu\/baglyas\/index.php?rest_route=\/wp\/v2\/posts"}],"about":[{"href":"http:\/\/www.baglyasalja.hu\/baglyas\/index.php?rest_route=\/wp\/v2\/types\/post"}],"author":[{"embeddable":true,"href":"http:\/\/www.baglyasalja.hu\/baglyas\/index.php?rest_route=\/wp\/v2\/users\/4"}],"replies":[{"embeddable":true,"href":"http:\/\/www.baglyasalja.hu\/baglyas\/index.php?rest_route=%2Fwp%2Fv2%2Fcomments&post=11092"}],"version-history":[{"count":1,"href":"http:\/\/www.baglyasalja.hu\/baglyas\/index.php?rest_route=\/wp\/v2\/posts\/11092\/revisions"}],"predecessor-version":[{"id":11095,"href":"http:\/\/www.baglyasalja.hu\/baglyas\/index.php?rest_route=\/wp\/v2\/posts\/11092\/revisions\/11095"}],"wp:featuredmedia":[{"embeddable":true,"href":"http:\/\/www.baglyasalja.hu\/baglyas\/index.php?rest_route=\/wp\/v2\/media\/11094"}],"wp:attachment":[{"href":"http:\/\/www.baglyasalja.hu\/baglyas\/index.php?rest_route=%2Fwp%2Fv2%2Fmedia&parent=11092"}],"wp:term":[{"taxonomy":"category","embeddable":true,"href":"http:\/\/www.baglyasalja.hu\/baglyas\/index.php?rest_route=%2Fwp%2Fv2%2Fcategories&post=11092"},{"taxonomy":"post_tag","embeddable":true,"href":"http:\/\/www.baglyasalja.hu\/baglyas\/index.php?rest_route=%2Fwp%2Fv2%2Ftags&post=11092"}],"curies":[{"name":"wp","href":"https:\/\/api.w.org\/{rel}","templated":true}]}}