{"id":10966,"date":"2022-03-31T21:55:00","date_gmt":"2022-03-31T19:55:00","guid":{"rendered":"http:\/\/www.baglyasalja.hu\/baglyas\/?p=10966"},"modified":"2022-05-07T21:55:36","modified_gmt":"2022-05-07T19:55:36","slug":"asztaltarasag","status":"publish","type":"post","link":"http:\/\/www.baglyasalja.hu\/baglyas\/?p=10966","title":{"rendered":"Asztalt\u00e1ras\u00e1g"},"content":{"rendered":"\n<p>A Hagyom\u00e1ny\u0151rz\u0151 Asztalt\u00e1rsas\u00e1g m\u00e1rciusi tal\u00e1lkoz\u00f3j\u00e1n Prakfalvi P\u00e9ter geol\u00f3gus tartott el\u0151ad\u00e1st. Megtiszteltet\u00e9s sz\u00e1munkra, hogy elfogadta megh\u00edv\u00e1sunkat. <\/p>\n\n\n\n<div class=\"wp-block-image\"><figure class=\"aligncenter size-full is-resized\"><a href=\"http:\/\/www.baglyasalja.hu\/baglyas\/wp-content\/feltolt\/2022\/05\/04-1.jpg\"><img loading=\"lazy\" decoding=\"async\" src=\"http:\/\/www.baglyasalja.hu\/baglyas\/wp-content\/feltolt\/2022\/05\/04-1.jpg\" alt=\"\" class=\"wp-image-10967\" width=\"308\" height=\"231\" srcset=\"http:\/\/www.baglyasalja.hu\/baglyas\/wp-content\/feltolt\/2022\/05\/04-1.jpg 800w, http:\/\/www.baglyasalja.hu\/baglyas\/wp-content\/feltolt\/2022\/05\/04-1-300x225.jpg 300w, http:\/\/www.baglyasalja.hu\/baglyas\/wp-content\/feltolt\/2022\/05\/04-1-768x576.jpg 768w\" sizes=\"auto, (max-width: 308px) 100vw, 308px\" \/><\/a><\/figure><\/div>\n\n\n\n<p>A program Baglyasalja b\u00e1ny\u00e1inak kialakul\u00e1sa, illetve geol\u00f3giai t\u00e9rk\u00e9p\u00e9nek elemz\u00e9se volt. Mindemellett Baglyask\u0151v\u00e1r kialakul\u00e1s\u00e1r\u00f3l is hallhattunk \u00e9s megtekinthett\u00fck k\u00e9peken. <\/p>\n\n\n\n<figure class=\"wp-block-gallery has-nested-images columns-default is-cropped wp-block-gallery-1 is-layout-flex wp-block-gallery-is-layout-flex\">\n<figure class=\"wp-block-image size-large\"><a href=\"http:\/\/www.baglyasalja.hu\/baglyas\/wp-content\/feltolt\/2022\/05\/01-1.jpg\"><img loading=\"lazy\" decoding=\"async\" width=\"800\" height=\"600\" data-id=\"10968\" src=\"http:\/\/www.baglyasalja.hu\/baglyas\/wp-content\/feltolt\/2022\/05\/01-1.jpg\" alt=\"\" class=\"wp-image-10968\" srcset=\"http:\/\/www.baglyasalja.hu\/baglyas\/wp-content\/feltolt\/2022\/05\/01-1.jpg 800w, http:\/\/www.baglyasalja.hu\/baglyas\/wp-content\/feltolt\/2022\/05\/01-1-300x225.jpg 300w, http:\/\/www.baglyasalja.hu\/baglyas\/wp-content\/feltolt\/2022\/05\/01-1-768x576.jpg 768w\" sizes=\"auto, (max-width: 800px) 100vw, 800px\" \/><\/a><\/figure>\n\n\n\n<figure class=\"wp-block-image size-large\"><a href=\"http:\/\/www.baglyasalja.hu\/baglyas\/wp-content\/feltolt\/2022\/05\/02-1.jpg\"><img loading=\"lazy\" decoding=\"async\" width=\"800\" height=\"600\" data-id=\"10969\" src=\"http:\/\/www.baglyasalja.hu\/baglyas\/wp-content\/feltolt\/2022\/05\/02-1.jpg\" alt=\"\" class=\"wp-image-10969\" srcset=\"http:\/\/www.baglyasalja.hu\/baglyas\/wp-content\/feltolt\/2022\/05\/02-1.jpg 800w, http:\/\/www.baglyasalja.hu\/baglyas\/wp-content\/feltolt\/2022\/05\/02-1-300x225.jpg 300w, http:\/\/www.baglyasalja.hu\/baglyas\/wp-content\/feltolt\/2022\/05\/02-1-768x576.jpg 768w\" sizes=\"auto, (max-width: 800px) 100vw, 800px\" \/><\/a><\/figure>\n<\/figure>\n\n\n\n<p>A fot\u00f3kon olyan b\u00e1nyabej\u00e1ratokat tekinthett\u00fcnk meg, amik k\u00f6z\u00fcl ma m\u00e1r nem mind l\u00e1that\u00f3. Sok \u00faj \u00e9s \u00e9rdekes inform\u00e1ci\u00f3val gazdagodtunk. <\/p>\n\n\n\n<p>Az \u00f6sszej\u00f6vetel bar\u00e1ti besz\u00e9lget\u00e9ssel v\u00e9gz\u0151d\u00f6tt. <\/p>\n\n\n\n<p><\/p>\n\n\n\n<p>H.H.A.<\/p>\n","protected":false},"excerpt":{"rendered":"<p>A Hagyom\u00e1ny\u0151rz\u0151 Asztalt\u00e1rsas\u00e1g m\u00e1rciusi tal\u00e1lkoz\u00f3j\u00e1n Prakfalvi P\u00e9ter geol\u00f3gus tartott el\u0151ad\u00e1st. Megtiszteltet\u00e9s sz\u00e1munkra, hogy elfogadta megh\u00edv\u00e1sunkat. A program Baglyasalja b\u00e1ny\u00e1inak kialakul\u00e1sa, illetve geol\u00f3giai t\u00e9rk\u00e9p\u00e9nek elemz\u00e9se volt. Mindemellett Baglyask\u0151v\u00e1r kialakul\u00e1s\u00e1r\u00f3l is hallhattunk \u00e9s megtekinthett\u00fck k\u00e9peken. A&#46;&#46;&#46;<\/p>\n","protected":false},"author":4,"featured_media":10967,"comment_status":"open","ping_status":"open","sticky":false,"template":"","format":"standard","meta":{"footnotes":""},"categories":[1],"tags":[],"class_list":["post-10966","post","type-post","status-publish","format-standard","has-post-thumbnail","hentry","category-baglyasalja"],"_links":{"self":[{"href":"http:\/\/www.baglyasalja.hu\/baglyas\/index.php?rest_route=\/wp\/v2\/posts\/10966","targetHints":{"allow":["GET"]}}],"collection":[{"href":"http:\/\/www.baglyasalja.hu\/baglyas\/index.php?rest_route=\/wp\/v2\/posts"}],"about":[{"href":"http:\/\/www.baglyasalja.hu\/baglyas\/index.php?rest_route=\/wp\/v2\/types\/post"}],"author":[{"embeddable":true,"href":"http:\/\/www.baglyasalja.hu\/baglyas\/index.php?rest_route=\/wp\/v2\/users\/4"}],"replies":[{"embeddable":true,"href":"http:\/\/www.baglyasalja.hu\/baglyas\/index.php?rest_route=%2Fwp%2Fv2%2Fcomments&post=10966"}],"version-history":[{"count":2,"href":"http:\/\/www.baglyasalja.hu\/baglyas\/index.php?rest_route=\/wp\/v2\/posts\/10966\/revisions"}],"predecessor-version":[{"id":10971,"href":"http:\/\/www.baglyasalja.hu\/baglyas\/index.php?rest_route=\/wp\/v2\/posts\/10966\/revisions\/10971"}],"wp:featuredmedia":[{"embeddable":true,"href":"http:\/\/www.baglyasalja.hu\/baglyas\/index.php?rest_route=\/wp\/v2\/media\/10967"}],"wp:attachment":[{"href":"http:\/\/www.baglyasalja.hu\/baglyas\/index.php?rest_route=%2Fwp%2Fv2%2Fmedia&parent=10966"}],"wp:term":[{"taxonomy":"category","embeddable":true,"href":"http:\/\/www.baglyasalja.hu\/baglyas\/index.php?rest_route=%2Fwp%2Fv2%2Fcategories&post=10966"},{"taxonomy":"post_tag","embeddable":true,"href":"http:\/\/www.baglyasalja.hu\/baglyas\/index.php?rest_route=%2Fwp%2Fv2%2Ftags&post=10966"}],"curies":[{"name":"wp","href":"https:\/\/api.w.org\/{rel}","templated":true}]}}