{"id":10704,"date":"2020-02-08T18:38:27","date_gmt":"2020-02-08T16:38:27","guid":{"rendered":"http:\/\/www.baglyasalja.hu\/baglyas\/?p=10704"},"modified":"2020-02-08T18:38:27","modified_gmt":"2020-02-08T16:38:27","slug":"adventi-butykolde-2","status":"publish","type":"post","link":"http:\/\/www.baglyasalja.hu\/baglyas\/?p=10704","title":{"rendered":"Adventi b\u00fctyk\u00f6lde"},"content":{"rendered":"<h1 style=\"text-align: center;\">Adventi b\u00fctyk\u00f6lde<\/h1>\n<p>A kar\u00e1csonyra val\u00f3 k\u00e9sz\u00fcl\u0151d\u00e9s mindig kellemes id\u0151t\u00f6lt\u00e9s, ez\u00e9rt ism\u00e9t \u00f6sszegy\u0171ltek november 29-\u00e9n azok a tagjaink, akik egy kellemesen elt\u00f6lt\u00f6tt d\u00e9lut\u00e1non vel\u00fcnk egy\u00fctt adventi d\u00edszeket k\u00e9sz\u00edtettek. Az id\u00e9n k\u00e9tf\u00e9le asztald\u00edszt k\u00e9sz\u00edthettek a r\u00e9sztvev\u0151k, az alapanyagot term\u00e9szetesen a Bar\u00e1ti K\u00f6r biztos\u00edtotta. Nagy \u00f6r\u00f6m\u00fcnkre t\u00f6bben elj\u00f6ttek, hogy k\u00f6z\u00f6sen k\u00e9sz\u00fcl\u0151dj\u00fcnk a legszebb \u00fcnnepre. Alkot\u00e1s k\u00f6zben term\u00e9szetesen kellemes besz\u00e9lget\u00e9ssel telt az id\u0151, \u00e9s rem\u00e9lj\u00fck ebb\u0151l a programb\u00f3l is hagyom\u00e1ny v\u00e1lhat. A program l\u00e9trej\u00f6tt\u00e9t Salg\u00f3tarj\u00e1n Megyei Jog\u00fa V\u00e1ros \u00d6nkorm\u00e1nyzata t\u00e1mogatta, amelyet ez\u00faton is k\u00f6sz\u00f6n\u00fcnk.<\/p>\n<p style=\"text-align: right;\">H.H.A.<\/p>\n<p>[ngg_images source=&#8221;galleries&#8221; container_ids=&#8221;286&#8243; display_type=&#8221;photocrati-nextgen_basic_thumbnails&#8221; override_thumbnail_settings=&#8221;0&#8243; thumbnail_width=&#8221;100&#8243; thumbnail_height=&#8221;75&#8243; thumbnail_crop=&#8221;1&#8243; images_per_page=&#8221;0&#8243; number_of_columns=&#8221;0&#8243; ajax_pagination=&#8221;1&#8243; show_all_in_lightbox=&#8221;0&#8243; use_imagebrowser_effect=&#8221;0&#8243; show_slideshow_link=&#8221;0&#8243; slideshow_link_text=&#8221;[Diavet\u00edt\u00e9s]&#8221; order_by=&#8221;filename&#8221; order_direction=&#8221;ASC&#8221; returns=&#8221;included&#8221; maximum_entity_count=&#8221;500&#8243;]<\/p>\n","protected":false},"excerpt":{"rendered":"<p>Adventi b\u00fctyk\u00f6lde A kar\u00e1csonyra val\u00f3 k\u00e9sz\u00fcl\u0151d\u00e9s mindig kellemes id\u0151t\u00f6lt\u00e9s, ez\u00e9rt ism\u00e9t \u00f6sszegy\u0171ltek november 29-\u00e9n azok a tagjaink, akik egy kellemesen elt\u00f6lt\u00f6tt d\u00e9lut\u00e1non vel\u00fcnk egy\u00fctt adventi d\u00edszeket k\u00e9sz\u00edtettek. Az id\u00e9n k\u00e9tf\u00e9le asztald\u00edszt k\u00e9sz\u00edthettek a r\u00e9sztvev\u0151k,&#46;&#46;&#46;<\/p>\n","protected":false},"author":4,"featured_media":0,"comment_status":"open","ping_status":"open","sticky":false,"template":"","format":"standard","meta":{"footnotes":""},"categories":[1],"tags":[],"class_list":["post-10704","post","type-post","status-publish","format-standard","hentry","category-baglyasalja"],"_links":{"self":[{"href":"http:\/\/www.baglyasalja.hu\/baglyas\/index.php?rest_route=\/wp\/v2\/posts\/10704","targetHints":{"allow":["GET"]}}],"collection":[{"href":"http:\/\/www.baglyasalja.hu\/baglyas\/index.php?rest_route=\/wp\/v2\/posts"}],"about":[{"href":"http:\/\/www.baglyasalja.hu\/baglyas\/index.php?rest_route=\/wp\/v2\/types\/post"}],"author":[{"embeddable":true,"href":"http:\/\/www.baglyasalja.hu\/baglyas\/index.php?rest_route=\/wp\/v2\/users\/4"}],"replies":[{"embeddable":true,"href":"http:\/\/www.baglyasalja.hu\/baglyas\/index.php?rest_route=%2Fwp%2Fv2%2Fcomments&post=10704"}],"version-history":[{"count":2,"href":"http:\/\/www.baglyasalja.hu\/baglyas\/index.php?rest_route=\/wp\/v2\/posts\/10704\/revisions"}],"predecessor-version":[{"id":10718,"href":"http:\/\/www.baglyasalja.hu\/baglyas\/index.php?rest_route=\/wp\/v2\/posts\/10704\/revisions\/10718"}],"wp:attachment":[{"href":"http:\/\/www.baglyasalja.hu\/baglyas\/index.php?rest_route=%2Fwp%2Fv2%2Fmedia&parent=10704"}],"wp:term":[{"taxonomy":"category","embeddable":true,"href":"http:\/\/www.baglyasalja.hu\/baglyas\/index.php?rest_route=%2Fwp%2Fv2%2Fcategories&post=10704"},{"taxonomy":"post_tag","embeddable":true,"href":"http:\/\/www.baglyasalja.hu\/baglyas\/index.php?rest_route=%2Fwp%2Fv2%2Ftags&post=10704"}],"curies":[{"name":"wp","href":"https:\/\/api.w.org\/{rel}","templated":true}]}}