{"id":10659,"date":"2019-10-30T19:31:19","date_gmt":"2019-10-30T17:31:19","guid":{"rendered":"http:\/\/www.baglyasalja.hu\/baglyas\/?p=10659"},"modified":"2019-10-30T19:31:19","modified_gmt":"2019-10-30T17:31:19","slug":"latogatas-oseink-foldjen-2","status":"publish","type":"post","link":"http:\/\/www.baglyasalja.hu\/baglyas\/?p=10659","title":{"rendered":"L\u00e1togat\u00e1s \u0151seink f\u00f6ldj\u00e9n"},"content":{"rendered":"<p>Baglyasalja Bar\u00e1tainak K\u00f6re a Civil h\u00f3nap keretein bel\u00fcl Baglyas-K\u0151 V\u00e1r Term\u00e9szetv\u00e9delmi L\u00e1togat\u00f3k\u00f6zpontba programot hirdetett tagjai \u00e9s minden \u00e9rdekl\u0151d\u0151 sz\u00e1m\u00e1ra.<\/p>\n<p><a href=\"http:\/\/www.baglyasalja.hu\/baglyas\/wp-content\/feltolt\/2019\/10\/001-1.jpg\"><img loading=\"lazy\" decoding=\"async\" class=\"aligncenter size-full wp-image-10660\" src=\"http:\/\/www.baglyasalja.hu\/baglyas\/wp-content\/feltolt\/2019\/10\/001-1.jpg\" alt=\"\" width=\"800\" height=\"600\" srcset=\"http:\/\/www.baglyasalja.hu\/baglyas\/wp-content\/feltolt\/2019\/10\/001-1.jpg 800w, http:\/\/www.baglyasalja.hu\/baglyas\/wp-content\/feltolt\/2019\/10\/001-1-300x225.jpg 300w, http:\/\/www.baglyasalja.hu\/baglyas\/wp-content\/feltolt\/2019\/10\/001-1-768x576.jpg 768w\" sizes=\"auto, (max-width: 800px) 100vw, 800px\" \/><\/a> <a href=\"http:\/\/www.baglyasalja.hu\/baglyas\/wp-content\/feltolt\/2019\/10\/002-1.jpg\"><img loading=\"lazy\" decoding=\"async\" class=\"aligncenter size-full wp-image-10661\" src=\"http:\/\/www.baglyasalja.hu\/baglyas\/wp-content\/feltolt\/2019\/10\/002-1.jpg\" alt=\"\" width=\"800\" height=\"600\" srcset=\"http:\/\/www.baglyasalja.hu\/baglyas\/wp-content\/feltolt\/2019\/10\/002-1.jpg 800w, http:\/\/www.baglyasalja.hu\/baglyas\/wp-content\/feltolt\/2019\/10\/002-1-300x225.jpg 300w, http:\/\/www.baglyasalja.hu\/baglyas\/wp-content\/feltolt\/2019\/10\/002-1-768x576.jpg 768w\" sizes=\"auto, (max-width: 800px) 100vw, 800px\" \/><\/a><\/p>\n<p>Nagy megtiszteltet\u00e9s volt sz\u00e1munkra, hogy Shah Timor elfogadta felk\u00e9r\u00e9s\u00fcnket. Levet\u00edtett nek\u00fcnk egy \u00e9rdekes filmet, amely N\u00f3gr\u00e1d megy\u00e9t bebarangolva csod\u00e1latos templomainkat mutatja be. Filmn\u00e9z\u00e9s k\u00f6zben az ember r\u00e1\u00e9bred, hogy milyen sz\u00e9p term\u00e9szeti \u00e9rt\u00e9keink \u00e9s gazdag t\u00f6rt\u00e9nelmi kult\u00far\u00e1nk van. Term\u00e9szetesen nem maradhatott el az eml\u00e9kt\u00e1bla felhelyez\u00e9s sem a hagyom\u00e1ny szerint.<\/p>\n<p><a href=\"http:\/\/www.baglyasalja.hu\/baglyas\/wp-content\/feltolt\/2019\/10\/003-1.jpg\"><img loading=\"lazy\" decoding=\"async\" class=\"aligncenter size-full wp-image-10662\" src=\"http:\/\/www.baglyasalja.hu\/baglyas\/wp-content\/feltolt\/2019\/10\/003-1.jpg\" alt=\"\" width=\"800\" height=\"600\" srcset=\"http:\/\/www.baglyasalja.hu\/baglyas\/wp-content\/feltolt\/2019\/10\/003-1.jpg 800w, http:\/\/www.baglyasalja.hu\/baglyas\/wp-content\/feltolt\/2019\/10\/003-1-300x225.jpg 300w, http:\/\/www.baglyasalja.hu\/baglyas\/wp-content\/feltolt\/2019\/10\/003-1-768x576.jpg 768w\" sizes=\"auto, (max-width: 800px) 100vw, 800px\" \/><\/a><\/p>\n<p>Rem\u00e9lem, hogy a programra ell\u00e1togat\u00f3k j\u00f3l \u00e9rezt\u00e9k magukat \u00e9s \u00e9lm\u00e9nyekkel gazdagodva t\u00e9rtek haza.<\/p>\n<p style=\"text-align: right;\">H.H.A<\/p>\n","protected":false},"excerpt":{"rendered":"<p>Baglyasalja Bar\u00e1tainak K\u00f6re a Civil h\u00f3nap keretein bel\u00fcl Baglyas-K\u0151 V\u00e1r Term\u00e9szetv\u00e9delmi L\u00e1togat\u00f3k\u00f6zpontba programot hirdetett tagjai \u00e9s minden \u00e9rdekl\u0151d\u0151 sz\u00e1m\u00e1ra. Nagy megtiszteltet\u00e9s volt sz\u00e1munkra, hogy Shah Timor elfogadta felk\u00e9r\u00e9s\u00fcnket. Levet\u00edtett nek\u00fcnk egy \u00e9rdekes filmet, amely&#46;&#46;&#46;<\/p>\n","protected":false},"author":4,"featured_media":10660,"comment_status":"open","ping_status":"open","sticky":false,"template":"","format":"standard","meta":{"footnotes":""},"categories":[1],"tags":[],"class_list":["post-10659","post","type-post","status-publish","format-standard","has-post-thumbnail","hentry","category-baglyasalja"],"_links":{"self":[{"href":"http:\/\/www.baglyasalja.hu\/baglyas\/index.php?rest_route=\/wp\/v2\/posts\/10659","targetHints":{"allow":["GET"]}}],"collection":[{"href":"http:\/\/www.baglyasalja.hu\/baglyas\/index.php?rest_route=\/wp\/v2\/posts"}],"about":[{"href":"http:\/\/www.baglyasalja.hu\/baglyas\/index.php?rest_route=\/wp\/v2\/types\/post"}],"author":[{"embeddable":true,"href":"http:\/\/www.baglyasalja.hu\/baglyas\/index.php?rest_route=\/wp\/v2\/users\/4"}],"replies":[{"embeddable":true,"href":"http:\/\/www.baglyasalja.hu\/baglyas\/index.php?rest_route=%2Fwp%2Fv2%2Fcomments&post=10659"}],"version-history":[{"count":1,"href":"http:\/\/www.baglyasalja.hu\/baglyas\/index.php?rest_route=\/wp\/v2\/posts\/10659\/revisions"}],"predecessor-version":[{"id":10663,"href":"http:\/\/www.baglyasalja.hu\/baglyas\/index.php?rest_route=\/wp\/v2\/posts\/10659\/revisions\/10663"}],"wp:featuredmedia":[{"embeddable":true,"href":"http:\/\/www.baglyasalja.hu\/baglyas\/index.php?rest_route=\/wp\/v2\/media\/10660"}],"wp:attachment":[{"href":"http:\/\/www.baglyasalja.hu\/baglyas\/index.php?rest_route=%2Fwp%2Fv2%2Fmedia&parent=10659"}],"wp:term":[{"taxonomy":"category","embeddable":true,"href":"http:\/\/www.baglyasalja.hu\/baglyas\/index.php?rest_route=%2Fwp%2Fv2%2Fcategories&post=10659"},{"taxonomy":"post_tag","embeddable":true,"href":"http:\/\/www.baglyasalja.hu\/baglyas\/index.php?rest_route=%2Fwp%2Fv2%2Ftags&post=10659"}],"curies":[{"name":"wp","href":"https:\/\/api.w.org\/{rel}","templated":true}]}}