{"id":10518,"date":"2019-08-01T12:20:32","date_gmt":"2019-08-01T10:20:32","guid":{"rendered":"http:\/\/www.baglyasalja.hu\/baglyas\/?p=10518"},"modified":"2019-08-01T12:23:28","modified_gmt":"2019-08-01T10:23:28","slug":"kiallitas-7","status":"publish","type":"post","link":"http:\/\/www.baglyasalja.hu\/baglyas\/?p=10518","title":{"rendered":"Ki\u00e1ll\u00edt\u00e1s"},"content":{"rendered":"<h3 style=\"text-align: center;\">Kicsi sz\u00ednek, apr\u00f3 bimb\u00f3k &#8211;<\/h3>\n<h3 style=\"text-align: center;\">Egym\u00e1s mell\u00e9 tervezve,<\/h3>\n<h3 style=\"text-align: center;\">Vir\u00e1gos \u00e1g keret\u00e9be<\/h3>\n<h3 style=\"text-align: center;\">M\u0171v\u00e9szi k\u00e9z h\u00edmz\u00e9se.<\/h3>\n<h3 style=\"text-align: center;\">&nbsp;<\/h3>\n<p>Bejczy K\u00e1rolyn\u00e9 \u201eCsipkevar\u00e1zs\u201d c\u00edm\u0171 ki\u00e1ll\u00edt\u00e1s\u00e1nak megnyit\u00f3j\u00e1ra 2019. j\u00fanius 20-\u00e1n ker\u00fclt sor a Baglyask\u0151 Id\u0151skor\u00faak Otthon\u00e1ban.<\/p>\n<p>A ki\u00e1ll\u00edt\u00e1s rendhagy\u00f3nak tekinthet\u0151, mivel els\u0151 alkalommal ker\u00fclt sor olyan m\u0171v\u00e9szien elk\u00e9sz\u00edtett alkot\u00e1sok megtekint\u00e9s\u00e9re melyek horgol\u00e1ssal k\u00e9sz\u00fcltek.<\/p>\n<p>Magdi n\u00e9ni a k\u00f6vetkez\u0151k\u00e9pp fogalmazta meg munk\u00e1ss\u00e1g\u00e1t: A k\u00e9zimunk\u00e1z\u00e1s v\u00e9gig k\u00eds\u00e9rte eg\u00e9sz eddigi \u00e9letemet. Iskol\u00e1s sem voltam, mikor csuh\u00e9b\u00f3l, rongyb\u00f3l bab\u00e1t bark\u00e1csoltam k\u00e9z\u00fcgyess\u00e9gemnek k\u00f6sz\u00f6nhet\u0151en. Nagymam\u00e1mt\u00f3l lestem el a varr\u00f3 \u00f6lt\u00e9seket, melyekkel ruh\u00e1csk\u00e1kat varrtam. K\u00e9s\u0151bb a h\u00edmz\u00e9s \u00f6lt\u00e9s-technik\u00e1k sokas\u00e1g\u00e1t is elsaj\u00e1t\u00edtottam.<\/p>\n<p>A b\u00e1ty\u00e1mt\u00f3l tanultam meg k\u00e9t \u00e9s \u00f6t t\u0171vel k\u00f6tni. Nagyon sok viselet kieg\u00e9sz\u00edt\u0151t k\u00f6t\u00f6ttem, k\u00f6sz\u00f6nhet\u0151en kreativit\u00e1somnak. \u00d6r\u00fclt a lelkem, ha egy hasznos t\u00e1rgy elk\u00e9sz\u00fclt.<\/p>\n<p>Bejczy Em\u0151ke megnyit\u00f3besz\u00e9d\u00e9ben m\u00e9ltatta Bejczy K\u00e1rolyn\u00e9 \/ Magdika\/ pedag\u00f3gusi p\u00e1lyafut\u00e1s\u00e1t. A r\u00e9gi \u00e9s \u00faj k\u00e9zm\u0171ves technik\u00e1k k\u00f6z\u00fcl nagyon sokat megismert, m\u0171veli ma is \u00e9s tudatosan, \u00f6nk\u00e9pz\u00e9ssel fejlesztette mag\u00e1t. Tan\u00edtv\u00e1nyait sok mindenre megtan\u00edtotta, akik szerett\u00e9k \u00e9s \u00e9lvezt\u00e9k azt, amire megtan\u00edtotta \u0151ket. Nem tartja mag\u00e1t m\u0171v\u00e9sznek, csak hobbib\u00f3l k\u00e9zimunk\u00e1z\u00f3nak, viszont ez az alkot\u00f3munka tette \u00e9s teszi szebb\u00e9, var\u00e1zslatosabb\u00e1 jelenleg h\u00e9tk\u00f6znapjait.<\/p>\n<p>Mi is a horgol\u00e1s?<\/p>\n<p>Eredet\u00e9r\u0151l csak te\u00f3ri\u00e1k vannak \u00e9s ezek k\u00f6z\u00fcl a legelterjedtebb n\u00e9zet szerint, K\u00edn\u00e1b\u00f3l sz\u00e1rmazik, de ismert volt T\u00f6r\u00f6korsz\u00e1gban, Indi\u00e1ban, Perzsi\u00e1ban \u00e9s \u00c9szak-Amerik\u00e1ban, majd az 1700-as \u00e9vek t\u00e1j\u00e1n jutott el Eur\u00f3p\u00e1ba. Eredetileg egy kifesz\u00edtett v\u00e1szon alatt vezett\u00e9k el a c\u00e9rn\u00e1t, melyet egy horgas t\u0171vel h\u00faztak \u00e1t az anyagon. A t\u0171t \u00fajra besz\u00fart\u00e1k az anyagba \u00e9s m\u00e9g egy hurkot h\u00faztak fel, melyet az el\u0151z\u0151n \u00e1tvezettek, ezzel l\u00e1ncszemet k\u00e9pezve. A 18. sz\u00e1zadban a v\u00e1sznat elhagyva \u201eleveg\u0151ben\u201d k\u00e9sz\u00edtettek hurkot. A k\u00e9s\u0151bbiek sor\u00e1n elkezd\u0151d\u00f6tt a horgol\u00e1s gyors \u00fctem\u0171 fejl\u0151d\u00e9se. A technika nev\u00e9t a horgas v\u00e9g\u0171 t\u0171 a \u201ehorgol\u00f3t\u0171\u201d adta amivel, a fonalakkal hurkokat, azaz l\u00e1ncszemeket lehet k\u00e9sz\u00edteni.<\/p>\n<p>Napjainkban sz\u00e1mos t\u00e1rgyat k\u00e9sz\u00edtenek horgol\u00e1sos technik\u00e1val k\u00fcl\u00f6nb\u00f6z\u0151 min\u0151s\u00e9g\u0171 \u00e9s vastags\u00e1g\u00fa alapanyagb\u00f3l.<\/p>\n<p>A megnyit\u00f3t a Kantata Domine egy\u00fcttes sz\u00ednvonalas el\u0151ad\u00e1sa tette hangulatoss\u00e1.<\/p>\n<p>&nbsp;<\/p>\n<p>A Baglyasaljai Bar\u00e1ti K\u00f6r nev\u00e9ben:<\/p>\n<p style=\"text-align: right;\">&nbsp;&nbsp;&nbsp;&nbsp;&nbsp;&nbsp;&nbsp;&nbsp;&nbsp;&nbsp;&nbsp;&nbsp;&nbsp;&nbsp;&nbsp;&nbsp;&nbsp;&nbsp;&nbsp;&nbsp;&nbsp;&nbsp;&nbsp;&nbsp;&nbsp;&nbsp;&nbsp;&nbsp;&nbsp;&nbsp;&nbsp;&nbsp;&nbsp;&nbsp;&nbsp;&nbsp;&nbsp;&nbsp;&nbsp; D\u00e9csey Ferencn\u00e9<\/p>\n<p>[ngg_images source=&#8221;galleries&#8221; container_ids=&#8221;280&#8243; display_type=&#8221;photocrati-nextgen_basic_thumbnails&#8221; override_thumbnail_settings=&#8221;1&#8243; thumbnail_width=&#8221;100&#8243; thumbnail_height=&#8221;75&#8243; thumbnail_crop=&#8221;1&#8243; images_per_page=&#8221;0&#8243; number_of_columns=&#8221;0&#8243; ajax_pagination=&#8221;1&#8243; show_all_in_lightbox=&#8221;0&#8243; use_imagebrowser_effect=&#8221;0&#8243; show_slideshow_link=&#8221;0&#8243; slideshow_link_text=&#8221;[Diavet\u00edt\u00e9s]&#8221; order_by=&#8221;filename&#8221; order_direction=&#8221;ASC&#8221; returns=&#8221;included&#8221; maximum_entity_count=&#8221;500&#8243;]<\/p>\n","protected":false},"excerpt":{"rendered":"<p>Kicsi sz\u00ednek, apr\u00f3 bimb\u00f3k &#8211; Egym\u00e1s mell\u00e9 tervezve, Vir\u00e1gos \u00e1g keret\u00e9be M\u0171v\u00e9szi k\u00e9z h\u00edmz\u00e9se. &nbsp; Bejczy K\u00e1rolyn\u00e9 \u201eCsipkevar\u00e1zs\u201d c\u00edm\u0171 ki\u00e1ll\u00edt\u00e1s\u00e1nak megnyit\u00f3j\u00e1ra 2019. j\u00fanius 20-\u00e1n ker\u00fclt sor a Baglyask\u0151 Id\u0151skor\u00faak Otthon\u00e1ban. A ki\u00e1ll\u00edt\u00e1s rendhagy\u00f3nak tekinthet\u0151,&#46;&#46;&#46;<\/p>\n","protected":false},"author":4,"featured_media":0,"comment_status":"open","ping_status":"open","sticky":false,"template":"","format":"standard","meta":{"footnotes":""},"categories":[1],"tags":[],"class_list":["post-10518","post","type-post","status-publish","format-standard","hentry","category-baglyasalja"],"_links":{"self":[{"href":"http:\/\/www.baglyasalja.hu\/baglyas\/index.php?rest_route=\/wp\/v2\/posts\/10518","targetHints":{"allow":["GET"]}}],"collection":[{"href":"http:\/\/www.baglyasalja.hu\/baglyas\/index.php?rest_route=\/wp\/v2\/posts"}],"about":[{"href":"http:\/\/www.baglyasalja.hu\/baglyas\/index.php?rest_route=\/wp\/v2\/types\/post"}],"author":[{"embeddable":true,"href":"http:\/\/www.baglyasalja.hu\/baglyas\/index.php?rest_route=\/wp\/v2\/users\/4"}],"replies":[{"embeddable":true,"href":"http:\/\/www.baglyasalja.hu\/baglyas\/index.php?rest_route=%2Fwp%2Fv2%2Fcomments&post=10518"}],"version-history":[{"count":4,"href":"http:\/\/www.baglyasalja.hu\/baglyas\/index.php?rest_route=\/wp\/v2\/posts\/10518\/revisions"}],"predecessor-version":[{"id":10538,"href":"http:\/\/www.baglyasalja.hu\/baglyas\/index.php?rest_route=\/wp\/v2\/posts\/10518\/revisions\/10538"}],"wp:attachment":[{"href":"http:\/\/www.baglyasalja.hu\/baglyas\/index.php?rest_route=%2Fwp%2Fv2%2Fmedia&parent=10518"}],"wp:term":[{"taxonomy":"category","embeddable":true,"href":"http:\/\/www.baglyasalja.hu\/baglyas\/index.php?rest_route=%2Fwp%2Fv2%2Fcategories&post=10518"},{"taxonomy":"post_tag","embeddable":true,"href":"http:\/\/www.baglyasalja.hu\/baglyas\/index.php?rest_route=%2Fwp%2Fv2%2Ftags&post=10518"}],"curies":[{"name":"wp","href":"https:\/\/api.w.org\/{rel}","templated":true}]}}