{"id":10380,"date":"2019-01-23T23:31:30","date_gmt":"2019-01-23T21:31:30","guid":{"rendered":"http:\/\/www.baglyasalja.hu\/baglyas\/?p=10380"},"modified":"2019-01-23T23:31:30","modified_gmt":"2019-01-23T21:31:30","slug":"baglyasalja-baratainak-kore-talalkozoja","status":"publish","type":"post","link":"http:\/\/www.baglyasalja.hu\/baglyas\/?p=10380","title":{"rendered":"Baglyasalja Bar\u00e1tainak K\u00f6re tal\u00e1lkoz\u00f3ja"},"content":{"rendered":"<p style=\"text-align: center;\">Bagylyasalja Bar\u00e1tainak K\u00f6re 2018. november 30-\u00e1n tartotta a lassan hagyom\u00e1nny\u00e1 v\u00e1l\u00f3 tal\u00e1lkoz\u00f3j\u00e1t, ahova mindig minden tagt\u00e1rsunkat szeretettel v\u00e1rjuk.<\/p>\n<p style=\"text-align: center;\">A tavalyi \u00e9vben is pr\u00f3b\u00e1ltuk megtudakolni, mi \u00e9rdekeln\u00e9 tagjainkat id\u00e9n. Kov\u00e1cs L\u00e1szl\u00f3n\u00e9 besz\u00e1molt a tavalyi \u00e9vben megrendezett programokr\u00f3l \u00e9s eredm\u00e9nyekr\u0151l.<\/p>\n<p style=\"text-align: center;\">Majd egy t\u00e1l \u00e9tel elfogyaszt\u00e1sa ut\u00e1n egym\u00e1ssal besz\u00e9lgettek az emberek \u00e9s mi is meghallgattuk a k\u00fcl\u00f6nb\u00f6z\u0151 v\u00e9lem\u00e9nyeket a munk\u00e1nkkal kapcsolatosan.<\/p>\n<p style=\"text-align: center;\">Ez\u00e1ltal tudunk fejl\u0151dni \u00e9s \u00faj programokat ki tal\u00e1lni.<\/p>\n<p style=\"text-align: center;\">T\u00e1mogat\u00f3ink most is voltak ez\u00faton is k\u00f6sz\u00f6nj\u00fck nekik a seg\u00edts\u00e9get.<\/p>\n<p style=\"text-align: right;\">H\u00e1romn\u00e9 H\u00eddv\u00e9gi Andrea<\/p>\n<p>[ngg_images source=&#8221;galleries&#8221; container_ids=&#8221;274&#8243; display_type=&#8221;photocrati-nextgen_basic_thumbnails&#8221; override_thumbnail_settings=&#8221;0&#8243; thumbnail_width=&#8221;100&#8243; thumbnail_height=&#8221;75&#8243; thumbnail_crop=&#8221;1&#8243; images_per_page=&#8221;0&#8243; number_of_columns=&#8221;0&#8243; ajax_pagination=&#8221;1&#8243; show_all_in_lightbox=&#8221;0&#8243; use_imagebrowser_effect=&#8221;0&#8243; show_slideshow_link=&#8221;0&#8243; slideshow_link_text=&#8221;[Diavet\u00edt\u00e9s]&#8221; order_by=&#8221;filename&#8221; order_direction=&#8221;ASC&#8221; returns=&#8221;included&#8221; maximum_entity_count=&#8221;500&#8243;]<\/p>\n","protected":false},"excerpt":{"rendered":"<p>Bagylyasalja Bar\u00e1tainak K\u00f6re 2018. november 30-\u00e1n tartotta a lassan hagyom\u00e1nny\u00e1 v\u00e1l\u00f3 tal\u00e1lkoz\u00f3j\u00e1t, ahova mindig minden tagt\u00e1rsunkat szeretettel v\u00e1rjuk. A tavalyi \u00e9vben is pr\u00f3b\u00e1ltuk megtudakolni, mi \u00e9rdekeln\u00e9 tagjainkat id\u00e9n. Kov\u00e1cs L\u00e1szl\u00f3n\u00e9 besz\u00e1molt a tavalyi \u00e9vben&#46;&#46;&#46;<\/p>\n","protected":false},"author":4,"featured_media":0,"comment_status":"open","ping_status":"open","sticky":false,"template":"","format":"standard","meta":{"footnotes":""},"categories":[1],"tags":[],"class_list":["post-10380","post","type-post","status-publish","format-standard","hentry","category-baglyasalja"],"_links":{"self":[{"href":"http:\/\/www.baglyasalja.hu\/baglyas\/index.php?rest_route=\/wp\/v2\/posts\/10380","targetHints":{"allow":["GET"]}}],"collection":[{"href":"http:\/\/www.baglyasalja.hu\/baglyas\/index.php?rest_route=\/wp\/v2\/posts"}],"about":[{"href":"http:\/\/www.baglyasalja.hu\/baglyas\/index.php?rest_route=\/wp\/v2\/types\/post"}],"author":[{"embeddable":true,"href":"http:\/\/www.baglyasalja.hu\/baglyas\/index.php?rest_route=\/wp\/v2\/users\/4"}],"replies":[{"embeddable":true,"href":"http:\/\/www.baglyasalja.hu\/baglyas\/index.php?rest_route=%2Fwp%2Fv2%2Fcomments&post=10380"}],"version-history":[{"count":3,"href":"http:\/\/www.baglyasalja.hu\/baglyas\/index.php?rest_route=\/wp\/v2\/posts\/10380\/revisions"}],"predecessor-version":[{"id":10395,"href":"http:\/\/www.baglyasalja.hu\/baglyas\/index.php?rest_route=\/wp\/v2\/posts\/10380\/revisions\/10395"}],"wp:attachment":[{"href":"http:\/\/www.baglyasalja.hu\/baglyas\/index.php?rest_route=%2Fwp%2Fv2%2Fmedia&parent=10380"}],"wp:term":[{"taxonomy":"category","embeddable":true,"href":"http:\/\/www.baglyasalja.hu\/baglyas\/index.php?rest_route=%2Fwp%2Fv2%2Fcategories&post=10380"},{"taxonomy":"post_tag","embeddable":true,"href":"http:\/\/www.baglyasalja.hu\/baglyas\/index.php?rest_route=%2Fwp%2Fv2%2Ftags&post=10380"}],"curies":[{"name":"wp","href":"https:\/\/api.w.org\/{rel}","templated":true}]}}